{"id":293865,"date":"2026-09-06T06:59:15","date_gmt":"2026-09-06T06:59:15","guid":{"rendered":"https:\/\/www.europesays.com\/ch-fr\/293865\/"},"modified":"2026-09-06T06:59:15","modified_gmt":"2026-09-06T06:59:15","slug":"un-match-interrompu-a-cause-du-comportement-de-supporters","status":"publish","type":"post","link":"https:\/\/www.europesays.com\/ch-fr\/293865\/","title":{"rendered":"Un match interrompu \u00e0 cause du comportement de supporters"},"content":{"rendered":"<p class=\"wysiwyg-h2\">Le match de championnat des Pays-Bas Utrecht-Go Ahead Eagles a \u00e9t\u00e9 d\u00e9finitivement interrompu samedi apr\u00e8s des tirs de feux d&rsquo;artifice et des jets de gobelets sur la pelouse.<\/p>\n<p>Cette partie sera termin\u00e9e mardi apr\u00e8s-midi \u00e0 huis clos, a pr\u00e9cis\u00e9 l&rsquo;Eredivisie, la premi\u00e8re division n\u00e9erlandaise.<\/p>\n<p>Les Go Ahead Eagles menaient 3-1 au moment o\u00f9 les deux \u00e9quipes ont \u00e9t\u00e9 renvoy\u00e9es aux vestiaires. L&rsquo;arbitre a d&rsquo;abord interrompu le jeu apr\u00e8s les tirs de feux d&rsquo;artifice vers le terrain, puis a fait reprendre la partie. Mais des supporters ont alors jet\u00e9 leurs gobelets sur la pelouse, provoquant l&rsquo;arr\u00eat d\u00e9finitif du match.<\/p>\n<p>Le FC Utrecht a publi\u00e9 un message pour se dissocier des supporters fautifs. &lsquo;Ce qui devait \u00eatre une belle soir\u00e9e de football se termine de cette fa\u00e7on terrible. En particulier, le jet de feux d&rsquo;artifice en direction du terrain est inacceptable et met en danger les joueurs, les employ\u00e9s et les supporters&rsquo;, a d\u00e9clar\u00e9 le directeur g\u00e9n\u00e9ral du club, Edo Keuning. &lsquo;Nous disposons d&rsquo;images et nous ferons tout notre possible pour identifier les auteurs et prendre des mesures appropri\u00e9es&rsquo;, a-t-il ajout\u00e9.<\/p>\n<p> \/ATS<\/p>\n","protected":false},"excerpt":{"rendered":"Le match de championnat des Pays-Bas Utrecht-Go Ahead Eagles a \u00e9t\u00e9 d\u00e9finitivement interrompu samedi apr\u00e8s des tirs de&hellip;\n","protected":false},"author":2,"featured_media":293866,"comment_status":"","ping_status":"","sticky":false,"template":"","format":"standard","meta":{"footnotes":"","_share_on_mastodon":"0"},"categories":[4],"tags":[22,121,124,128,119,122,123,118,136,132,131,133,130,21,135,120,126,117,125,114,115,116,23,129,127,134],"class_list":["post-293865","post","type-post","status-publish","format-standard","has-post-thumbnail","category-actualites","tag-actualites","tag-ajoie","tag-animation","tag-bienne","tag-delemont","tag-franches-montagnes","tag-frequence","tag-jura","tag-jura-bernois","tag-la-chaux-de-fonds","tag-moutier","tag-neuchatel","tag-neuveville","tag-news","tag-payerne","tag-porrentruy","tag-publicite","tag-radio","tag-redaction","tag-rfj","tag-rjb","tag-rtn","tag-suisse","tag-tavannes","tag-vallon-de-st-imier","tag-yverdon"],"share_on_mastodon":{"url":"https:\/\/pubeurope.com\/@ch_fr\/117222805740768836","error":""},"_links":{"self":[{"href":"https:\/\/www.europesays.com\/ch-fr\/wp-json\/wp\/v2\/posts\/293865","targetHints":{"allow":["GET"]}}],"collection":[{"href":"https:\/\/www.europesays.com\/ch-fr\/wp-json\/wp\/v2\/posts"}],"about":[{"href":"https:\/\/www.europesays.com\/ch-fr\/wp-json\/wp\/v2\/types\/post"}],"author":[{"embeddable":true,"href":"https:\/\/www.europesays.com\/ch-fr\/wp-json\/wp\/v2\/users\/2"}],"replies":[{"embeddable":true,"href":"https:\/\/www.europesays.com\/ch-fr\/wp-json\/wp\/v2\/comments?post=293865"}],"version-history":[{"count":0,"href":"https:\/\/www.europesays.com\/ch-fr\/wp-json\/wp\/v2\/posts\/293865\/revisions"}],"wp:featuredmedia":[{"embeddable":true,"href":"https:\/\/www.europesays.com\/ch-fr\/wp-json\/wp\/v2\/media\/293866"}],"wp:attachment":[{"href":"https:\/\/www.europesays.com\/ch-fr\/wp-json\/wp\/v2\/media?parent=293865"}],"wp:term":[{"taxonomy":"category","embeddable":true,"href":"https:\/\/www.europesays.com\/ch-fr\/wp-json\/wp\/v2\/categories?post=293865"},{"taxonomy":"post_tag","embeddable":true,"href":"https:\/\/www.europesays.com\/ch-fr\/wp-json\/wp\/v2\/tags?post=293865"}],"curies":[{"name":"wp","href":"https:\/\/api.w.org\/{rel}","templated":true}]}}