{"id":293871,"date":"2026-09-06T07:08:16","date_gmt":"2026-09-06T07:08:16","guid":{"rendered":"https:\/\/www.europesays.com\/ch-fr\/293871\/"},"modified":"2026-09-06T07:08:16","modified_gmt":"2026-09-06T07:08:16","slug":"video-revivez-le-concert-tres-energique-de-mika-a-la-foire-de-chalons","status":"publish","type":"post","link":"https:\/\/www.europesays.com\/ch-fr\/293871\/","title":{"rendered":"Vid\u00e9o. Revivez le concert tr\u00e8s \u00e9nergique de Mika \u00e0 la Foire de Ch\u00e2lons"},"content":{"rendered":"\n<p>\u00ab\u00a0Putain, on a envie de faire la f\u00eate, et si on a envie de faire la f\u00eate, c\u2019est bien dans cette r\u00e9gion\u00a0\u00bb, hurle l\u2019idole tant attendue de son public champenois. Pour l\u2019une de ses derni\u00e8res dates de sa tourn\u00e9e, Mika a fait son grand retour devant le public de <a href=\"https:\/\/www.lunion.fr\/id825859\/article\/2026-09-03\/video-feu-chatterton-charme-la-foire-de-chalons\" target=\"_blank\" rel=\"nofollow noopener\">Foire en Sc\u00e8ne<\/a> ce samedi 5 septembre 2026. Il \u00e9tait pr\u00e9c\u00e9d\u00e9 de Madeleine, chanteuse d\u2019\u00e9lectropop et altiste sparnacienne, particuli\u00e8rement \u00e9mue de \u00ab\u00a0chanter \u00e0 la maison\u00a0\u00bb et ce, devant le public de Mika.<\/p>\n<p>&#13;<br \/>\n&#13;<\/p>\n<p>&#13;<br \/>\n&#13;<\/p>\n<p>\n  <img decoding=\"async\" data-copyright=\"R\u00e9mi Wafflart.\" class=\"r-img\"  typeof=\"foaf:Image\" src=\"https:\/\/www.europesays.com\/ch-fr\/wp-content\/uploads\/2026\/09\/100417491.jpeg\" alt=\"La Sparnacienne Madeleine a s\u00e9duit le public lors de sa premi\u00e8re partie avec son alto.\"\/>La Sparnacienne Madeleine a s\u00e9duit le public lors de sa premi\u00e8re partie avec son alto. &#8211; R\u00e9mi Wafflart.\n<\/p>\n<p>C\u2019est une v\u00e9ritable pile \u00e9lectrique qui a d\u00e9barqu\u00e9 sur la sc\u00e8ne champenoise vers 20 h 30. Sous les hurlements d\u2019un public en folie, Mika a pr\u00e9sent\u00e9 sc\u00e9nographie et tenues hautes en couleur. Troquant volontiers son micro pour un m\u00e9gaphone et interpr\u00e9ter Grace Kelly, Mika n\u2019a pas l\u00e9sin\u00e9 pour se pr\u00e9senter devant le public chalonnais. Durant son concert, le chanteur a altern\u00e9 danse, discussion avec la foule et chansons.<\/p>\n<p>&#13;<br \/>\n&#13;<\/p>\n<p>\n  <img decoding=\"async\" data-copyright=\"Remi Wafflart\" class=\"r-img\"  typeof=\"foaf:Image\" src=\"https:\/\/www.europesays.com\/ch-fr\/wp-content\/uploads\/2026\/09\/100444029.jpeg\" alt=\"Le chanteur a pass\u00e9 l\u2019int\u00e9gralit\u00e9 du concert \u00e0 entretenir le dialogue avec son public.\"\/>Le chanteur a pass\u00e9 l\u2019int\u00e9gralit\u00e9 du concert \u00e0 entretenir le dialogue avec son public. &#8211; Remi Wafflart\n<\/p>\n<p>\n  <img decoding=\"async\" data-copyright=\"R\u00e9mi Wafflart\" class=\"r-img\"  typeof=\"foaf:Image\" src=\"https:\/\/www.europesays.com\/ch-fr\/wp-content\/uploads\/2026\/09\/100444488.jpeg\" alt=\"Durant le concert, Mika a altern\u00e9 entre chansons et discussions.\"\/>Durant le concert, Mika a altern\u00e9 entre chansons et discussions. &#8211; R\u00e9mi Wafflart\n<\/p>\n<p>\u00c0 chaque musique, le public crie comme si c\u2019\u00e9tait la musique qu\u2019il attendait. Et c\u2019est le cas. Devant celui qui poss\u00e8de chaque centim\u00e8tre de la sc\u00e8ne, les flashs des t\u00e9l\u00e9phones s\u2019allument et le public chante par c\u0153ur. Ce qui est s\u00fbr, c\u2019est qu\u2019ils ne seront pas nombreux au petit matin \u00e0 avoir encore de la voix.<\/p>\n<p>&#13;<br \/>\n&#13;<\/p>\n<p>&#13;<br \/>\n&#13;<\/p>\n<p>&#13;<br \/>\n&#13;<\/p>\n<p>&#13;<br \/>\n&#13;<\/p>\n<p>\n  <img decoding=\"async\" data-copyright=\"Alexis Bouzin\" class=\"r-img\"  typeof=\"foaf:Image\" src=\"https:\/\/www.europesays.com\/ch-fr\/wp-content\/uploads\/2026\/09\/100451501.jpeg\" alt=\"Alors qu\u2019il interpr\u00e9tait Grace Kelly, Mika a \u00e9t\u00e9 accompagn\u00e9 d\u2019un m\u00e9gaphone g\u00e9ant.\"\/>Alors qu\u2019il interpr\u00e9tait Grace Kelly, Mika a \u00e9t\u00e9 accompagn\u00e9 d\u2019un m\u00e9gaphone g\u00e9ant. &#8211; Alexis Bouzin\n<\/p>\n<p>Un Mika au plus proche de son public<\/p>\n<p>\n  <img decoding=\"async\" data-copyright=\"Remi Wafflart\" class=\"r-img\"  typeof=\"foaf:Image\" src=\"https:\/\/www.europesays.com\/ch-fr\/wp-content\/uploads\/2026\/09\/100444032.jpeg\" alt=\"Mika est descendu de sc\u00e8ne et a rejoint le public pour interpr\u00e9ter Big Girl.\"\/>Mika est descendu de sc\u00e8ne et a rejoint le public pour interpr\u00e9ter Big Girl. &#8211; Remi Wafflart\n<\/p>\n<p>\n  <img decoding=\"async\" data-copyright=\"Remi Wafflart\" class=\"r-img\"  typeof=\"foaf:Image\" src=\"https:\/\/www.europesays.com\/ch-fr\/wp-content\/uploads\/2026\/09\/100457983.jpeg\" alt=\"Mika a pris son temps dans la fosse qu\u2019il a travers\u00e9 en entier.\"\/>Mika a pris son temps dans la fosse qu\u2019il a travers\u00e9 en entier. &#8211; Remi Wafflart\n<\/p>\n<p>Avant m\u00eame de chanter sa troisi\u00e8me chanson, il aura fallu un changement de tenue et surtout, moins de dix minutes pour que l\u2019idole descende de la sc\u00e8ne pour se joindre \u00e0 la fosse en chantant Big Girl. Et pour une communion avec son public, Mika n\u2019a pas fait les choses \u00e0 moiti\u00e9, traversant la foule, il s\u2019est enfonc\u00e9 au plus loin de la sc\u00e8ne, satisfaisant m\u00eame ceux qui ne le voyaient que de loin au d\u00e9but du concert.<\/p>\n<p>\n  <img decoding=\"async\" data-copyright=\"R\u00e9mi Wafflart.\" class=\"r-img\"  typeof=\"foaf:Image\" src=\"https:\/\/www.europesays.com\/ch-fr\/wp-content\/uploads\/2026\/09\/100444762.jpeg\" alt=\"Le concert de Mika \u00e9tait aussi l\u2019occasion pour les fans de faire valoir leurs talents artistiques gr\u00e2ce aux pancartes.\"\/>Le concert de Mika \u00e9tait aussi l\u2019occasion pour les fans de faire valoir leurs talents artistiques gr\u00e2ce aux pancartes. &#8211; R\u00e9mi Wafflart.\n<\/p>\n<p>Depuis la sc\u00e8ne, le chanteur cherche son public, et notamment \u00ab\u00a0les g\u00e9antes et les g\u00e9ants, des personnes sur les \u00e9paules d\u2019autres personnes\u00a0\u00bb qui apparaissent de plus en plus. Synonyme de concert d\u2019\u00e9t\u00e9 pour l\u2019artiste, il cherche aussi les pancartes. Et il y en avait beaucoup. Parmi elles, il y avait \u00ab\u00a0Merci d\u2019\u00eatre mon good guy\u00a0\u00bb, des drapeaux LGBT et des c\u0153urs.<\/p>\n<p>&#13;<br \/>\n&#13;<\/p>\n<p>&#13;<br \/>\n&#13;<\/p>\n<p>&#13;<br \/>\n&#13;<\/p>\n<p>\n  <img decoding=\"async\" data-copyright=\"R\u00e9mi Wafflart\" class=\"r-img\"  typeof=\"foaf:Image\" src=\"https:\/\/www.europesays.com\/ch-fr\/wp-content\/uploads\/2026\/09\/100444514.jpeg\" alt=\"Au d\u00e9but de son concert, Mika a cherch\u00e9 les \u00ab\u00a0g\u00e9antes et g\u00e9ants\u00a0\u00bb sur les \u00e9paules des autres.\"\/>Au d\u00e9but de son concert, Mika a cherch\u00e9 les \u00ab\u00a0g\u00e9antes et g\u00e9ants\u00a0\u00bb sur les \u00e9paules des autres. &#8211; R\u00e9mi Wafflart\n<\/p>\n<p>\n  <img decoding=\"async\" data-copyright=\"R\u00e9mi Wafflart\" class=\"r-img\"  typeof=\"foaf:Image\" src=\"https:\/\/www.europesays.com\/ch-fr\/wp-content\/uploads\/2026\/09\/100444747.jpeg\" alt=\"RWA_9994.jpeg\"\/>R\u00e9mi Wafflart\n<\/p>\n<p>Au plus proche de la sc\u00e8ne, il suffit de demander \u00e0 ses fans pour savoir qu\u2019elles attendent un Mika \u00ab\u00a0proche du public, et beaucoup d\u2019interactions comme d\u2019habitude\u00a0\u00bb. Il faut dire qu\u2019Elsa, Am\u00e9lie et Adeline ne viennent pas voir leur idole pour la premi\u00e8re fois. Elles ont m\u00eame fait des tee-shirts pour l\u2019occasion. Des fans qui n\u2019ont pas \u00e9t\u00e9 d\u00e9\u00e7ues puisque tr\u00e8s vite, apr\u00e8s sa premi\u00e8re musique, Mika entame une conversation avec son public, qui ne s\u2019est achev\u00e9e qu\u2019au bout de la cinqui\u00e8me tenue \u00e0 22 h 15 heures.<\/p>\n","protected":false},"excerpt":{"rendered":"\u00ab\u00a0Putain, on a envie de faire la f\u00eate, et si on a envie de faire la f\u00eate, c\u2019est&hellip;\n","protected":false},"author":2,"featured_media":293872,"comment_status":"","ping_status":"","sticky":false,"template":"","format":"standard","meta":{"footnotes":"","_share_on_mastodon":"0"},"categories":[12],"tags":[62252,113,112,140,141,23],"class_list":["post-293871","post","type-post","status-publish","format-standard","has-post-thumbnail","category-musique","tag-concerts-foire-de-chu00e2lons","tag-divertissement","tag-entertainment","tag-music","tag-musique","tag-suisse"],"share_on_mastodon":{"url":"https:\/\/pubeurope.com\/@ch_fr\/117222841277522821","error":""},"_links":{"self":[{"href":"https:\/\/www.europesays.com\/ch-fr\/wp-json\/wp\/v2\/posts\/293871","targetHints":{"allow":["GET"]}}],"collection":[{"href":"https:\/\/www.europesays.com\/ch-fr\/wp-json\/wp\/v2\/posts"}],"about":[{"href":"https:\/\/www.europesays.com\/ch-fr\/wp-json\/wp\/v2\/types\/post"}],"author":[{"embeddable":true,"href":"https:\/\/www.europesays.com\/ch-fr\/wp-json\/wp\/v2\/users\/2"}],"replies":[{"embeddable":true,"href":"https:\/\/www.europesays.com\/ch-fr\/wp-json\/wp\/v2\/comments?post=293871"}],"version-history":[{"count":0,"href":"https:\/\/www.europesays.com\/ch-fr\/wp-json\/wp\/v2\/posts\/293871\/revisions"}],"wp:featuredmedia":[{"embeddable":true,"href":"https:\/\/www.europesays.com\/ch-fr\/wp-json\/wp\/v2\/media\/293872"}],"wp:attachment":[{"href":"https:\/\/www.europesays.com\/ch-fr\/wp-json\/wp\/v2\/media?parent=293871"}],"wp:term":[{"taxonomy":"category","embeddable":true,"href":"https:\/\/www.europesays.com\/ch-fr\/wp-json\/wp\/v2\/categories?post=293871"},{"taxonomy":"post_tag","embeddable":true,"href":"https:\/\/www.europesays.com\/ch-fr\/wp-json\/wp\/v2\/tags?post=293871"}],"curies":[{"name":"wp","href":"https:\/\/api.w.org\/{rel}","templated":true}]}}