{"id":293907,"date":"2026-09-06T07:37:10","date_gmt":"2026-09-06T07:37:10","guid":{"rendered":"https:\/\/www.europesays.com\/ch-fr\/293907\/"},"modified":"2026-09-06T07:37:10","modified_gmt":"2026-09-06T07:37:10","slug":"super-league-lausanne-battu-3-1-a-vaduz-5e-match-sans-succes-2","status":"publish","type":"post","link":"https:\/\/www.europesays.com\/ch-fr\/293907\/","title":{"rendered":"Super League : Lausanne battu 3-1 \u00e0 Vaduz, 5e match sans succ\u00e8s"},"content":{"rendered":"<p>Lausanne ne gagne plus. Oppos\u00e9s \u00e0 Vaduz pour le compte de la 7e journ\u00e9e de Super League, les Vaudois se sont inclin\u00e9s 3-1 au Liechtenstein. Lausanne n&rsquo;a plus gagn\u00e9 en championnat depuis 5 matches (3 nuls et 3 d\u00e9faites).<\/p>\n<p>Les hommes de Luka Elsner ont \u00e9t\u00e9 domin\u00e9s par les Liechtensteinois tout au long de la rencontre. Ils ont ainsi conc\u00e9d\u00e9 l&rsquo;ouverture du score \u00e0 la 19e via une r\u00e9ussite de Lufti Dalipi.<\/p>\n<p>Certes, ils ont rapidement r\u00e9agi en \u00e9galisant gr\u00e2ce \u00e0 Levy Nene 4 minutes plus tard. Mais sup\u00e9rieurs, les n\u00e9o-promus ont fini par faire la diff\u00e9rence en deuxi\u00e8me mi-temps. Tout d&rsquo;abord sur une r\u00e9ussite de Milos Cocic \u00e0 la 53e puis sur un pion de Juan Cabrera 7 minutes plus tard sur une erreur du portier lausannois Melvin Mastil.<\/p>\n<p>L&rsquo;homme du match a incontestablement \u00e9t\u00e9 le Fribourgeois Dalipi. Apr\u00e8s avoir ouvert le score, c&rsquo;est lui qui a \u00e9t\u00e9 \u00e0 l&rsquo;origine des deux passes d\u00e9cisives pour le 2-1 et le 3-1. En 10 matches, il a d\u00e9j\u00e0 inscrit 4 buts et d\u00e9livr\u00e9 7 passes d\u00e9cisives.<\/p>\n<p>YB obtient le nul \u00e0 la 88e<\/p>\n<p>Une nouvelle fois cette saison, le Wankdorf a \u00e9t\u00e9 le th\u00e9\u00e2tre d&rsquo;un festival de buts, notamment gr\u00e2ce \u00e0 une spectaculaire deuxi\u00e8me mi-temps. Revenu des vestiaires en menant 1-0, YB s&rsquo;est retrouv\u00e9 men\u00e9 2-1 \u00e0 la 49e suite \u00e0 un doubl\u00e9 d&rsquo;Andrejs Ciganiks (47e\/49e), \u00e0 chaque fois servi sur son c\u00f4t\u00e9 gauche par Daniel Mikolajewski.<\/p>\n<p>Les Bernois ont r\u00e9pliqu\u00e9 trois minutes plus tard par l&rsquo;in\u00e9vitable Samuel Essende, \u00e9galement auteur d&rsquo;un doubl\u00e9 (14e\/52e). Les Lucernois ont repris le contr\u00f4le de la partie sur un penalty conc\u00e9d\u00e9 par Dominik Pech puis transform\u00e9 par Matteo Di Giusto (65e).<\/p>\n<p>Les prot\u00e9g\u00e9s de Gerardo Seoane n&rsquo;ont cependant pas rendu les armes, et ont fini par \u00e9galiser au bout du temps r\u00e9glementaire par Kaly S\u00e8ne \u00e0 la 88e. Toujours invaincu cette saison, YB reprend provisoirement la t\u00eate du classement \u00e0 Lugano gr\u00e2ce \u00e0 la diff\u00e9rence de buts, mais les Tessinois comptent deux matches de moins.<\/p>\n<p class=\"sources\">pza avec ats<\/p>\n","protected":false},"excerpt":{"rendered":"Lausanne ne gagne plus. Oppos\u00e9s \u00e0 Vaduz pour le compte de la 7e journ\u00e9e de Super League, les&hellip;\n","protected":false},"author":2,"featured_media":293908,"comment_status":"","ping_status":"","sticky":false,"template":"","format":"standard","meta":{"footnotes":"","_share_on_mastodon":"0"},"categories":[19],"tags":[354,1009,1656,182,177,904,466,186,916,23,188,33455,63986],"class_list":["post-293907","post","type-post","status-publish","format-standard","has-post-thumbnail","category-lausanne","tag-canton-de-vaud","tag-competition-sportive","tag-district-de-lausanne","tag-football","tag-lausanne","tag-liechtenstein","tag-rts-sport","tag-sport","tag-succes","tag-suisse","tag-super-league","tag-vaduz","tag-vaduz-lausanne"],"share_on_mastodon":{"url":"https:\/\/pubeurope.com\/@ch_fr\/117222955276551017","error":""},"_links":{"self":[{"href":"https:\/\/www.europesays.com\/ch-fr\/wp-json\/wp\/v2\/posts\/293907","targetHints":{"allow":["GET"]}}],"collection":[{"href":"https:\/\/www.europesays.com\/ch-fr\/wp-json\/wp\/v2\/posts"}],"about":[{"href":"https:\/\/www.europesays.com\/ch-fr\/wp-json\/wp\/v2\/types\/post"}],"author":[{"embeddable":true,"href":"https:\/\/www.europesays.com\/ch-fr\/wp-json\/wp\/v2\/users\/2"}],"replies":[{"embeddable":true,"href":"https:\/\/www.europesays.com\/ch-fr\/wp-json\/wp\/v2\/comments?post=293907"}],"version-history":[{"count":0,"href":"https:\/\/www.europesays.com\/ch-fr\/wp-json\/wp\/v2\/posts\/293907\/revisions"}],"wp:featuredmedia":[{"embeddable":true,"href":"https:\/\/www.europesays.com\/ch-fr\/wp-json\/wp\/v2\/media\/293908"}],"wp:attachment":[{"href":"https:\/\/www.europesays.com\/ch-fr\/wp-json\/wp\/v2\/media?parent=293907"}],"wp:term":[{"taxonomy":"category","embeddable":true,"href":"https:\/\/www.europesays.com\/ch-fr\/wp-json\/wp\/v2\/categories?post=293907"},{"taxonomy":"post_tag","embeddable":true,"href":"https:\/\/www.europesays.com\/ch-fr\/wp-json\/wp\/v2\/tags?post=293907"}],"curies":[{"name":"wp","href":"https:\/\/api.w.org\/{rel}","templated":true}]}}