{"id":293931,"date":"2026-09-06T07:58:22","date_gmt":"2026-09-06T07:58:22","guid":{"rendered":"https:\/\/www.europesays.com\/ch-fr\/293931\/"},"modified":"2026-09-06T07:58:22","modified_gmt":"2026-09-06T07:58:22","slug":"composition-du-match-grasshopper-fc-zurich","status":"publish","type":"post","link":"https:\/\/www.europesays.com\/ch-fr\/293931\/","title":{"rendered":"Composition du match Grasshopper \u2013 FC Z\u00fcrich"},"content":{"rendered":"<p>Retrouvez sur cette page la composition du match Grasshopper \u2013 FC Z\u00fcrich en Super League suisse comptant pour Tour 7 &#8211; Match aller, le samedi 05-09-2026, ainsi que les rempla\u00e7ants et les joueurs absents. Grasshopper \u00e9volue en 4-3-3 sous la conduite de Abrashi tandis que FC Z\u00fcrich se pr\u00e9sente en 4-1-4-1 sous la conduite de Kamberi. Grasshopper est dirig\u00e9 par Peter Zeidler, FC Z\u00fcrich par Marcel Koller. La rencontre se d\u00e9roule au stade Letzigrund Stadion.<\/p>\n","protected":false},"excerpt":{"rendered":"Retrouvez sur cette page la composition du match Grasshopper \u2013 FC Z\u00fcrich en Super League suisse comptant pour&hellip;\n","protected":false},"author":2,"featured_media":293932,"comment_status":"","ping_status":"","sticky":false,"template":"","format":"standard","meta":{"footnotes":"","_share_on_mastodon":"0"},"categories":[16],"tags":[32826,32827,64143,64144,32835,32834,32831,182,32832,64147,64145,64146,23,32833,32],"class_list":["post-293931","post","type-post","status-publish","format-standard","has-post-thumbnail","category-zurich","tag-composition-de-fc-zurich","tag-composition-de-grasshopper","tag-composition-du-match-grasshopper-fc-zurich","tag-composition-grasshopper-fc-zurich","tag-composition-match","tag-compositions-super-league-suisse","tag-fc-zurich-vs-grasshopper","tag-football","tag-grasshopper-vs-fc-zurich","tag-numeros-de-maillot-grasshopper-vs-fc-zurich","tag-onze-de-depart-grasshopper-vs-fc-zurich","tag-remplacants-grasshopper-vs-fc-zurich","tag-suisse","tag-super-league-suisse","tag-zurich"],"share_on_mastodon":{"url":"https:\/\/pubeurope.com\/@ch_fr\/117223038138875554","error":""},"_links":{"self":[{"href":"https:\/\/www.europesays.com\/ch-fr\/wp-json\/wp\/v2\/posts\/293931","targetHints":{"allow":["GET"]}}],"collection":[{"href":"https:\/\/www.europesays.com\/ch-fr\/wp-json\/wp\/v2\/posts"}],"about":[{"href":"https:\/\/www.europesays.com\/ch-fr\/wp-json\/wp\/v2\/types\/post"}],"author":[{"embeddable":true,"href":"https:\/\/www.europesays.com\/ch-fr\/wp-json\/wp\/v2\/users\/2"}],"replies":[{"embeddable":true,"href":"https:\/\/www.europesays.com\/ch-fr\/wp-json\/wp\/v2\/comments?post=293931"}],"version-history":[{"count":0,"href":"https:\/\/www.europesays.com\/ch-fr\/wp-json\/wp\/v2\/posts\/293931\/revisions"}],"wp:featuredmedia":[{"embeddable":true,"href":"https:\/\/www.europesays.com\/ch-fr\/wp-json\/wp\/v2\/media\/293932"}],"wp:attachment":[{"href":"https:\/\/www.europesays.com\/ch-fr\/wp-json\/wp\/v2\/media?parent=293931"}],"wp:term":[{"taxonomy":"category","embeddable":true,"href":"https:\/\/www.europesays.com\/ch-fr\/wp-json\/wp\/v2\/categories?post=293931"},{"taxonomy":"post_tag","embeddable":true,"href":"https:\/\/www.europesays.com\/ch-fr\/wp-json\/wp\/v2\/tags?post=293931"}],"curies":[{"name":"wp","href":"https:\/\/api.w.org\/{rel}","templated":true}]}}