{"id":293939,"date":"2026-09-06T08:05:07","date_gmt":"2026-09-06T08:05:07","guid":{"rendered":"https:\/\/www.europesays.com\/ch-fr\/293939\/"},"modified":"2026-09-06T08:05:07","modified_gmt":"2026-09-06T08:05:07","slug":"ce-secret-du-the-vert-pourrait-bien-aider-votre-cerveau-a-mieux-resister-au-vieillissement","status":"publish","type":"post","link":"https:\/\/www.europesays.com\/ch-fr\/293939\/","title":{"rendered":"Ce secret du th\u00e9 vert pourrait bien aider votre cerveau \u00e0 mieux r\u00e9sister au vieillissement"},"content":{"rendered":"<p>Avec l&rsquo;\u00e2ge, le cerveau subit des modifications structurelles, telles que l&rsquo;apparition de l\u00e9sions de la substance blanche, souvent associ\u00e9es au d\u00e9clin cognitif et \u00e0 des maladies comme la <a href=\"https:\/\/www.futura-sciences.com\/sante\/questions-reponses\/cerveau-maladie-alzheimer-elle-hereditaire-17488\/\" title=\"La maladie d&#039;Alzheimer est-elle h\u00e9r\u00e9ditaire ?\" rel=\"nofollow noopener\" target=\"_blank\">d\u00e9mence<\/a>.<\/p>\n<p>Bien que <a href=\"https:\/\/www.futura-sciences.com\/sante\/actualites\/nutrition-moins-calories-vivre-plus-longtemps-70633\/\" title=\"Moins de calories pour vivre plus longtemps ?\" rel=\"nofollow noopener\" target=\"_blank\">l\u2019alimentation<\/a> puisse influencer ces processus, certaines boissons comme le th\u00e9 vert attirent l&rsquo;attention des chercheurs pour leurs bienfaits potentiels sur la sant\u00e9 c\u00e9r\u00e9brale. Une r\u00e9cente \u00e9tude japonaise publi\u00e9e dans <a href=\"https:\/\/www.nature.com\/articles\/s41538-024-00364-w\" title=\"Green tea consumption and cerebral white matter lesions in community-dwelling older adults without dementia\" rel=\"nofollow noopener\" target=\"_blank\">Nature<\/a> a r\u00e9v\u00e9l\u00e9 des liens prometteurs entre la consommation r\u00e9guli\u00e8re de th\u00e9 vert et une r\u00e9duction de ces l\u00e9sions.<\/p>\n<p>Les bienfaits sp\u00e9cifiques du th\u00e9 vert sur le cerveau<\/p>\n<p>Le th\u00e9 vert, consomm\u00e9 r\u00e9guli\u00e8rement, contient des cat\u00e9chines, des compos\u00e9s antioxydants aux propri\u00e9t\u00e9s <a href=\"https:\/\/www.futura-sciences.com\/sante\/definitions\/medecine-anti-inflammatoire-3749\/\" rel=\"nofollow noopener\" target=\"_blank\">anti-inflammatoires<\/a>. Ces <a href=\"https:\/\/www.futura-sciences.com\/sciences\/definitions\/chimie-molecule-783\/\" rel=\"nofollow noopener\" target=\"_blank\">mol\u00e9cules<\/a> agissent directement sur les vaisseaux sanguins et les cellules nerveuses, contribuant \u00e0 limiter les dommages caus\u00e9s par le <a href=\"https:\/\/www.futura-sciences.com\/sante\/definitions\/biologie-stress-oxydatif-15156\/\" rel=\"nofollow noopener\" target=\"_blank\">stress oxydatif<\/a>.<\/p>\n<p>Dans l&rsquo;\u00e9tude men\u00e9e au Japon, les participants qui buvaient au moins trois tasses de th\u00e9 vert par jour pr\u00e9sentaient une diminution notable des l\u00e9sions de la substance blanche par rapport \u00e0 ceux en consommant moins.<\/p>\n<p>\n            <img decoding=\"async\" data-imgid=\"sm\" src=\"https:\/\/www.europesays.com\/ch-fr\/wp-content\/uploads\/2026\/09\/th\u00e9 vert  Grafvision, Adobe Stock.jpeg\" width=\"320\" height=\"320\" alt=\"Une r\u00e9cente \u00e9tude sugg\u00e8re que le th\u00e9 vert augmenterait nos performances cognitives et notre acc\u00e8s \u00e0 \u00ab l'\u00e9tat de flow \u00bb. \u00a9 Grafvision, Adobe Stock\" loading=\"lazy\"\/><br \/>\n        <a href=\"https:\/\/www.futura-sciences.com\/sante\/actualites\/psychologie-vert-performance-cognitive-ce-amateurs-cafe-ignorent-encore-124113\/\" class=\"article-link article-title\" target=\"_blank\" rel=\"nofollow noopener\">Th\u00e9 vert et performance cognitive : ce que les amateurs de caf\u00e9 ignorent encore<\/a><\/p>\n<p class=\"article-synopsis\">\n        Une r\u00e9cente \u00e9tude japonaise sugg\u00e8re qu\u2019une petite consommation de th\u00e9 vert suffit \u00e0 am\u00e9liorer les performances cognitives et \u00e0 atteindre \u00ab un \u00e9tat de flow \u00bb&#8230;. Lire la suite\n    <\/p>\n<\/p>\n<p>Cette r\u00e9duction pourrait s&rsquo;expliquer par l&rsquo;effet du <a href=\"https:\/\/www.futura-sciences.com\/sante\/actualites\/nutrition-top-5-vertus-vert-51525\/\" title=\"Top 5 des vertus du th\u00e9 vert\" rel=\"nofollow noopener\" target=\"_blank\">th\u00e9 vert<\/a> sur la <a href=\"https:\/\/www.futura-sciences.com\/sante\/definitions\/medecine-tension-arterielle-7321\/\" rel=\"nofollow noopener\" target=\"_blank\">pression art\u00e9rielle<\/a> et la circulation sanguine. En abaissant les tensions art\u00e9rielles \u00e9lev\u00e9es, ce breuvage favoriserait une meilleure <a href=\"https:\/\/www.futura-sciences.com\/planete\/definitions\/developpement-durable-irrigation-11290\/\" rel=\"nofollow noopener\" target=\"_blank\">irrigation<\/a> c\u00e9r\u00e9brale, limitant ainsi les risques de micro-l\u00e9sions.<\/p>\n<p class=\"fs-media\">\n<p><img decoding=\"async\" data-imgid=\"full\" src=\"https:\/\/www.europesays.com\/ch-fr\/wp-content\/uploads\/2026\/09\/the-vert.jpg\" width=\"1080\" height=\"1620\" alt=\"\" loading=\"lazy\"\/><br \/>\nLe th\u00e9 vert aurait des bienfaits sur la sant\u00e9 c\u00e9r\u00e9brale. \u00a9 funny face, Adobe Stock<\/p>\n<p>Une pr\u00e9vention potentielle contre les troubles cognitifs<\/p>\n<p>Si les l\u00e9sions de la substance blanche sont souvent per\u00e7ues comme des marqueurs pr\u00e9coces de la <a href=\"https:\/\/www.futura-sciences.com\/sante\/questions-reponses\/maladie-alzheimer-alzheimer-demence-sont-differences-19578\/\" title=\"La maladie d&#039;Alzheimer : d\u00e9cryptage\" rel=\"nofollow noopener\" target=\"_blank\">d\u00e9mence<\/a>, leur r\u00e9duction peut repr\u00e9senter un levier pour pr\u00e9server les fonctions cognitives. Bien que les r\u00e9sultats soient encore pr\u00e9liminaires, ils ouvrent la voie \u00e0 de nouvelles strat\u00e9gies de <a href=\"https:\/\/www.futura-sciences.com\/planete\/definitions\/developpement-durable-prevention-6509\/\" rel=\"nofollow noopener\" target=\"_blank\">pr\u00e9vention<\/a> bas\u00e9es sur des habitudes simples, comme l&rsquo;int\u00e9gration du th\u00e9 vert dans le quotidien.<\/p>\n<p>\n            <img decoding=\"async\" data-imgid=\"sm\" src=\"https:\/\/www.europesays.com\/ch-fr\/wp-content\/uploads\/2026\/09\/the-vert-sante-maladies-cardiovasculaires-1.jpeg\" width=\"320\" height=\"320\" alt=\"Boire du th\u00e9 vert au moins trois fois par semaine serait bon pour la sant\u00e9, mais le th\u00e9 noir ne produirait pas autant de bienfaits. \u00a9 KMNPhoto, Adobe Stock\" loading=\"lazy\"\/><br \/>\n        <a href=\"https:\/\/www.futura-sciences.com\/sante\/actualites\/maladies-cardiovasculaires-vert-fontaine-jouvence-coeur-79101\/\" class=\"article-link article-title\" target=\"_blank\" rel=\"nofollow noopener\">Le th\u00e9 vert, une fontaine de jouvence pour le c\u0153ur ?<\/a><\/p>\n<p class=\"article-synopsis\">\n        Buvez du th\u00e9 vert, votre c\u0153ur et vos art\u00e8res vous remercieront. C&rsquo;est ce qu&rsquo;illustre une \u00e9quipe de scientifiques chinois avec cette vaste \u00e9tude dans laquelle leurs travaux d\u00e9montrent que boire du th\u00e9 vert plusieurs fois par semaine augmente les chances de vivre plus longtemps et en meilleure sant\u00e9. Pourquoi s&rsquo;en priver ? &#8230; Lire la suite\n    <\/p>\n<\/p>\n<p>Cependant, ces bienfaits s&rsquo;observent principalement chez des individus sans <a href=\"https:\/\/www.futura-sciences.com\/sante\/definitions\/vie-facteur-risque-2691\/\" rel=\"nofollow noopener\" target=\"_blank\">facteurs de risque<\/a> majeurs, comme une <a href=\"https:\/\/www.futura-sciences.com\/sante\/actualites\/medecine-veritables-liens-stress-depression-44155\/\" title=\"Les v\u00e9ritables liens entre stress et d\u00e9pression\" rel=\"nofollow noopener\" target=\"_blank\">d\u00e9pression<\/a> ou des <a href=\"https:\/\/www.futura-sciences.com\/sante\/definitions\/medecine-predisposition-2817\/\" rel=\"nofollow noopener\" target=\"_blank\">pr\u00e9dispositions<\/a> <a href=\"https:\/\/www.futura-sciences.com\/sante\/definitions\/genetique-genetique-152\/\" rel=\"nofollow noopener\" target=\"_blank\">g\u00e9n\u00e9tiques<\/a> sp\u00e9cifiques. Cela souligne l&rsquo;importance d&rsquo;une approche globale pour prot\u00e9ger son <a href=\"https:\/\/www.futura-sciences.com\/sante\/dossiers\/medecine-voyage-cerveau-525\/\" title=\"Voyage dans le cerveau\" rel=\"nofollow noopener\" target=\"_blank\">cerveau<\/a>, combinant une alimentation \u00e9quilibr\u00e9e, une activit\u00e9 <a href=\"https:\/\/www.futura-sciences.com\/sciences\/definitions\/physique-physique-15839\/\" rel=\"nofollow noopener\" target=\"_blank\">physique<\/a> r\u00e9guli\u00e8re et un suivi m\u00e9dical adapt\u00e9.<\/p>\n<p>En conclusion, le th\u00e9 vert pourrait \u00eatre un alli\u00e9 pr\u00e9cieux pour maintenir une <a href=\"https:\/\/www.futura-sciences.com\/sante\/actualites\/vie-sante-mentale-8-questions-vous-poser-chaque-matin-avant-quil-ne-soit-trop-tard-118495\/\" title=\"Sant\u00e9 mentale : 8 questions \u00e0 vous poser chaque matin avant qu\u2019il ne soit trop tard\" rel=\"nofollow noopener\" target=\"_blank\">bonne sant\u00e9 c\u00e9r\u00e9brale<\/a>. Toutefois, d&rsquo;autres \u00e9tudes sont n\u00e9cessaires pour confirmer ces observations et affiner les recommandations.<\/p>\n","protected":false},"excerpt":{"rendered":"Avec l&rsquo;\u00e2ge, le cerveau subit des modifications structurelles, telles que l&rsquo;apparition de l\u00e9sions de la substance blanche, souvent&hellip;\n","protected":false},"author":2,"featured_media":293940,"comment_status":"","ping_status":"","sticky":false,"template":"","format":"standard","meta":{"footnotes":"","_share_on_mastodon":"0"},"categories":[9],"tags":[1261,3358,45001,45000,36315,45004,1794,45002,2363,83,17805,7066,84,44999,23,32392,45003],"class_list":["post-293939","post","type-post","status-publish","format-standard","has-post-thumbnail","category-sante","tag-alimentation","tag-alzheimer","tag-bienfait-du-the-vert","tag-boire-du-the-vert","tag-bonne-sante-mentale","tag-catechine","tag-cerveau","tag-declin-cognitif-du-a-l039age","tag-demence","tag-health","tag-hypertension","tag-lesions-cerebrales","tag-sante","tag-substance-blanche","tag-suisse","tag-the-vert","tag-vertu-du-the-vert"],"share_on_mastodon":{"url":"https:\/\/pubeurope.com\/@ch_fr\/117223065803231887","error":""},"_links":{"self":[{"href":"https:\/\/www.europesays.com\/ch-fr\/wp-json\/wp\/v2\/posts\/293939","targetHints":{"allow":["GET"]}}],"collection":[{"href":"https:\/\/www.europesays.com\/ch-fr\/wp-json\/wp\/v2\/posts"}],"about":[{"href":"https:\/\/www.europesays.com\/ch-fr\/wp-json\/wp\/v2\/types\/post"}],"author":[{"embeddable":true,"href":"https:\/\/www.europesays.com\/ch-fr\/wp-json\/wp\/v2\/users\/2"}],"replies":[{"embeddable":true,"href":"https:\/\/www.europesays.com\/ch-fr\/wp-json\/wp\/v2\/comments?post=293939"}],"version-history":[{"count":0,"href":"https:\/\/www.europesays.com\/ch-fr\/wp-json\/wp\/v2\/posts\/293939\/revisions"}],"wp:featuredmedia":[{"embeddable":true,"href":"https:\/\/www.europesays.com\/ch-fr\/wp-json\/wp\/v2\/media\/293940"}],"wp:attachment":[{"href":"https:\/\/www.europesays.com\/ch-fr\/wp-json\/wp\/v2\/media?parent=293939"}],"wp:term":[{"taxonomy":"category","embeddable":true,"href":"https:\/\/www.europesays.com\/ch-fr\/wp-json\/wp\/v2\/categories?post=293939"},{"taxonomy":"post_tag","embeddable":true,"href":"https:\/\/www.europesays.com\/ch-fr\/wp-json\/wp\/v2\/tags?post=293939"}],"curies":[{"name":"wp","href":"https:\/\/api.w.org\/{rel}","templated":true}]}}