{"id":293971,"date":"2026-09-06T08:29:21","date_gmt":"2026-09-06T08:29:21","guid":{"rendered":"https:\/\/www.europesays.com\/ch-fr\/293971\/"},"modified":"2026-09-06T08:29:21","modified_gmt":"2026-09-06T08:29:21","slug":"comme-paleo-le-chant-du-gros-allongera-son-edition-anniversaire-de-2027","status":"publish","type":"post","link":"https:\/\/www.europesays.com\/ch-fr\/293971\/","title":{"rendered":"Comme Pal\u00e9o, le Chant du gros allongera son \u00e9dition anniversaire de 2027"},"content":{"rendered":"<p>Le Chant du Gros s\u2019ach\u00e8ve samedi en fin de soir\u00e9e au Noirmont (JU). Au total des trois soirs, environ 43 000 personnes ont assist\u00e9 au festival, qui accueillait des artistes comme Julien Dor\u00e9, Bigflo\u00a0&amp; Oli, H\u00e9l\u00e8ne S\u00e9gara, Michel Fugain, Helena, Superbus ou encore Matt Pokora.<\/p>\n<p>La foule s\u2019est press\u00e9e aux abords de la grande sc\u00e8ne du festival \u2013 la \u00absainte sc\u00e8ne\u00bb \u2013 pour \u00e9couter les nombreux tubes de Matt Pokara samedi soir, a constat\u00e9 sur place un journaliste de l\u2019agence de presse Keystone-ATS. Peu avant, le groupe Superbus avait d\u00e9livr\u00e9 une prestation \u00e9nergique devant un public en d\u00e9lire, notamment sur ses titres embl\u00e9matiques Butterfly et Lola, 24\u00a0ans apr\u00e8s sa premi\u00e8re participation au festival jurassien.<\/p>\n<p>Avec 43\u00a0000 festivaliers, la fr\u00e9quentation est en l\u00e9g\u00e8re baisse. L\u2019an dernier, le Chant du Gros avait r\u00e9uni plus de 45\u00a0000 personnes. Dans un communiqu\u00e9, les organisateurs expliquent ce recul par la soir\u00e9e de jeudi, qui a attir\u00e9 moins de monde que d\u2019habitude. Vendredi et samedi ont en revanche attir\u00e9 beaucoup de monde, sous une m\u00e9t\u00e9o tr\u00e8s favorable. Le samedi, le festival affichait d\u2019ailleurs guichets ferm\u00e9s. Les b\u00e9n\u00e9voles, quant \u00e0 eux, \u00e9taient plus de 1700 au total.<\/p>\n<p>Retrouvez <a href=\"https:\/\/www.letemps.ch\/culture\/scenes\/le-grand-guide-des-festivals-de-l-ete-2026?gad_source=1&amp;gad_campaignid=24123436707&amp;gclid=Cj0KCQjw--7UBhCpARIsAGJBptii4WK-Tob4zaj_QJushG5AeGWAUo9Z3982gD8lvVpJkq8CdzYeaj8aApY-EALw_wcB\" rel=\"nofollow noopener\" target=\"_blank\">notre guide des festivals 2026<\/a><\/p>\n<p>Sur quatre jours en 2027<\/p>\n<p>L\u2019abandon des \u00abLouis\u00bb, monnaie propre au festival utilis\u00e9e pendant plus de 30\u00a0ans et remplac\u00e9e cette ann\u00e9e par un syst\u00e8me \u00abno cash\u00bb, s\u2019est bien d\u00e9roul\u00e9. Le nouveau syst\u00e8me suscitait quelques interrogations, notamment dans les bars et les stands de b\u00e9n\u00e9voles, mais aucun probl\u00e8me majeur n\u2019a \u00e9t\u00e9 constat\u00e9.<\/p>\n<p>La vaisselle r\u00e9utilisable, mise en place il y a plusieurs ann\u00e9es sur le site du festival, est \u00e9galement source de satisfaction. Environ 90% des gobelets ont \u00e9t\u00e9 ramen\u00e9s dans les poubelles pr\u00e9vues \u00e0 cet effet. Pas moins de 50\u00a0000 gobelets r\u00e9utilisables \u00e9taient en service chaque soir.<\/p>\n<p>Pour ses 35\u00a0ans, le Chant du Gros se tiendra sur quatre jours l\u2019ann\u00e9e prochaine, soit du mercredi\u00a08 au samedi 11\u00a0septembre 2027, indique le communiqu\u00e9. Il devrait \u00e0 nouveau se tenir sur trois soirs d\u00e8s l\u2019ann\u00e9e suivante, ont pr\u00e9cis\u00e9 les organisateurs. A la fin de son \u00e9dition en juillet, Pal\u00e9o <a href=\"https:\/\/www.letemps.ch\/culture\/musiques\/apres-une-edition-de-reve-paleo-annonce-sept-jours-de-fete-pour-sa-cinquantieme?srsltid=AfmBOorulqOSJiei8g_RGo3m8wQ8B_dOBVjOO6jX92N7UTiHSWuwuFp8\" rel=\"nofollow noopener\" target=\"_blank\">a annonc\u00e9<\/a>que pour ses 50 ans, la f\u00eate aura lieu du 19 au 25 juillet 2027, du lundi au dimanche.<\/p>\n","protected":false},"excerpt":{"rendered":"Le Chant du Gros s\u2019ach\u00e8ve samedi en fin de soir\u00e9e au Noirmont (JU). Au total des trois soirs,&hellip;\n","protected":false},"author":2,"featured_media":293972,"comment_status":"","ping_status":"","sticky":false,"template":"","format":"standard","meta":{"footnotes":"","_share_on_mastodon":"0"},"categories":[4],"tags":[22,172,25,118,21,23],"class_list":["post-293971","post","type-post","status-publish","format-standard","has-post-thumbnail","category-actualites","tag-actualites","tag-culture","tag-free","tag-jura","tag-news","tag-suisse"],"share_on_mastodon":{"url":"https:\/\/pubeurope.com\/@ch_fr\/117223159450926836","error":""},"_links":{"self":[{"href":"https:\/\/www.europesays.com\/ch-fr\/wp-json\/wp\/v2\/posts\/293971","targetHints":{"allow":["GET"]}}],"collection":[{"href":"https:\/\/www.europesays.com\/ch-fr\/wp-json\/wp\/v2\/posts"}],"about":[{"href":"https:\/\/www.europesays.com\/ch-fr\/wp-json\/wp\/v2\/types\/post"}],"author":[{"embeddable":true,"href":"https:\/\/www.europesays.com\/ch-fr\/wp-json\/wp\/v2\/users\/2"}],"replies":[{"embeddable":true,"href":"https:\/\/www.europesays.com\/ch-fr\/wp-json\/wp\/v2\/comments?post=293971"}],"version-history":[{"count":0,"href":"https:\/\/www.europesays.com\/ch-fr\/wp-json\/wp\/v2\/posts\/293971\/revisions"}],"wp:featuredmedia":[{"embeddable":true,"href":"https:\/\/www.europesays.com\/ch-fr\/wp-json\/wp\/v2\/media\/293972"}],"wp:attachment":[{"href":"https:\/\/www.europesays.com\/ch-fr\/wp-json\/wp\/v2\/media?parent=293971"}],"wp:term":[{"taxonomy":"category","embeddable":true,"href":"https:\/\/www.europesays.com\/ch-fr\/wp-json\/wp\/v2\/categories?post=293971"},{"taxonomy":"post_tag","embeddable":true,"href":"https:\/\/www.europesays.com\/ch-fr\/wp-json\/wp\/v2\/tags?post=293971"}],"curies":[{"name":"wp","href":"https:\/\/api.w.org\/{rel}","templated":true}]}}