{"id":293979,"date":"2026-09-06T08:38:15","date_gmt":"2026-09-06T08:38:15","guid":{"rendered":"https:\/\/www.europesays.com\/ch-fr\/293979\/"},"modified":"2026-09-06T08:38:15","modified_gmt":"2026-09-06T08:38:15","slug":"star-academy-nikos-seme-des-indices-sur-le-remplacant-de-michael-goldman","status":"publish","type":"post","link":"https:\/\/www.europesays.com\/ch-fr\/293979\/","title":{"rendered":"Star Academy : Nikos s\u00e8me des indices sur le rempla\u00e7ant de Michael Goldman"},"content":{"rendered":"<p itemprop=\"description\">Nikos Aliagas, pr\u00e9sentateur historique de l&rsquo;\u00e9mission, a d\u00e9voil\u00e9 plusieurs indices concernant la personnalit\u00e9 qui viendra remplacer Michael Goldman en tant que directeur de la Star Academy.<\/p>\n<p class=\"isSelectedEnd\">Le myst\u00e8re reste entier autour de la prochaine saison de la Star Academy. Alors que <a href=\"https:\/\/mradio.fr\/news\/musique\/57053\/apres-marlene-schaff-michael-goldman-quitte-lui-aussi-la-star-academy\" target=\"_blank\" rel=\"noopener nofollow\">Michael Goldman<\/a><a href=\"https:\/\/mradio.fr\/news\/musique\/57053\/apres-marlene-schaff-michael-goldman-quitte-lui-aussi-la-star-academy\" target=\"_blank\" rel=\"noopener nofollow\"> a confirm\u00e9 son d\u00e9part<\/a> apr\u00e8s quatre saisons \u00e0 la t\u00eate du ch\u00e2teau de Dammarie-les-Lys, TF1 doit d\u00e9sormais lui trouver un successeur. Nikos Aliagas vient toutefois de d\u00e9voiler quelques indices sur l\u2019identit\u00e9 du prochain directeur.<\/p>\n<p>Un nouveau directeur pour la Star Academy<\/p>\n<p class=\"isSelectedEnd\">Depuis le grand retour de la Star Academy sur TF1 en 2022, Michael Goldman occupait le poste de directeur. Apr\u00e8s quatre saisons, le fils de Jean-Jacques Goldman a choisi de passer le relais, laissant une place particuli\u00e8rement convoit\u00e9e.<\/p>\n<p class=\"isSelectedEnd\">Son d\u00e9part constitue l\u2019un des principaux changements de la prochaine \u00e9dition. Les t\u00e9l\u00e9spectateurs retrouveront bien Nikos Aliagas \u00e0 la pr\u00e9sentation, mais d\u00e9couvriront un nouveau visage \u00e0 la t\u00eate des acad\u00e9miciens.<\/p>\n<p class=\"isSelectedEnd\">Et visiblement, l\u2019animateur conna\u00eet d\u00e9j\u00e0 son identit\u00e9.<\/p>\n<p>Nikos Aliagas l\u00e2che plusieurs indices<\/p>\n<p class=\"isSelectedEnd\">Lors d\u2019une r\u00e9cente interview, Nikos Aliagas a r\u00e9v\u00e9l\u00e9 qu\u2019il avait \u00e9chang\u00e9 avec le futur directeur de la Star Academy. S\u2019il n\u2019a pas d\u00e9voil\u00e9 son nom, il a n\u00e9anmoins donn\u00e9 plusieurs informations qui pourraient permettre de r\u00e9duire le champ des possibilit\u00e9s.<\/p>\n<p class=\"isSelectedEnd\">Premi\u00e8re indication : le rempla\u00e7ant de Michael Goldman est un homme. Mais surtout, Nikos a pr\u00e9cis\u00e9 qu\u2019il s\u2019agissait d\u2019une personnalit\u00e9 \u00ab tr\u00e8s concern\u00e9e par la musique \u00bb.<\/p>\n<p class=\"isSelectedEnd\">Un indice particuli\u00e8rement important puisque le nouveau directeur aura la lourde t\u00e2che d\u2019accompagner les \u00e9l\u00e8ves dans leur progression artistique et de superviser leur parcours au ch\u00e2teau.<\/p>\n<p class=\"isSelectedEnd\">Autre \u00e9l\u00e9ment d\u00e9voil\u00e9 par l\u2019animateur : le myst\u00e9rieux successeur conna\u00eet bien l\u2019univers de la Star Academy et entretient \u00e9galement une certaine proximit\u00e9 avec Nikos Aliagas.<\/p>\n<p>Quel nom pour remplacer Michael Goldman ?<\/p>\n<p class=\"isSelectedEnd\">Ces r\u00e9v\u00e9lations ont rapidement relanc\u00e9 les sp\u00e9culations sur les r\u00e9seaux sociaux. Plusieurs personnalit\u00e9s pourraient correspondre au profil d\u00e9crit par Nikos.<\/p>\n<p class=\"isSelectedEnd\"><a href=\"https:\/\/mradio.fr\/news\/coulisses\/57177\/star-academy-quentin-mosimann-a-la-place-de-michael-goldman\" target=\"_blank\" rel=\"noopener nofollow\">Le nom de Quentin Mosimann<\/a>, ancien vainqueur de la Star Academy et devenu DJ et producteur, revient notamment dans les discussions. Son exp\u00e9rience dans la musique et sa connaissance du programme en feraient un candidat cr\u00e9dible.<\/p>\n<p class=\"isSelectedEnd\">Mais rien ne permet pour l\u2019instant d\u2019affirmer qu\u2019il s\u2019agit bien de lui. D\u2019autres personnalit\u00e9s du monde musical pourraient \u00e9galement \u00eatre envisag\u00e9es par TF1.<\/p>\n<p class=\"isSelectedEnd\">Laurent Ruquier avait lui aussi fait savoir qu\u2019il aurait \u00e9t\u00e9 int\u00e9ress\u00e9 par le poste. Toutefois, les indices donn\u00e9s par Nikos semblent surtout orienter les recherches vers un professionnel particuli\u00e8rement impliqu\u00e9 dans la musique.<\/p>\n<p>Une Star Academy plac\u00e9e sous le signe du changement<\/p>\n<p class=\"isSelectedEnd\">Le d\u00e9part de Michael Goldman n\u2019est pas le seul bouleversement attendu. La prochaine saison devrait \u00e9galement \u00eatre marqu\u00e9e par plusieurs changements au sein de l\u2019\u00e9quipe p\u00e9dagogique.<\/p>\n<p class=\"isSelectedEnd\">Dans ce contexte, l\u2019arriv\u00e9e d\u2019un nouveau directeur pourrait donner une nouvelle impulsion au programme. Celui-ci devra rapidement trouver ses marques et succ\u00e9der \u00e0 Michael Goldman, devenu en quatre ans l\u2019un des visages embl\u00e9matiques de la nouvelle g\u00e9n\u00e9ration de la <a href=\"https:\/\/mradio.fr\/news\/coulisses\/57462\/lucie-bernardoni-ferme-definitivement-la-page-star-academy-les-mots-me-manquent\" target=\"_blank\" rel=\"noopener nofollow\">Star Academy<\/a>.<\/p>\n<p class=\"isSelectedEnd\">Pour l\u2019heure, TF1 garde donc pr\u00e9cieusement le secret. Mais gr\u00e2ce aux r\u00e9v\u00e9lations de Nikos Aliagas, une chose semble d\u00e9sormais certaine : le prochain directeur sera un homme, proche de la musique et d\u00e9j\u00e0 familier de l\u2019univers de la Star Academy.<\/p>\n<p>Reste \u00e0 d\u00e9couvrir son identit\u00e9.<\/p>\n","protected":false},"excerpt":{"rendered":"Nikos Aliagas, pr\u00e9sentateur historique de l&rsquo;\u00e9mission, a d\u00e9voil\u00e9 plusieurs indices concernant la personnalit\u00e9 qui viendra remplacer Michael Goldman&hellip;\n","protected":false},"author":2,"featured_media":293980,"comment_status":"","ping_status":"","sticky":false,"template":"","format":"standard","meta":{"footnotes":"","_share_on_mastodon":"0"},"categories":[13],"tags":[694,22,206,1513,3824,648,113,112,30,696,5463,5464,5465,483,1091,117,5466,23,142],"class_list":["post-293979","post","type-post","status-publish","format-standard","has-post-thumbnail","category-television","tag-actu","tag-actualites","tag-actus","tag-artistes","tag-chanson-francaise","tag-concert","tag-divertissement","tag-entertainment","tag-france","tag-info","tag-mradio","tag-musicale","tag-musique-francaise","tag-paris","tag-podcast","tag-radio","tag-radio-francaise","tag-suisse","tag-television"],"share_on_mastodon":{"url":"https:\/\/pubeurope.com\/@ch_fr\/117223195082825164","error":""},"_links":{"self":[{"href":"https:\/\/www.europesays.com\/ch-fr\/wp-json\/wp\/v2\/posts\/293979","targetHints":{"allow":["GET"]}}],"collection":[{"href":"https:\/\/www.europesays.com\/ch-fr\/wp-json\/wp\/v2\/posts"}],"about":[{"href":"https:\/\/www.europesays.com\/ch-fr\/wp-json\/wp\/v2\/types\/post"}],"author":[{"embeddable":true,"href":"https:\/\/www.europesays.com\/ch-fr\/wp-json\/wp\/v2\/users\/2"}],"replies":[{"embeddable":true,"href":"https:\/\/www.europesays.com\/ch-fr\/wp-json\/wp\/v2\/comments?post=293979"}],"version-history":[{"count":0,"href":"https:\/\/www.europesays.com\/ch-fr\/wp-json\/wp\/v2\/posts\/293979\/revisions"}],"wp:featuredmedia":[{"embeddable":true,"href":"https:\/\/www.europesays.com\/ch-fr\/wp-json\/wp\/v2\/media\/293980"}],"wp:attachment":[{"href":"https:\/\/www.europesays.com\/ch-fr\/wp-json\/wp\/v2\/media?parent=293979"}],"wp:term":[{"taxonomy":"category","embeddable":true,"href":"https:\/\/www.europesays.com\/ch-fr\/wp-json\/wp\/v2\/categories?post=293979"},{"taxonomy":"post_tag","embeddable":true,"href":"https:\/\/www.europesays.com\/ch-fr\/wp-json\/wp\/v2\/tags?post=293979"}],"curies":[{"name":"wp","href":"https:\/\/api.w.org\/{rel}","templated":true}]}}