{"id":293997,"date":"2026-09-06T08:56:15","date_gmt":"2026-09-06T08:56:15","guid":{"rendered":"https:\/\/www.europesays.com\/ch-fr\/293997\/"},"modified":"2026-09-06T08:56:15","modified_gmt":"2026-09-06T08:56:15","slug":"le-parti-communiste-fait-revivre-dans-ses-locaux-le-projet-fou-et-inacheve-de-larchitecte-oscar-niemeyer-qui-devait-transformer-grasse","status":"publish","type":"post","link":"https:\/\/www.europesays.com\/ch-fr\/293997\/","title":{"rendered":"Le Parti communiste fait revivre dans ses locaux le projet fou et inachev\u00e9 de l\u2019architecte Oscar Niemeyer qui devait transformer Grasse"},"content":{"rendered":"<p>Voil\u00e0 cinquante ans que la permanence de la section grassoise du Parti communiste fran\u00e7ais (PCF) occupe la place de la Poissonnerie, en plein centre-ville.<\/p>\n<p>Et dix ans de plus que l\u2019architecte br\u00e9silien mondialement connu, Oscar Niemeyer, a couch\u00e9 sur papier la \u00ab\u00a0Zone \u00e0 urbaniser en priorit\u00e9\u00a0\u00bb (ZUP) pr\u00e9vue sur le plateau Napol\u00e9on, <a href=\"https:\/\/www.nicematin.com\/sports\/equitation\/voici-le-projet-de-l-architecte-oscar-niemeyer-pour-construire-un-modele-de-ville-du-futur-a-grasse-423565https:\/\/www.nicematin.com\/sports\/equitation\/voici-le-projet-de-l-architecte-oscar-niemeyer-pour-construire-un-modele-de-ville-du-futur-a-grasse-423565\" rel=\"nofollow noopener\" target=\"_blank\">destin\u00e9e \u00e0 transformer la cit\u00e9 des parfums<\/a>.<\/p>\n<p>\u00ab\u00a0Un projet d\u2019envergure qui, contrairement au si\u00e8ge [du PCF] de la place du Colonel-Fabien, \u00e0 Paris, n\u2019a malheureusement jamais \u00e9t\u00e9 construit\u00a0\u00bb, regrette l\u2019architecte Didier Campana. Ce dernier a pr\u00e9sent\u00e9, \u00e0 l\u2019occasion de la rentr\u00e9e politique du parti, samedi 5\u00a0septembre 2026, la nouvelle exposition centr\u00e9e autour de l\u2019\u0153uvre du communiste d\u00e9c\u00e9d\u00e9 en 2012, \u00e0 l\u2019\u00e2ge de 104\u00a0ans.<\/p>\n<p class=\"fs-5 \">Sur les plaquettes affich\u00e9es sur les murs r\u00e9nov\u00e9s du local, d\u00e9file toute la vie du moderniste qui s\u2019est illustr\u00e9 aux c\u00f4t\u00e9s des plus grands, comme Le Corbusier. Mais avec sa propre touche\u00a0: \u00ab\u00a0L\u00e0 o\u00f9 d\u2019autres ne juraient que par la ligne droite, les angles stricts et les volumes purement rationnels, Niemeyer a introduit la courbe.\u00a0\u00bb<\/p>\n<p>    \u00ab\u00a0Une ville de Grasse qui aurait pu \u00eatre diff\u00e9rente\u00a0\u00bb<\/p>\n<p class=\"fs-5 \">Congr\u00e8s national du Br\u00e9sil, Bourse du travail de Bobigny, Maison de la culture du\u00a0Havre (alias \u00ab\u00a0Le Volcan\u00a0\u00bb)\u2026 Tout son travail, en France et au-del\u00e0, est l\u00e0. Ainsi que ses croquis de l\u2019\u00e9ph\u00e9m\u00e8re ZUP, abrog\u00e9e en 1972. La faute \u00ab\u00a0\u00e0 des difficult\u00e9s administratives, politiques, programmatiques et financi\u00e8res\u00a0\u00bb.<\/p>\n<p class=\"fs-5 \">Qu\u2019avait-il en t\u00eate, lorsqu\u2019il a \u00e9t\u00e9 mis \u00e0 la t\u00eate de cet am\u00e9nagement, en 1966\u00a0? \u00ab\u00a0Il imagine une v\u00e9ritable ville nouvelle de 53\u00a0hectares, comprenant environ 2\u00a0000\u00a0logements, mais surtout des \u00e9coles, des cr\u00e8ches, des commerces, des centres culturels\u2026\u00a0\u00bb, d\u00e9crit Didier Campana, qui voit ici une \u00ab\u00a0ambition extraordinaire\u00a0\u00bb.<\/p>\n<p class=\"fs-5 \">Une ambition, que les visiteurs sont invit\u00e9s \u00e0 explorer gratuitement chaque samedi matin, de 10\u00a0h\u00a030\u00a0\u00e0 12\u00a0h\u00a030\u00a0pendant un mois, au sein de la permanence du PCF.<\/p>\n<p class=\"fs-5 \">Et de terminer\u00a0: \u00ab\u00a0Niemeyer n\u2019a pas certes construit d\u2019immeubles, mais il nous a laiss\u00e9 le projet d\u2019une cit\u00e9 id\u00e9ale \u00e9tonnamment moderne.\u00a0\u00bb<\/p>\n","protected":false},"excerpt":{"rendered":"Voil\u00e0 cinquante ans que la permanence de la section grassoise du Parti communiste fran\u00e7ais (PCF) occupe la place&hellip;\n","protected":false},"author":2,"featured_media":293998,"comment_status":"","ping_status":"","sticky":false,"template":"","format":"standard","meta":{"footnotes":"","_share_on_mastodon":"0"},"categories":[14],"tags":[155,156,113,112,23],"class_list":["post-293997","post","type-post","status-publish","format-standard","has-post-thumbnail","category-arts-et-design","tag-arts-and-design","tag-arts-et-design","tag-divertissement","tag-entertainment","tag-suisse"],"share_on_mastodon":{"url":"https:\/\/pubeurope.com\/@ch_fr\/117223265898003922","error":""},"_links":{"self":[{"href":"https:\/\/www.europesays.com\/ch-fr\/wp-json\/wp\/v2\/posts\/293997","targetHints":{"allow":["GET"]}}],"collection":[{"href":"https:\/\/www.europesays.com\/ch-fr\/wp-json\/wp\/v2\/posts"}],"about":[{"href":"https:\/\/www.europesays.com\/ch-fr\/wp-json\/wp\/v2\/types\/post"}],"author":[{"embeddable":true,"href":"https:\/\/www.europesays.com\/ch-fr\/wp-json\/wp\/v2\/users\/2"}],"replies":[{"embeddable":true,"href":"https:\/\/www.europesays.com\/ch-fr\/wp-json\/wp\/v2\/comments?post=293997"}],"version-history":[{"count":0,"href":"https:\/\/www.europesays.com\/ch-fr\/wp-json\/wp\/v2\/posts\/293997\/revisions"}],"wp:featuredmedia":[{"embeddable":true,"href":"https:\/\/www.europesays.com\/ch-fr\/wp-json\/wp\/v2\/media\/293998"}],"wp:attachment":[{"href":"https:\/\/www.europesays.com\/ch-fr\/wp-json\/wp\/v2\/media?parent=293997"}],"wp:term":[{"taxonomy":"category","embeddable":true,"href":"https:\/\/www.europesays.com\/ch-fr\/wp-json\/wp\/v2\/categories?post=293997"},{"taxonomy":"post_tag","embeddable":true,"href":"https:\/\/www.europesays.com\/ch-fr\/wp-json\/wp\/v2\/tags?post=293997"}],"curies":[{"name":"wp","href":"https:\/\/api.w.org\/{rel}","templated":true}]}}