{"id":294087,"date":"2026-09-06T10:10:21","date_gmt":"2026-09-06T10:10:21","guid":{"rendered":"https:\/\/www.europesays.com\/ch-fr\/294087\/"},"modified":"2026-09-06T10:10:21","modified_gmt":"2026-09-06T10:10:21","slug":"freddie-mercury-une-fresque-geante-devoilee-a-wembley-pour-ses-80-ans","status":"publish","type":"post","link":"https:\/\/www.europesays.com\/ch-fr\/294087\/","title":{"rendered":"Freddie Mercury : une fresque g\u00e9ante d\u00e9voil\u00e9e \u00e0 Wembley pour ses 80 ans"},"content":{"rendered":"<p>Wembley, un lieu indissociable de Freddie Mercury<\/p>\n<p>Installer ce portrait \u00e0 Wembley renvoie \u00e9videmment \u00e0 quelques-uns des concerts les plus c\u00e9l\u00e8bres de Queen. Le 13 juillet 1985, le groupe y avait livr\u00e9 son fameux set du Live Aid, avec \u00ab\u00a0Bohemian Rhapsody\u00a0\u00bb, \u00ab\u00a0Radio Ga Ga\u00a0\u00bb, \u00ab\u00a0Hammer to Fall\u00a0\u00bb, \u00ab\u00a0Crazy Little Thing Called Love\u00a0\u00bb, \u00ab\u00a0We Will Rock You\u00a0\u00bb et \u00ab\u00a0We Are the Champions\u00a0\u00bb.\u00a0<\/p>\n<p>Un an plus tard, Queen \u00e9tait revenu au Wembley Stadium pour deux concerts du Magic Tour. Celui du 12 juillet 1986 deviendra par la suite Live at Wembley \u201986. Il s\u2019agissait de la derni\u00e8re tourn\u00e9e de Freddie Mercury avec Queen.<\/p>\n<p>Le groupe connaissait d\u00e9j\u00e0 tr\u00e8s bien le quartier : entre 1978 et 1984, Queen avait \u00e9galement jou\u00e9 \u00e0 dix reprises dans la Wembley Arena voisine, aujourd\u2019hui rebaptis\u00e9e OVO Arena Wembley. Les Spanish Steps qui accueillent la fresque relient pr\u00e9cis\u00e9ment ces deux salles.<\/p>\n<p>Sur Classic 21, nous avions d\u2019ailleurs consacr\u00e9 une s\u00e9rie enti\u00e8re aux <a href=\"https:\/\/www.rtbf.be\/article\/live-aid-toute-l-histoire-du-plus-grand-concert-de-l-histoire-en-podcast-11568472\" rel=\"nofollow noopener\" target=\"_blank\">40 ans du Live Aid<\/a>, dont un \u00e9pisode centr\u00e9 sur la prestation de Queen :\u00a0\u00ab\u00a0Queen : 20 minutes pour l\u2019\u00e9ternit\u00e9\u00a0\u00bb. <a href=\"https:\/\/podcasts.apple.com\/ch\/podcast\/09-queen-20-minutes-pour-l%C3%A9ternit%C3%A9\/id1825096692?i=1000716148827&amp;utm_source=chatgpt.com\" rel=\"nofollow noopener\" target=\"_blank\">\u00c9couter l\u2019\u00e9pisode de Classic 21 consacr\u00e9 \u00e0 Queen au Live Aid<\/a><\/p>\n","protected":false},"excerpt":{"rendered":"Wembley, un lieu indissociable de Freddie Mercury Installer ce portrait \u00e0 Wembley renvoie \u00e9videmment \u00e0 quelques-uns des concerts&hellip;\n","protected":false},"author":2,"featured_media":294088,"comment_status":"","ping_status":"","sticky":false,"template":"","format":"standard","meta":{"footnotes":"","_share_on_mastodon":"0"},"categories":[12],"tags":[113,112,140,141,23],"class_list":["post-294087","post","type-post","status-publish","format-standard","has-post-thumbnail","category-musique","tag-divertissement","tag-entertainment","tag-music","tag-musique","tag-suisse"],"share_on_mastodon":{"url":"https:\/\/pubeurope.com\/@ch_fr\/117223556537091437","error":""},"_links":{"self":[{"href":"https:\/\/www.europesays.com\/ch-fr\/wp-json\/wp\/v2\/posts\/294087","targetHints":{"allow":["GET"]}}],"collection":[{"href":"https:\/\/www.europesays.com\/ch-fr\/wp-json\/wp\/v2\/posts"}],"about":[{"href":"https:\/\/www.europesays.com\/ch-fr\/wp-json\/wp\/v2\/types\/post"}],"author":[{"embeddable":true,"href":"https:\/\/www.europesays.com\/ch-fr\/wp-json\/wp\/v2\/users\/2"}],"replies":[{"embeddable":true,"href":"https:\/\/www.europesays.com\/ch-fr\/wp-json\/wp\/v2\/comments?post=294087"}],"version-history":[{"count":0,"href":"https:\/\/www.europesays.com\/ch-fr\/wp-json\/wp\/v2\/posts\/294087\/revisions"}],"wp:featuredmedia":[{"embeddable":true,"href":"https:\/\/www.europesays.com\/ch-fr\/wp-json\/wp\/v2\/media\/294088"}],"wp:attachment":[{"href":"https:\/\/www.europesays.com\/ch-fr\/wp-json\/wp\/v2\/media?parent=294087"}],"wp:term":[{"taxonomy":"category","embeddable":true,"href":"https:\/\/www.europesays.com\/ch-fr\/wp-json\/wp\/v2\/categories?post=294087"},{"taxonomy":"post_tag","embeddable":true,"href":"https:\/\/www.europesays.com\/ch-fr\/wp-json\/wp\/v2\/tags?post=294087"}],"curies":[{"name":"wp","href":"https:\/\/api.w.org\/{rel}","templated":true}]}}