{"id":294135,"date":"2026-09-06T10:46:18","date_gmt":"2026-09-06T10:46:18","guid":{"rendered":"https:\/\/www.europesays.com\/ch-fr\/294135\/"},"modified":"2026-09-06T10:46:18","modified_gmt":"2026-09-06T10:46:18","slug":"le-retour-de-celine-dion-comment-la-star-se-prepare-a-chanter-malgre-son-syndrome-de-la-personne-raide","status":"publish","type":"post","link":"https:\/\/www.europesays.com\/ch-fr\/294135\/","title":{"rendered":"Le retour de C\u00e9line Dion\u00a0: comment la star se pr\u00e9pare \u00e0 chanter, malgr\u00e9 son syndrome de la personne raide"},"content":{"rendered":"<p>    Cette raideur, dont souffre C\u00e9line Dion, touche de nombreux muscles, l\u2019impact sur la voix, a fortiori le chant, est tr\u00e8s important.<br \/>\n                Abdul Saboor \/ REUTERS<\/p>\n<p>\n    D\u00c9CRYPTAGE &#8211; La star qu\u00e9b\u00e9coise d\u00e9bute le 12 septembre une tourn\u00e9e historique \u00e0 Paris apr\u00e8s des ann\u00e9es de pause due \u00e0 sa maladie rare provoquant de violents spasmes. Un pari risqu\u00e9, sous haute surveillance.<\/p>\n<p class=\"fig-paragraph\">Elle n\u2019avait pas donn\u00e9 de concert complet depuis six ans. Ce samedi 12 septembre, C\u00e9line Dion d\u00e9butera\u00a0<a href=\"https:\/\/video.lefigaro.fr\/figaro\/culture\/celine-dion-est-arrivee-a-paris-pour-sa-tournee-de-concerts-20260828\" data-fig-type=\"Video\" data-gtm-custom-categorie=\"navigation\" data-gtm-custom-action=\"crossclick\" data-gtm-custom-label=\"Contextuel\" data-gtm-event=\"customEventSPE\" data-fig-domain=\"LEFIGARO\" rel=\"nofollow noopener\" target=\"_blank\">une tourn\u00e9e historique \u00e0 Paris La D\u00e9fense Arena<\/a>. Un retour aussi attendu que redout\u00e9, tant cette performance est audacieuse, compte tenu de son \u00e9tat de sant\u00e9. En d\u00e9cembre 2022, elle avait r\u00e9v\u00e9l\u00e9 souffrir du\u00a0<a href=\"http:\/\/www.lefigaro.fr\/sciences\/celine-dion-syndrome-homme-raide-maladie-rarissime-2023050826\" data-fig-type=\"Article\" data-gtm-custom-categorie=\"navigation\" data-gtm-custom-action=\"crossclick\" data-gtm-custom-label=\"Contextuel\" data-gtm-event=\"customEventSPE\" data-fig-domain=\"LEFIGARO\" rel=\"nofollow noopener\" target=\"_blank\">syndrome de la personne raide<\/a>\u00a0(SPS). Une maladie neurologique rare provoquant raideurs et spasmes musculaires, qui l\u2019avait contrainte d\u2019annuler sa tourn\u00e9e \u00ab\u00a0Courage World Tour\u00a0\u00bb.<\/p>\n<p class=\"fig-paragraph\">Lors des Jeux Olympiques de 2024 \u00e0 Paris, elle surprend le public en entonnant l\u2019<a href=\"http:\/\/www.lefigaro.fr\/sports\/jeux-olympiques\/jo-paris-2024-l-hymne-a-l-amour-de-celine-dion-sort-en-streaming-20241010\" data-fig-type=\"NewsFlash\" data-gtm-custom-categorie=\"navigation\" data-gtm-custom-action=\"crossclick\" data-gtm-custom-label=\"Contextuel\" data-gtm-event=\"customEventSPE\" data-fig-domain=\"LEFIGARO\" rel=\"nofollow noopener\" target=\"_blank\">\u00ab\u00a0Hymne \u00e0 l\u2019amour\u00a0\u00bb depuis la Tour Eiffel<\/a>, dans une nuit battue par une pluie torrentielle. Les fans retiennent leur souffle. Malgr\u00e9 les craintes de voir survenir des spasmes caract\u00e9ristiques du syndrome, la prestation est r\u00e9alis\u00e9e en direct. Deux ans plus tard, le 30 mars 2026, C\u00e9line Dion annonce son retour tant esp\u00e9r\u00e9 par ses admirateurs pour une vraie tourn\u00e9e dans la capitale\u00a0: \u00ab\u00a0Je me sens bien, je suis forte\u2026<\/p>\n<p class=\"fig-premium-paywall__infos\">\n        Cet article est r\u00e9serv\u00e9 aux abonn\u00e9s.        Il vous reste 90% \u00e0 d\u00e9couvrir.\n    <\/p>\n<p>                <img  data- alt=\"Le Figaro\" class=\"fig-img--complete fig-img\"\/><\/p>\n<p class=\"fig-premium-paywall__title\">Vente Flash<\/p>\n<p class=\"fig-premium-paywall__subtitle\">-70% sur votre abonnement. Sans engagement.<\/p>\n<p class=\"fig-premium-paywall__connect\">\n                D\u00e9j\u00e0 abonn\u00e9\u00a0?                <a class=\"fig-premium-paywall__connect-link\" href=\"https:\/\/connect.lefigaro.fr\/login?client=sante_web&amp;type=main&amp;redirect_uri=https%3A%2F%2Fsante.lefigaro.fr%2Fmedecine%2Fle-retour-de-celine-dion-comment-la-star-se-prepare-a-chanter-malgre-son-syndrome-de-la-personne-raide-20260906\" data-js-gtm=\"{&quot;event&quot;:&quot;customEventGA4&quot;,&quot;eventName&quot;:&quot;click_action&quot;,&quot;feature&quot;:&quot;paywall&quot;,&quot;location&quot;:&quot;paywall&quot;,&quot;button_action&quot;:&quot;connect&quot;,&quot;click_text&quot;:&quot;Connectez-vous&quot;}\" rel=\"nofollow noopener\" target=\"_blank\"><br \/>\n                    Connectez-vous<br \/>\n                <\/a>\n            <\/p>\n","protected":false},"excerpt":{"rendered":"Cette raideur, dont souffre C\u00e9line Dion, touche de nombreux muscles, l\u2019impact sur la voix, a fortiori le chant,&hellip;\n","protected":false},"author":2,"featured_media":294136,"comment_status":"","ping_status":"","sticky":false,"template":"","format":"standard","meta":{"footnotes":"","_share_on_mastodon":"0"},"categories":[12],"tags":[113,112,140,141,7208,23],"class_list":["post-294135","post","type-post","status-publish","format-standard","has-post-thumbnail","category-musique","tag-divertissement","tag-entertainment","tag-music","tag-musique","tag-neurologie","tag-suisse"],"share_on_mastodon":{"url":"https:\/\/pubeurope.com\/@ch_fr\/117223698145739166","error":""},"_links":{"self":[{"href":"https:\/\/www.europesays.com\/ch-fr\/wp-json\/wp\/v2\/posts\/294135","targetHints":{"allow":["GET"]}}],"collection":[{"href":"https:\/\/www.europesays.com\/ch-fr\/wp-json\/wp\/v2\/posts"}],"about":[{"href":"https:\/\/www.europesays.com\/ch-fr\/wp-json\/wp\/v2\/types\/post"}],"author":[{"embeddable":true,"href":"https:\/\/www.europesays.com\/ch-fr\/wp-json\/wp\/v2\/users\/2"}],"replies":[{"embeddable":true,"href":"https:\/\/www.europesays.com\/ch-fr\/wp-json\/wp\/v2\/comments?post=294135"}],"version-history":[{"count":0,"href":"https:\/\/www.europesays.com\/ch-fr\/wp-json\/wp\/v2\/posts\/294135\/revisions"}],"wp:featuredmedia":[{"embeddable":true,"href":"https:\/\/www.europesays.com\/ch-fr\/wp-json\/wp\/v2\/media\/294136"}],"wp:attachment":[{"href":"https:\/\/www.europesays.com\/ch-fr\/wp-json\/wp\/v2\/media?parent=294135"}],"wp:term":[{"taxonomy":"category","embeddable":true,"href":"https:\/\/www.europesays.com\/ch-fr\/wp-json\/wp\/v2\/categories?post=294135"},{"taxonomy":"post_tag","embeddable":true,"href":"https:\/\/www.europesays.com\/ch-fr\/wp-json\/wp\/v2\/tags?post=294135"}],"curies":[{"name":"wp","href":"https:\/\/api.w.org\/{rel}","templated":true}]}}