{"id":294147,"date":"2026-09-06T10:54:11","date_gmt":"2026-09-06T10:54:11","guid":{"rendered":"https:\/\/www.europesays.com\/ch-fr\/294147\/"},"modified":"2026-09-06T10:54:11","modified_gmt":"2026-09-06T10:54:11","slug":"norman-et-sa-chatte-framboise-traversent-la-romandie-a-pied","status":"publish","type":"post","link":"https:\/\/www.europesays.com\/ch-fr\/294147\/","title":{"rendered":"Norman et sa chatte Framboise traversent la Romandie \u00e0 pied"},"content":{"rendered":"<p>Norman Von Schmeling et sa chatte Framboise parcourent la Suisse \u00e0 pied. En une vingtaine de jours, ce duo ins\u00e9parable a ralli\u00e9 Gen\u00e8ve depuis le Jura, l&rsquo;homme tirant une charrette o\u00f9 le f\u00e9lin peut se reposer.<\/p>\n<p>Norman, 35 ans, et Framboise, 7 ans, ont parcouru 259,5 kilom\u00e8tres et franchi 5460 m\u00e8tres de d\u00e9nivel\u00e9 positif en 60 heures de marche. Leur p\u00e9riple, d\u00e9but\u00e9 en 2024, a pris une nouvelle tournure cette ann\u00e9e avec la cr\u00e9ation de vid\u00e9os sur les r\u00e9seaux sociaux. Avec plus de 130&rsquo;000 abonn\u00e9s sur Instagram et 83&rsquo;000 sur TikTok, leur aventure attire une large communaut\u00e9.<\/p>\n<p>\u00ab\u00a0Framboise, ce n\u2019est pas mon animal, c\u2019est ma partenaire\u00a0\u00bb, confie Norman. Ensemble, ils traversent villages et sentiers, attirant l\u2019attention des locaux et des passants. \u00ab\u00a0On nous reconna\u00eet m\u00eame dans les coins les plus recul\u00e9s\u00a0\u00bb, s\u2019\u00e9tonne-t-il.<\/p>\n<p>   <img decoding=\"async\" class=\"embed-responsive-item\" loading=\"lazy\" src=\"https:\/\/www.europesays.com\/ch-fr\/wp-content\/uploads\/2026\/09\/5cb4717a-29347296.image.jpeg\" alt=\"Norman et Framboise ont ralli\u00e9 Gen\u00e8ve depuis le Jura \u00e0 pied\"\/>    Norman et Framboise ont ralli\u00e9 Gen\u00e8ve depuis le Jura \u00e0 pied \/ Verticale RTSinfo \/ 2 min. \/ vendredi \u00e0 09:13 Des moments marquants<\/p>\n<p>Pour Norman, les rencontres humaines sont les temps forts de leur voyage. \u00ab\u00a0Souvent, on ne croise personne pendant plusieurs jours et puis soudain quelqu\u2019un arrive, partage son histoire et nous aide. Ces moments sont inoubliables.\u00a0\u00bb<\/p>\n<p>Mais les instants pass\u00e9s avec Framboise restent \u00e9galement grav\u00e9s dans sa m\u00e9moire. \u00ab\u00a0Quand on atteint un sommet, qu\u2019elle sort de la charrette et qu\u2019on contemple ensemble la vue, c\u2019est magique. Ou quand on pose la tente le soir et qu\u2019on ne fait rien, juste profiter.\u00a0\u00bb<\/p>\n<p>Norman et Framboise vivent pleinement leurs r\u00eaves, un pas apr\u00e8s l\u2019autre. \u00ab\u00a0Framboise ne va pas attendre que je sois \u00e0 la retraite. Elle ne sera plus l\u00e0. Alors, il faut vivre ses r\u00eaves maintenant.\u00a0\u00bb<\/p>\n<p class=\"sources\">Claire Burgy<\/p>\n","protected":false},"excerpt":{"rendered":"Norman Von Schmeling et sa chatte Framboise parcourent la Suisse \u00e0 pied. En une vingtaine de jours, ce&hellip;\n","protected":false},"author":2,"featured_media":294148,"comment_status":"","ping_status":"","sticky":false,"template":"","format":"standard","meta":{"footnotes":"","_share_on_mastodon":"0"},"categories":[3],"tags":[414,2805,172,415,402,64226,169,64227,6500,238,23,1003],"class_list":["post-294147","post","type-post","status-publish","format-standard","has-post-thumbnail","category-suisse","tag-arts","tag-canton-du-jura","tag-culture","tag-divertissement-et-medias","tag-duo","tag-framboise","tag-geneve","tag-norman","tag-rts-info","tag-societe","tag-suisse","tag-suisse-romande"],"share_on_mastodon":{"url":"https:\/\/pubeurope.com\/@ch_fr\/117223730088563972","error":""},"_links":{"self":[{"href":"https:\/\/www.europesays.com\/ch-fr\/wp-json\/wp\/v2\/posts\/294147","targetHints":{"allow":["GET"]}}],"collection":[{"href":"https:\/\/www.europesays.com\/ch-fr\/wp-json\/wp\/v2\/posts"}],"about":[{"href":"https:\/\/www.europesays.com\/ch-fr\/wp-json\/wp\/v2\/types\/post"}],"author":[{"embeddable":true,"href":"https:\/\/www.europesays.com\/ch-fr\/wp-json\/wp\/v2\/users\/2"}],"replies":[{"embeddable":true,"href":"https:\/\/www.europesays.com\/ch-fr\/wp-json\/wp\/v2\/comments?post=294147"}],"version-history":[{"count":0,"href":"https:\/\/www.europesays.com\/ch-fr\/wp-json\/wp\/v2\/posts\/294147\/revisions"}],"wp:featuredmedia":[{"embeddable":true,"href":"https:\/\/www.europesays.com\/ch-fr\/wp-json\/wp\/v2\/media\/294148"}],"wp:attachment":[{"href":"https:\/\/www.europesays.com\/ch-fr\/wp-json\/wp\/v2\/media?parent=294147"}],"wp:term":[{"taxonomy":"category","embeddable":true,"href":"https:\/\/www.europesays.com\/ch-fr\/wp-json\/wp\/v2\/categories?post=294147"},{"taxonomy":"post_tag","embeddable":true,"href":"https:\/\/www.europesays.com\/ch-fr\/wp-json\/wp\/v2\/tags?post=294147"}],"curies":[{"name":"wp","href":"https:\/\/api.w.org\/{rel}","templated":true}]}}