{"id":294159,"date":"2026-09-06T11:05:11","date_gmt":"2026-09-06T11:05:11","guid":{"rendered":"https:\/\/www.europesays.com\/ch-fr\/294159\/"},"modified":"2026-09-06T11:05:11","modified_gmt":"2026-09-06T11:05:11","slug":"a-14-et-15-ans-nikita-et-lucie-lancent-leur-association-a-lannion-et-invitent-a-danser-sur-de-la-k-pop","status":"publish","type":"post","link":"https:\/\/www.europesays.com\/ch-fr\/294159\/","title":{"rendered":"\u00c0 14 et 15\u00a0ans, Nikita et Lucie lancent leur association \u00e0 Lannion et invitent \u00e0 danser sur de la K-pop"},"content":{"rendered":"<p>\n                Article premium,<br \/>\n                    R\u00e9serv\u00e9 aux\u00a0abonn\u00e9s\n            <\/p>\n<p class=\"su-standfirst chapeau\">Elles ont fait de leur passion le moteur de leur vie associative. Nikita Tual et sa copine Lucie Philippe lancent K-Un, d\u00e9di\u00e9e \u00e0 la danse K-pop. Elles \u00e9taient pr\u00e9sentes au forum des associations de Lannion\u00a0(C\u00f4tes-d\u2019Armor) pour faire conna\u00eetre la structure et l\u2019activit\u00e9. Particularit\u00e9\u00a0: il s\u2019agit d\u2019une junior association, car toutes deux ont respectivement 14 et 15\u00a0ans\u00a0!<\/p>\n<p>                                        <img decoding=\"async\" class=\"su-media\" src=\"https:\/\/media.ouest-france.fr\/v1\/pictures\/MjAyNjA5YjQ0ZDIyYjlkNWY0MzllOGMyMjQzYjA3ZDcxYTQ3MDk?width=630&amp;height=354&amp;focuspoint=50%2C25&amp;cropresize=1&amp;client_id=bpeditorial&amp;sign=e03d07a728e151ea6379d1b5d6925f2286c5b2f331b04f2f95412026aaa77580\" alt=\"Lucie Philippe et Nikita Tual lancent K-on, association de danse K-pop \u00e0 Lannion\"  \/><\/p>\n<p>                            Lucie Philippe et Nikita Tual lancent K-on, association de danse K-pop \u00e0 Lannion | OUEST-FRANCE<\/p>\n<p>                            fermer<\/p>\n<p><img decoding=\"async\" data-ofmaxheight=\"\" class=\"su-media lazyload\" alt=\"Lucie Philippe et Nikita Tual lancent K-on, association de danse K-pop \u00e0 Lannion\" src=\"data:image\/png;base64,iVBORw0KGgoAAAANSUhEUgAAABAAAAAJCAYAAAA7KqwyAAAAGXRFWHRTb2Z0d2FyZQBBZG9iZSBJbWFnZVJlYWR5ccllPAAAABhJREFUeNpi\/P\/\/PwMlgHHUgFEDgAAgwAD+lBrvy+NcxAAAAABJRU5ErkJggg==\" data-oflazyload=\"{&quot;srcset&quot;:&quot;https:\/\/media.ouest-france.fr\/v1\/pictures\/MjAyNjA5YjQ0ZDIyYjlkNWY0MzllOGMyMjQzYjA3ZDcxYTQ3MDk?width=320&amp;focuspoint=50%2C25&amp;cropresize=1&amp;client_id=bpeditorial&amp;sign=a6bb5eb97f504c83029e061ca595f47fbbf9fe034e0587ddce996bbcbb59ed4a 320w,https:\/\/media.ouest-france.fr\/v1\/pictures\/MjAyNjA5YjQ0ZDIyYjlkNWY0MzllOGMyMjQzYjA3ZDcxYTQ3MDk?width=375&amp;focuspoint=50%2C25&amp;cropresize=1&amp;client_id=bpeditorial&amp;sign=419f2675b6d71b19a08d21dcc1e5f900b02b4ead13490b042c27463231ea1c14 360w,https:\/\/media.ouest-france.fr\/v1\/pictures\/MjAyNjA5YjQ0ZDIyYjlkNWY0MzllOGMyMjQzYjA3ZDcxYTQ3MDk?width=480&amp;focuspoint=50%2C25&amp;cropresize=1&amp;client_id=bpeditorial&amp;sign=84e7db9989a20935254bee286df46f98d99d992895b86e3e6eb0046249ec5eab 480w,https:\/\/media.ouest-france.fr\/v1\/pictures\/MjAyNjA5YjQ0ZDIyYjlkNWY0MzllOGMyMjQzYjA3ZDcxYTQ3MDk?width=630&amp;focuspoint=50%2C25&amp;cropresize=1&amp;client_id=bpeditorial&amp;sign=0626e9b23f1594cc19f05476c71600be4ef0352a21aee5c5387889dd7d57f325 630w,https:\/\/media.ouest-france.fr\/v1\/pictures\/MjAyNjA5YjQ0ZDIyYjlkNWY0MzllOGMyMjQzYjA3ZDcxYTQ3MDk?width=940&amp;focuspoint=50%2C25&amp;cropresize=1&amp;client_id=bpeditorial&amp;sign=0d1f77051e58d33788e8694a111e19eb1ff277226210225857fa16afe912e371 940w,https:\/\/media.ouest-france.fr\/v1\/pictures\/MjAyNjA5YjQ0ZDIyYjlkNWY0MzllOGMyMjQzYjA3ZDcxYTQ3MDk?width=1260&amp;focuspoint=50%2C25&amp;cropresize=1&amp;client_id=bpeditorial&amp;sign=09ee3ac40c48a9a77d73a74a1f02274f83a53820b9219d44567230ca087d7c93 1260w&quot;}\"\/>Lucie Philippe et Nikita Tual lancent K-on, association de danse K-pop \u00e0 Lannion | OUEST-FRANCE                            <\/p>\n<p>Ce samedi 5\u00a0septembre 2026, <a href=\"https:\/\/www.ouest-france.fr\/bretagne\/lannion-22300\/kizomba-bachata-ou-salsa-cubaine-lassociation-lannion-move-elargit-son-offre-pour-la-rentree-2026-9c9a52aa-a605-11f1-95a1-d7cb1b3759ac?utm_source=troove&amp;utm_medium=site\" target=\"_self\" rel=\"nofollow noopener\">les associations<\/a>\u00a0de Lannion\u00a0(C\u00f4tes-d\u2019Armor) ont fait leur rentr\u00e9e avec le traditionnel forum qui leur permet de pr\u00e9senter leurs activit\u00e9s et de recruter de nouveaux membres. Comme \u00e0 l\u2019habitude, ce sont deux sites qu\u2019elles ont investis\u00a0: la maison des sports et ses abords, pour les structures sportives, et les Ursulines pour celles d\u00e9di\u00e9es \u00e0 la culture, aux loisirs, et au social. Le public n\u2019a pas d\u00e9rog\u00e9 \u00e0 ce rendez-vous, que ce soit \u00e0 Park-Nevez ou en&#8230;<\/p>\n<p style=\"text-align: center; background-color: #dbbe4d; padding-top: 5px; padding-bottom: 5px; font-size: 14px;\">D\u00e9j\u00e0 abonn\u00e9 ? <a data-trkartmonet=\"Identification\" data-trk-sipa=\"{\" blockcategory=\"\" paywall=\"\" href=\"http:\/\/www.ouest-france.fr\/login?redirect=https:\/\/www.ouest-france.fr\/associations\/a-14-et-15-ans-nikita-et-lucie-lancent-leur-association-a-lannion-et-invitent-a-danser-sur-de-la-k-pop-ca3bc72a-a92f-11f1-a618-771a80631f2f\" rel=\"nofollow noopener\" title=\"Se connecter \u00e0 Ouest-France\" class=\"su-link-light\" target=\"_blank\">Connectez-vous<\/a><\/p>\n<p style=\"text-align: center; padding-top: 15px; padding-bottom: 8px; vertical-align: bottom;\">bloqu\u00e9 Pour lire la suite, abonnez-vous<\/p>\n<p style=\"text-align: center;\">1er mois \u00e0 1\u20ac<\/p>\n<p style=\"text-align: center; margin-top: -5px;\">Annulable \u00e0 tout moment<\/p>\n<p style=\"text-align: center;\">\u00a0<\/p>\n<p style=\"text-align: center;\"><a data-ida=\"\" data-trkartmonet=\"Tunnel OF+\" data-trk-sipa=\"{&#010;\" blockcategory=\"\" paywall=\"\" :=\"\" m=\"\" of=\"\" class=\"su-button su-subscription\" data-trk-bloc=\"paywall\" href=\"https:\/\/abonnement.ouest-france.fr\/tunnel\/pack-essentiel-article\/122096117101?int_medium=lien&amp;int_campaign=PWFR0225-OF&amp;int_content=page-article-payant_boutonjaune-paywall&amp;marquesource=OF&amp;rt=https:\/\/www.ouest-france.fr\/associations\/a-14-et-15-ans-nikita-et-lucie-lancent-leur-association-a-lannion-et-invitent-a-danser-sur-de-la-k-pop-ca3bc72a-a92f-11f1-a618-771a80631f2f\" rel=\"nofollow noopener\" target=\"_blank\">Je m&rsquo;abonne<\/a><\/p>\n<p style=\"text-align: center; padding-top: 10px; padding-bottom: 10px;\"><img decoding=\"async\" src=\"https:\/\/media.ouest-france.fr\/v1\/fonts\/be7723fcee3f1866f1ce99184077fc6f-carte-bancaire.svg?height=36\" alt=\"CB\"\/>\u00a0\u00a0<img decoding=\"async\" src=\"https:\/\/media.ouest-france.fr\/v1\/fonts\/1819d54c599d8afa64539cfba4ac9dde-rib.svg?height=36\" alt=\"RIB\"\/>\u00a0\u00a0<img decoding=\"async\" src=\"https:\/\/media.ouest-france.fr\/v1\/fonts\/065fc80d7b6a03d14a834c224ce723e1-paypal.svg?height=36\" alt=\"PAYPAL\"\/><\/p>\n","protected":false},"excerpt":{"rendered":"Article premium, R\u00e9serv\u00e9 aux\u00a0abonn\u00e9s Elles ont fait de leur passion le moteur de leur vie associative. Nikita Tual&hellip;\n","protected":false},"author":2,"featured_media":294160,"comment_status":"","ping_status":"","sticky":false,"template":"","format":"standard","meta":{"footnotes":"","_share_on_mastodon":"0"},"categories":[12],"tags":[5977,19239,5023,401,113,112,5022,140,141,654,23],"class_list":["post-294159","post","type-post","status-publish","format-standard","has-post-thumbnail","category-musique","tag-associations","tag-benevole","tag-cotes-darmor","tag-danse","tag-divertissement","tag-entertainment","tag-lannion","tag-music","tag-musique","tag-musiques","tag-suisse"],"share_on_mastodon":{"url":"https:\/\/pubeurope.com\/@ch_fr\/117223773466003548","error":""},"_links":{"self":[{"href":"https:\/\/www.europesays.com\/ch-fr\/wp-json\/wp\/v2\/posts\/294159","targetHints":{"allow":["GET"]}}],"collection":[{"href":"https:\/\/www.europesays.com\/ch-fr\/wp-json\/wp\/v2\/posts"}],"about":[{"href":"https:\/\/www.europesays.com\/ch-fr\/wp-json\/wp\/v2\/types\/post"}],"author":[{"embeddable":true,"href":"https:\/\/www.europesays.com\/ch-fr\/wp-json\/wp\/v2\/users\/2"}],"replies":[{"embeddable":true,"href":"https:\/\/www.europesays.com\/ch-fr\/wp-json\/wp\/v2\/comments?post=294159"}],"version-history":[{"count":0,"href":"https:\/\/www.europesays.com\/ch-fr\/wp-json\/wp\/v2\/posts\/294159\/revisions"}],"wp:featuredmedia":[{"embeddable":true,"href":"https:\/\/www.europesays.com\/ch-fr\/wp-json\/wp\/v2\/media\/294160"}],"wp:attachment":[{"href":"https:\/\/www.europesays.com\/ch-fr\/wp-json\/wp\/v2\/media?parent=294159"}],"wp:term":[{"taxonomy":"category","embeddable":true,"href":"https:\/\/www.europesays.com\/ch-fr\/wp-json\/wp\/v2\/categories?post=294159"},{"taxonomy":"post_tag","embeddable":true,"href":"https:\/\/www.europesays.com\/ch-fr\/wp-json\/wp\/v2\/tags?post=294159"}],"curies":[{"name":"wp","href":"https:\/\/api.w.org\/{rel}","templated":true}]}}