{"id":294181,"date":"2026-09-06T11:23:15","date_gmt":"2026-09-06T11:23:15","guid":{"rendered":"https:\/\/www.europesays.com\/ch-fr\/294181\/"},"modified":"2026-09-06T11:23:15","modified_gmt":"2026-09-06T11:23:15","slug":"pourquoi-luther-intrigue-autant-avant-la-sortie-de-shelf","status":"publish","type":"post","link":"https:\/\/www.europesays.com\/ch-fr\/294181\/","title":{"rendered":"Pourquoi Luther intrigue autant avant la sortie de shelf"},"content":{"rendered":"<p itemprop=\"description\">Il suffit parfois de quelques morceaux pour cr\u00e9er un v\u00e9ritable ph\u00e9nom\u00e8ne. Depuis plusieurs ann\u00e9es, Luther intrigue autant qu&rsquo;il s\u00e9duit une nouvelle g\u00e9n\u00e9ration d&rsquo;auditeurs.<\/p>\n<p>\t\t\t\t\tUn artiste qui cultive le myst\u00e8re<\/p>\n<p class=\"isSelectedEnd\">Luther a rapidement compris que la raret\u00e9 pouvait devenir une v\u00e9ritable force. L\u00e0 o\u00f9 beaucoup d&rsquo;artistes multiplient les interviews, les apparitions et les contenus promotionnels, lui privil\u00e9gie la discr\u00e9tion.<\/p>\n<p class=\"isSelectedEnd\">Cette attitude participe directement \u00e0 la fascination qu&rsquo;il exerce. Le public conna\u00eet finalement peu de choses sur l&rsquo;homme derri\u00e8re Luther et doit principalement passer par sa musique pour comprendre son univers.<\/p>\n<p>Un rap de la \u00ab g\u00e9n\u00e9ration Internet \u00bb<\/p>\n<p class=\"isSelectedEnd\">Luther appartient \u00e0 cette nouvelle g\u00e9n\u00e9ration d&rsquo;artistes dont les univers se sont construits en grande partie sur Internet. Ses premiers morceaux ont circul\u00e9 sur SoundCloud, <a href=\"https:\/\/generations.fr\/news\/musique\/80748\/jolagreen23-de-rookie-a-incontournable-2026-s-annonce-comme-son-annee-pour-tout-casser\" target=\"_blank\" rel=\"noopener nofollow\">avant qu&rsquo;il ne d\u00e9veloppe progressivement une identit\u00e9 musicale reconnaissable.<\/a><\/p>\n<p class=\"isSelectedEnd\">Son esth\u00e9tique repose sur des productions souvent minimalistes, synth\u00e9tiques et m\u00e9lancoliques. Sa voix, volontairement pos\u00e9e et parfois accompagn\u00e9e d&rsquo;effets, participe elle aussi \u00e0 cette ambiance particuli\u00e8re.<\/p>\n<p class=\"isSelectedEnd\">Mais r\u00e9duire Luther \u00e0 la simple \u00ab new wave \u00bb serait trop facile. Son rap navigue entre trap, cloud rap, plugg et sonorit\u00e9s \u00e9lectroniques, avec une \u00e9criture qui laisse une place importante aux \u00e9motions, aux doutes et aux observations du quotidien.<\/p>\n<p>Gar\u00e7on, le projet qui change tout<\/p>\n<p class=\"isSelectedEnd\">En 2022, Luther franchit un premier v\u00e9ritable cap avec\u00a0Gar\u00e7on. Le projet lui permet de toucher un public beaucoup plus large et d&rsquo;installer durablement son nom dans le paysage rap fran\u00e7ais.<\/p>\n<p class=\"isSelectedEnd\">Le titre \u00e9ponyme devient progressivement l&rsquo;un de ses morceaux les plus identifi\u00e9s et participe \u00e0 l&rsquo;explosion de sa popularit\u00e9. L&rsquo;album finira par \u00eatre certifi\u00e9 disque d&rsquo;or, preuve que son univers, pourtant \u00e9loign\u00e9 des recettes traditionnelles du rap grand public, trouve un v\u00e9ritable \u00e9cho aupr\u00e8s du public.<\/p>\n<p class=\"isSelectedEnd\">Dans la foul\u00e9e, Luther rejoint pleinement l&rsquo;\u00e9cosyst\u00e8me de Sublime, le label fond\u00e9 par Disiz. <a href=\"https:\/\/generations.fr\/news\/musique\/81791\/al-walid-la-pepite-genevoise-qui-fait-grandir-le-rap-suisse\" target=\"_blank\" rel=\"noopener nofollow\">Il poursuit alors son d\u00e9veloppement tout en conservant cette volont\u00e9 de rester difficile \u00e0 cerner.<\/a><\/p>\n<p>EXIT, une nouvelle \u00e9tape<\/p>\n<p class=\"isSelectedEnd\">En 2024, Luther revient avec EXIT. L&rsquo;album confirme que\u00a0Gar\u00e7on n&rsquo;\u00e9tait pas un simple coup d&rsquo;\u00e9clat.<\/p>\n<p class=\"isSelectedEnd\">Des titres comme \u00ab Rouge Goron \u00bb et \u00ab Mossy Cobblestone \u00bb prolongent son approche musicale tout en montrant une volont\u00e9 d&rsquo;explorer davantage ses sonorit\u00e9s. <a href=\"https:\/\/generations.fr\/news\/musique\/81873\/mairo-devoile-bliss-son-nouvel-album-en-collaboration-avec-neophron\" target=\"_blank\" rel=\"noopener nofollow\">Le rappeur continue surtout \u00e0 construire une discographie coh\u00e9rente, sans chercher \u00e0 reproduire exactement ce qui a fonctionn\u00e9 auparavant.<\/a><\/p>\n<p class=\"isSelectedEnd\">Entre les deux projets, Luther appara\u00eet \u00e9galement sur plusieurs morceaux d&rsquo;artistes de sa g\u00e9n\u00e9ration, notamment Rounhaa, NeS, Selug, ou encore Wallace Cleaver\u00a0. Ces collaborations ont contribu\u00e9 \u00e0 l&rsquo;inscrire dans une sc\u00e8ne alternative particuli\u00e8rement dynamique.<\/p>\n<p>shelf, le prochain grand chapitre<\/p>\n<p class=\"isSelectedEnd\">Apr\u00e8s plusieurs mois de silence relatif, Luther pr\u00e9pare d\u00e9sormais son retour avec\u00a0shelf.<\/p>\n<p class=\"isSelectedEnd\">Le projet est officiellement annonc\u00e9 pour le 18 septembre 2026 et devrait compter 15 morceaux.<\/p>\n<p class=\"isSelectedEnd\">L&rsquo;artiste a d\u00e9j\u00e0 commenc\u00e9 \u00e0 d\u00e9voiler quelques \u00e9l\u00e9ments de ce nouveau chapitre. Les morceaux \u00ab creeper \u00bb et \u00ab seed \u00bb, sortis le 23 juillet 2026, constituent notamment les derni\u00e8res pi\u00e8ces d\u00e9voil\u00e9es avant l&rsquo;arriv\u00e9e de l&rsquo;album.<\/p>\n<p class=\"isSelectedEnd\">Ces nouvelles sorties arrivent apr\u00e8s \u00ab L&rsquo;Horloger \u00bb et \u00ab Alibi \u00bb, deux titres qui avaient d\u00e9j\u00e0 aliment\u00e9 les attentes autour de son prochain projet.<\/p>\n<p>Une attente particuli\u00e8re autour de l&rsquo;album<\/p>\n<p class=\"isSelectedEnd\">L&rsquo;int\u00e9r\u00eat autour de shelf tient autant \u00e0 la musique qu&rsquo;\u00e0 la mani\u00e8re dont Luther construit son retour. L&rsquo;artiste communique tr\u00e8s peu et laisse ses morceaux parler pour lui. Chaque nouvelle sortie devient donc un \u00e9v\u00e9nement pour une communaut\u00e9 particuli\u00e8rement attentive au moindre indice.<\/p>\n<p class=\"isSelectedEnd\">Cette strat\u00e9gie correspond finalement parfaitement \u00e0 son personnage artistique : Luther ne cherche pas \u00e0 \u00eatre partout, il cherche \u00e0 cr\u00e9er un univers dans lequel son public a envie de rester.<\/p>\n<p class=\"isSelectedEnd\">Avec shelf, il va d\u00e9sormais devoir confirmer tout ce qu&rsquo;il a construit depuis ses d\u00e9buts. Apr\u00e8s Gar\u00e7on et EXIT, l&rsquo;enjeu sera de montrer jusqu&rsquo;o\u00f9 peut aller cet univers singulier sans perdre ce qui fait aujourd&rsquo;hui sa force.<\/p>\n<p>Une chose est certaine : \u00e0 quelques semaines de la sortie de shelf, Luther n&rsquo;a jamais sembl\u00e9 aussi attendu.<\/p>\n","protected":false},"excerpt":{"rendered":"Il suffit parfois de quelques morceaux pour cr\u00e9er un v\u00e9ritable ph\u00e9nom\u00e8ne. Depuis plusieurs ann\u00e9es, Luther intrigue autant qu&rsquo;il&hellip;\n","protected":false},"author":2,"featured_media":294182,"comment_status":"","ping_status":"","sticky":false,"template":"","format":"standard","meta":{"footnotes":"","_share_on_mastodon":"0"},"categories":[12],"tags":[694,695,22,684,113,112,683,688,675,677,674,676,686,685,678,696,140,141,21,681,692,117,697,256,691,693,687,689,682,679,23,680,690],"class_list":["post-294181","post","type-post","status-publish","format-standard","has-post-thumbnail","category-musique","tag-actu","tag-actu-rap","tag-actualites","tag-chroniques","tag-divertissement","tag-entertainment","tag-freestyles","tag-funk","tag-generation","tag-generation88-2","tag-generations","tag-generations88-2","tag-hip-hop","tag-hiphop","tag-hiphopsoul","tag-info","tag-music","tag-musique","tag-news","tag-photos","tag-playlist","tag-radio","tag-radio-rap","tag-rap","tag-rapfr","tag-rapus","tag-reggae","tag-rnb","tag-sons","tag-soul","tag-suisse","tag-videos","tag-webradio"],"share_on_mastodon":{"url":"https:\/\/pubeurope.com\/@ch_fr\/117223843822530947","error":""},"_links":{"self":[{"href":"https:\/\/www.europesays.com\/ch-fr\/wp-json\/wp\/v2\/posts\/294181","targetHints":{"allow":["GET"]}}],"collection":[{"href":"https:\/\/www.europesays.com\/ch-fr\/wp-json\/wp\/v2\/posts"}],"about":[{"href":"https:\/\/www.europesays.com\/ch-fr\/wp-json\/wp\/v2\/types\/post"}],"author":[{"embeddable":true,"href":"https:\/\/www.europesays.com\/ch-fr\/wp-json\/wp\/v2\/users\/2"}],"replies":[{"embeddable":true,"href":"https:\/\/www.europesays.com\/ch-fr\/wp-json\/wp\/v2\/comments?post=294181"}],"version-history":[{"count":0,"href":"https:\/\/www.europesays.com\/ch-fr\/wp-json\/wp\/v2\/posts\/294181\/revisions"}],"wp:featuredmedia":[{"embeddable":true,"href":"https:\/\/www.europesays.com\/ch-fr\/wp-json\/wp\/v2\/media\/294182"}],"wp:attachment":[{"href":"https:\/\/www.europesays.com\/ch-fr\/wp-json\/wp\/v2\/media?parent=294181"}],"wp:term":[{"taxonomy":"category","embeddable":true,"href":"https:\/\/www.europesays.com\/ch-fr\/wp-json\/wp\/v2\/categories?post=294181"},{"taxonomy":"post_tag","embeddable":true,"href":"https:\/\/www.europesays.com\/ch-fr\/wp-json\/wp\/v2\/tags?post=294181"}],"curies":[{"name":"wp","href":"https:\/\/api.w.org\/{rel}","templated":true}]}}