{"id":294197,"date":"2026-09-06T11:39:14","date_gmt":"2026-09-06T11:39:14","guid":{"rendered":"https:\/\/www.europesays.com\/ch-fr\/294197\/"},"modified":"2026-09-06T11:39:14","modified_gmt":"2026-09-06T11:39:14","slug":"les-12-mediatheques-luberon-monts-de-vaucluse-celebrent-200-ans-de-photographie","status":"publish","type":"post","link":"https:\/\/www.europesays.com\/ch-fr\/294197\/","title":{"rendered":"Les 12 m\u00e9diath\u00e8ques Luberon Monts de Vaucluse c\u00e9l\u00e8brent 200 ans de photographie"},"content":{"rendered":"<p>Du 1er septembre 2026 au 30 septembre 2027, le minist\u00e8re de la Culture c\u00e9l\u00e8bre les deux cents ans de la cr\u00e9ation de la premi\u00e8re image permanente par le Fran\u00e7ais Nic\u00e9phore Ni\u00e9pce (1765-1833). La photographie s&rsquo;invite ainsi partout en France et a fortiori dans les communes du territoire. Les 12 m\u00e9diath\u00e8ques de Luberon Monts de Vaucluse Agglom\u00e9ration (LMV), l&rsquo;office de tourisme Destination Luberon, les Archives municipales de Cavaillon et la MJC ont uni leurs forces autour de l&rsquo;image, de la transmission et de la m\u00e9moire \u00e0 travers une s\u00e9rie de rendez-vous majeurs, dans le cadre d&rsquo;une saison ayant pour fil conducteur \u00ab\u00a0le regard en h\u00e9ritage\u00a0\u00bb.<\/p>\n<p>La programmation a \u00e9t\u00e9 lanc\u00e9e d\u00e9but septembre en pr\u00e9sence de G\u00e9rard Daudet, maire de Cavaillon, et de Jean-Pierre G\u00e9rault, maire d&rsquo;Opp\u00e8de en charge de la culture au sein de l&rsquo;<a href=\"https:\/\/www.laprovence.com\/article\/societe\/2972484669988715\/la-mediatheque-lmv-de-cavaillon-devoile-sa-programmation-culturelle-et-artistique-printemps-ete\" target=\"_self\" rel=\"nofollow noopener\">intercommunalit\u00e9<\/a>. Le tout sous l&rsquo;\u00e9gide de Phanie Bluteau, directrice du r\u00e9seau des m\u00e9diath\u00e8ques, et de son \u00e9quipe.<\/p>\n<p>\u00ab\u00a0Faire de la photographie un langage commun\u00a0\u00bb<\/p>\n<p>\u00ab\u00a0L&rsquo;ambition est de faire de la photographie un langage commun, une sorte de fil rouge, capable de faire dialoguer communes, habitants, g\u00e9n\u00e9rations et visiteurs, a d\u00e9clar\u00e9 Jean-Pierre G\u00e9rault. Cette saison culturelle entend t\u00e9moigner, transmettre, r\u00e9v\u00e9ler et inventer, raconter les histoires et les r\u00e9alit\u00e9s humaines, conserver la m\u00e9moire, regarder autrement nos paysages et notre patrimoine, le tout sous le prisme de l&rsquo;image.\u00a0\u00bb<\/p>\n<p>Imagin\u00e9 \u00e0 Opp\u00e8de, le projet s&rsquo;\u00e9tendra progressivement \u00e0 l&rsquo;ensemble du territoire. Chaque commune conservera ses lieux, ses artistes et ses initiatives, tandis que les m\u00e9diath\u00e8ques multiplieront des passerelles, avec, comme support, des expositions, des conf\u00e9rences, des ateliers et des projections. Petit aper\u00e7u des manifestations phares labellis\u00e9es par le minist\u00e8re de la Culture.<\/p>\n<p>Opp\u00e8de<\/p>\n<p>Depuis le 4 juillet et jusqu&rsquo;au 30 octobre, le village accueille la manifestation <a href=\"https:\/\/www.laprovence.com\/article\/culture-loisirs\/1541374133943314\/video-le-retour-aux-sources-du-photographe-serge-assier\" target=\"_self\" rel=\"nofollow noopener\">Le verbe et l&rsquo;image<\/a>. Celle-ci se d\u00e9cline en 3 phases qui sont autant d&rsquo;expositions avec des projections de vid\u00e9os, des tables rondes, des conf\u00e9rences, une librairie et un atelier Polaroid (anim\u00e9 par Delphine samedi 19 septembre \u00e0 10\u2009h). Depuis d\u00e9but juillet, le photographe opp\u00e9dois Serge Assier expose au Vieil-Opp\u00e8de. \u00c0 partir du 12 septembre, le sp\u00e9cialiste du pop&rsquo;art Thierry Vasseur sera au Jardin de Madame avec Des robots et des r\u00eaves. Le m\u00eame jour, un projet participatif r\u00e9unira des portraits d&rsquo;anciens habitants d&rsquo;Opp\u00e8de, ou La m\u00e9moire des anciens, rue des Poulivets (rendez-vous \u00e0 16\u2009h\u200930 \u00e0 l&rsquo;\u00e9cole primaire).<\/p>\n<p>Lourmarin<\/p>\n<p>Du 12 septembre au 12 d\u00e9cembre, avec Plumes de lumi\u00e8re, Marie-H\u00e9l\u00e8ne Butez et Ga\u00eblle Gonnet proposeront deux regards photographiques crois\u00e9s autour des oiseaux, entre esth\u00e9tique graphique et observation sensible du vivant.<\/p>\n<p>Cavaillon<\/p>\n<p>La MJC accueillera jusqu&rsquo;au 15 octobre Ventoux, du ciel aux racines, avec les clich\u00e9s du photographe Lenny Vidal. Un d\u00e9tour s&rsquo;imposera ensuite aux Archives municipales, du 19 septembre au 23 d\u00e9cembre, pour l&rsquo;exposition Dans l&rsquo;\u0153il du photographe sur les professionnels et les amateurs de la photographie \u00e0 Cavaillon de 1870 \u00e0 1950. Et le 29 septembre, l&rsquo;historienne de l&rsquo;art Juliette Motte donnera une conf\u00e9rence sur l&rsquo;artiste impressionniste Gustave Caillebotte (1848-1894).<\/p>\n<p>Cabri\u00e8res-d&rsquo;Avignon<\/p>\n<p>Du 19 septembre au 10 novembre, l&rsquo;exposition Il n&rsquo;y a pas de plan\u00e8te B, de David Tatin, associera photo, nature et r\u00e9flexion sur le climat. Rendez-vous aussi le 26 septembre, \u00e0 10 h, pour un atelier Photo nature\u00a0avec le photographe (d\u00e8s 10 ans).<\/p>\n<p>Lauris<\/p>\n<p>Le 30 septembre, le Photo-club installera un studio pour r\u00e9aliser des portraits de famille (s\u00e9ances \u00e0 10h et 16h, gratuit).<\/p>\n","protected":false},"excerpt":{"rendered":"Du 1er septembre 2026 au 30 septembre 2027, le minist\u00e8re de la Culture c\u00e9l\u00e8bre les deux cents ans&hellip;\n","protected":false},"author":2,"featured_media":294198,"comment_status":"","ping_status":"","sticky":false,"template":"","format":"standard","meta":{"footnotes":"","_share_on_mastodon":"0"},"categories":[14],"tags":[6060,449,155,156,32939,113,112,473,20344,64232,47759,1889,23,975],"class_list":["post-294197","post","type-post","status-publish","format-standard","has-post-thumbnail","category-arts-et-design","tag-6060","tag-449","tag-arts-and-design","tag-arts-et-design","tag-celebrent","tag-divertissement","tag-entertainment","tag-les","tag-luberon","tag-mediatheques","tag-monts","tag-region","tag-suisse","tag-vaucluse"],"share_on_mastodon":{"url":"https:\/\/pubeurope.com\/@ch_fr\/117223906742591121","error":""},"_links":{"self":[{"href":"https:\/\/www.europesays.com\/ch-fr\/wp-json\/wp\/v2\/posts\/294197","targetHints":{"allow":["GET"]}}],"collection":[{"href":"https:\/\/www.europesays.com\/ch-fr\/wp-json\/wp\/v2\/posts"}],"about":[{"href":"https:\/\/www.europesays.com\/ch-fr\/wp-json\/wp\/v2\/types\/post"}],"author":[{"embeddable":true,"href":"https:\/\/www.europesays.com\/ch-fr\/wp-json\/wp\/v2\/users\/2"}],"replies":[{"embeddable":true,"href":"https:\/\/www.europesays.com\/ch-fr\/wp-json\/wp\/v2\/comments?post=294197"}],"version-history":[{"count":0,"href":"https:\/\/www.europesays.com\/ch-fr\/wp-json\/wp\/v2\/posts\/294197\/revisions"}],"wp:featuredmedia":[{"embeddable":true,"href":"https:\/\/www.europesays.com\/ch-fr\/wp-json\/wp\/v2\/media\/294198"}],"wp:attachment":[{"href":"https:\/\/www.europesays.com\/ch-fr\/wp-json\/wp\/v2\/media?parent=294197"}],"wp:term":[{"taxonomy":"category","embeddable":true,"href":"https:\/\/www.europesays.com\/ch-fr\/wp-json\/wp\/v2\/categories?post=294197"},{"taxonomy":"post_tag","embeddable":true,"href":"https:\/\/www.europesays.com\/ch-fr\/wp-json\/wp\/v2\/tags?post=294197"}],"curies":[{"name":"wp","href":"https:\/\/api.w.org\/{rel}","templated":true}]}}