{"id":294225,"date":"2026-09-06T12:02:12","date_gmt":"2026-09-06T12:02:12","guid":{"rendered":"https:\/\/www.europesays.com\/ch-fr\/294225\/"},"modified":"2026-09-06T12:02:12","modified_gmt":"2026-09-06T12:02:12","slug":"masque-de-grossesse-et-melasma-les-hormones-nexpliquent-pas-tout","status":"publish","type":"post","link":"https:\/\/www.europesays.com\/ch-fr\/294225\/","title":{"rendered":"Masque de grossesse et m\u00e9lasma: les hormones n\u2019expliquent pas tout"},"content":{"rendered":"<p>Souvent associ\u00e9 \u00e0 la grossesse, le m\u00e9lasma se manifeste aussi chez les femmes qui ne sont pas enceintes et parfois chez les hommes, la th\u00e8se des hormones \u00e9tant d\u00e9sormais jug\u00e9e incompl\u00e8te. Des traitements existent, mais le m\u00e9lasma hors grossesse a tendance \u00e0 r\u00e9appara\u00eetre avec l&rsquo;exposition au soleil.<\/p>\n<p>Le m\u00e9lasma est une affection de la peau qui provoque des taches brunes sur le visage. Quels en sont les facteurs d\u00e9clencheurs? Peut-on l&rsquo;\u00e9viter ou le faire dispara\u00eetre? L&rsquo;\u00e9mission On en parle fait le point sur les connaissances actuelles avec le dermatologue lausannois Daniel Perrenoud.\u00a0<\/p>\n<p>\u00c0 noter qu&rsquo;il s&rsquo;agit d\u2019une affection b\u00e9nigne: ses cons\u00e9quences ne sont qu\u2019esth\u00e9tiques. S\u2019il s\u2019av\u00e8re \u00eatre un masque de grossesse, il est temporaire. Ce n\u2019est en revanche pas le cas pour le m\u00e9lasma.<\/p>\n<p>Des causes encore peu claires\u00a0<\/p>\n<p>\u00ab\u00a0Les hormones jouent probablement un r\u00f4le favorisant, mais certainement beaucoup moins important que ce que l&rsquo;on a suppos\u00e9 par le pass\u00e9\u202f\u00a0\u00bb, explique Daniel Perrenoud dans On en parle.\u202f\u00a0\u00bbAinsi, le m\u00e9lasma peut toucher les hommes.\u202fIl peut appara\u00eetre en dehors de toute grossesse et chez des femmes qui n&rsquo;ont jamais pris de pilule contraceptive.\u00a0\u00bb<\/p>\n<p class=\"q-text\">Le m\u00e9lasma est tr\u00e8s fr\u00e9quent, mais est repr\u00e9sent\u00e9 de mani\u00e8re variable en fonction des ethnies, de la localisation sur la Terre et du comportement face au soleil<\/p>\n<p>  Daniel Perrenoud, dermatologue <\/p>\n<p>En outre, explique encore le sp\u00e9cialiste, \u00ab\u00a0le m\u00e9lasma est tr\u00e8s fr\u00e9quent, mais est repr\u00e9sent\u00e9 de mani\u00e8re variable en fonction des ethnies, de la localisation sur la terre et du comportement face au soleil.\u202fOn estime qu&rsquo;en Europe, il concerne environ une femme sur seize, tandis qu\u2019en Inde par exemple, il concerne une personne sur quatre\u00a0\u00bb.<\/p>\n<p>Les taches ont tendance \u00e0 s&rsquo;accentuer avec l&rsquo;exposition au soleil. \u00ab\u00a0Malheureusement, lorsque le m\u00e9lasma appara\u00eet, il a tendance \u00e0 r\u00e9cidiver d\u00e8s qu&rsquo;on s&rsquo;expose au soleil. On peut le contr\u00f4ler gr\u00e2ce \u00e0 des cr\u00e8mes \u00e9claircissantes, d\u00e9pigmentantes utilis\u00e9es individuellement en fonction de l&rsquo;intensit\u00e9 et de la localisation\u00a0\u00bb, pr\u00e9cise Daniel Perrenoud. Une protection solaire de qualit\u00e9 est donc n\u00e9cessaire.\u00a0<\/p>\n<p> &gt;&gt; Ecouter aussi le guichet d&rsquo;On en parle sur les maladies de la peau\u00a0:    Best-of guichet: vivre avec les maladies de la peau \/ On en parle \/ 31 min. \/ le 7 avril 2026 <\/p>\n<p class=\"sources\">Sujet radio: Catherine R\u00fcttimann<\/p>\n<p class=\"credit\">Adaptation web: Myriam Semaani<\/p>\n","protected":false},"excerpt":{"rendered":"Souvent associ\u00e9 \u00e0 la grossesse, le m\u00e9lasma se manifeste aussi chez les femmes qui ne sont pas enceintes&hellip;\n","protected":false},"author":2,"featured_media":294226,"comment_status":"","ping_status":"","sticky":false,"template":"","format":"standard","meta":{"footnotes":"","_share_on_mastodon":"0"},"categories":[9],"tags":[209,305,161,83,1901,26302,4755,1902,8569,393,394,84,296,238,23],"class_list":["post-294225","post","type-post","status-publish","format-standard","has-post-thumbnail","category-sante","tag-exposition","tag-famille","tag-grossesse","tag-health","tag-hormone","tag-laser","tag-masque","tag-on-en-parle","tag-peau","tag-recherche-medicale","tag-recherche-scientifique","tag-sante","tag-science-et-technologie","tag-societe","tag-suisse"],"share_on_mastodon":{"url":"https:\/\/pubeurope.com\/@ch_fr\/117223997305563881","error":""},"_links":{"self":[{"href":"https:\/\/www.europesays.com\/ch-fr\/wp-json\/wp\/v2\/posts\/294225","targetHints":{"allow":["GET"]}}],"collection":[{"href":"https:\/\/www.europesays.com\/ch-fr\/wp-json\/wp\/v2\/posts"}],"about":[{"href":"https:\/\/www.europesays.com\/ch-fr\/wp-json\/wp\/v2\/types\/post"}],"author":[{"embeddable":true,"href":"https:\/\/www.europesays.com\/ch-fr\/wp-json\/wp\/v2\/users\/2"}],"replies":[{"embeddable":true,"href":"https:\/\/www.europesays.com\/ch-fr\/wp-json\/wp\/v2\/comments?post=294225"}],"version-history":[{"count":0,"href":"https:\/\/www.europesays.com\/ch-fr\/wp-json\/wp\/v2\/posts\/294225\/revisions"}],"wp:featuredmedia":[{"embeddable":true,"href":"https:\/\/www.europesays.com\/ch-fr\/wp-json\/wp\/v2\/media\/294226"}],"wp:attachment":[{"href":"https:\/\/www.europesays.com\/ch-fr\/wp-json\/wp\/v2\/media?parent=294225"}],"wp:term":[{"taxonomy":"category","embeddable":true,"href":"https:\/\/www.europesays.com\/ch-fr\/wp-json\/wp\/v2\/categories?post=294225"},{"taxonomy":"post_tag","embeddable":true,"href":"https:\/\/www.europesays.com\/ch-fr\/wp-json\/wp\/v2\/tags?post=294225"}],"curies":[{"name":"wp","href":"https:\/\/api.w.org\/{rel}","templated":true}]}}