{"id":294239,"date":"2026-09-06T12:17:26","date_gmt":"2026-09-06T12:17:26","guid":{"rendered":"https:\/\/www.europesays.com\/ch-fr\/294239\/"},"modified":"2026-09-06T12:17:26","modified_gmt":"2026-09-06T12:17:26","slug":"il-y-a-30-ans-celine-dion-transformait-gorbio-en-decor-de-clip-pour-falling-into-you-lun-des-albums-majeurs-de-sa-carriere","status":"publish","type":"post","link":"https:\/\/www.europesays.com\/ch-fr\/294239\/","title":{"rendered":"Il y a 30\u00a0ans, C\u00e9line Dion transformait Gorbio en d\u00e9cor de clip pour \u00ab\u00a0Falling Into You\u00a0\u00bb, l\u2019un des albums majeurs de sa carri\u00e8re"},"content":{"rendered":"<p>Trente ans plus tard, les souvenirs n\u2019ont pas compl\u00e8tement quitt\u00e9 les ruelles. Alors que <a href=\"https:\/\/www.nicematin.com\/culture\/people\/effectivement-c-est-mon-deuxieme-chez-moi-celine-dion-est-arrivee-en-france-ce-vendredi-deux-semaines-avant-le-coup-d-envoi-de-ses-concerts-10713283\" rel=\"nofollow noopener\" target=\"_blank\">C\u00e9line Dion pr\u00e9pare \u00e0 Paris son grand retour sur sc\u00e8ne <\/a>apr\u00e8s plusieurs ann\u00e9es d\u2019absence, \u00e0 Gorbio, certains se souviennent encore de l\u2019hiver 1996.<\/p>\n<p>Pendant quelques jours de janvier, roulottes, jongleurs, clowns et cracheurs de feu avaient pris possession du village azur\u00e9en. Et au milieu de cette \u00e9trange troupe, une jeune femme de 27\u00a0ans faisait virevolter sa longue cape sous les lampions.<\/p>\n<p>C\u00e9line Dion tournait ici le clip de Falling Into You.<\/p>\n<p class=\"fs-5 \">Nous sommes les 18\u00a0et 19\u00a0janvier 1996. La chanteuse qu\u00e9b\u00e9coise est d\u00e9j\u00e0 une star internationale, mais My Heart Will Go On et Titanic sont encore \u00e0 venir. Son nouvel album, Falling Into You, ne sortira que quelques semaines plus tard.<\/p>\n<p class=\"fs-5 \">Pour les Gorbarins, l\u2019arriv\u00e9e de la chanteuse avait surtout quelque chose d\u2019irr\u00e9el. En 2021, \u00e0 l\u2019occasion des 25\u00a0ans du tournage, <a href=\"https:\/\/www.nicematin.com\/societe\/vie-locale\/le-jour-ou-celine-dion-a-tourne-un-clip-dans-un-village-perche-de-la-cote-d-azur-657190\" rel=\"nofollow noopener\" target=\"_blank\">plusieurs habitants avaient racont\u00e9 leurs souvenirs dans nos colonnes.<\/a><\/p>\n<p class=\"fs-5 \">\u00ab\u00a0J\u2019\u00e9tais adolescente et j\u2019\u00e9tais fan d\u2019elle lorsqu\u2019elle est venue \u00e0 Gorbio\u00a0\u00bb, se souvenait Maylis Maulandi. Avec sa meilleure amie C\u00e9lia, elle avait suivi le tournage comme on regarde un spectacle improvis\u00e9 devant chez soi. \u00ab\u00a0Nous \u00e9tions comme des enfants devant toute cette magie.\u00a0\u00bb<\/p>\n<p>    Un h\u00e9licopt\u00e8re pr\u00e8s du cimeti\u00e8re<\/p>\n<p class=\"fs-5 \">La magie commen\u00e7ait d\u00e8s le matin. C\u00e9line Dion s\u00e9journait alors au Carlton de Cannes et rejoignait Gorbio\u2026 en h\u00e9licopt\u00e8re. L\u2019appareil se posait \u00e0 proximit\u00e9 du cimeti\u00e8re. Une arriv\u00e9e assez peu ordinaire pour un village de l\u2019arri\u00e8re-pays mentonnais.<\/p>\n<p class=\"fs-5 \">Le tournage occupait ensuite les ruelles et la place. De jour, puis longtemps apr\u00e8s la tomb\u00e9e de la nuit. Pour l\u2019une des sc\u00e8nes, le c\u0153ur du village s\u2019\u00e9tait transform\u00e9 en spectacle de cirque \u00e0 ciel ouvert, \u00e9clair\u00e9 par les lampions.<\/p>\n<p class=\"fs-5 \">Les figurants\u00a0? En grande partie des habitants.<\/p>\n<p class=\"fs-5 \">\u00ab\u00a0Il n\u2019y avait pratiquement que les gens du village\u00a0\u00bb, racontait Maylis Maulandi. Des enfants, des adolescents, des familles install\u00e9es dans les tribunes pour les besoins du clip. C\u00e9line Dion, elle, \u00e9voluait \u00e0 quelques m\u00e8tres seulement, loin des foules qui entourent aujourd\u2019hui chacun de ses d\u00e9placements.<\/p>\n<p class=\"fs-5 \">La proximit\u00e9 est rest\u00e9e dans les m\u00e9moires. \u00ab\u00a0Elle \u00e9tait tr\u00e8s proche des participants\u00a0\u00bb, t\u00e9moignait Denise Viale.<\/p>\n<p class=\"fs-5 \">Seul probl\u00e8me\u00a0: nous \u00e9tions en janvier. Et les costumes pr\u00e9vus par la production avaient manifestement davantage pens\u00e9 \u00e0 l\u2019image qu\u2019aux temp\u00e9ratures de Gorbio.<\/p>\n<p class=\"fs-5 \">\u00ab\u00a0Nous \u00e9tions tous tr\u00e8s heureux de participer, mais tous gel\u00e9s\u00a0\u00bb, s\u2019amusait Chantal Alexandre.<\/p>\n<p>    Une soupe au pistou et un pressing en urgence<\/p>\n<p class=\"fs-5 \">Pour r\u00e9chauffer cette petite troupe,<a href=\"https:\/\/www.nicematin.com\/loisirs\/gastronomie\/des-celebrites-s-y-sont-attablees-ce-restaurant-des-alpes-maritimes-reference-au-gault-et-millau-fete-ses-100-ans-948493\" rel=\"nofollow noopener\" target=\"_blank\"> Yvan Bracco,<\/a> alors aux commandes du restaurant Le Beaus\u00e9jour, avait trouv\u00e9 la solution\u00a0: pr\u00e9parer une gigantesque soupe au pistou.<\/p>\n<p class=\"fs-5 \">Son \u00e9tablissement \u00e9tait devenu, le temps du tournage, l\u2019une des bases arri\u00e8re de la production. C\u00e9line Dion y avait install\u00e9 son vestiaire ainsi que son espace maquillage et coiffure. Ren\u00e9 Ang\u00e9lil, son mari et impr\u00e9sario, y \u00e9tait \u00e9galement pass\u00e9 entre deux prises.<\/p>\n<p class=\"fs-5 \">Yvan Bracco gardait surtout le souvenir d\u2019une star accessible. Au d\u00e9tour d\u2019une pause, il s\u2019\u00e9tait install\u00e9 au piano. C\u00e9line Dion l\u2019avait accompagn\u00e9 quelques instants au chant.<\/p>\n<p class=\"fs-5 \">Le tournage n\u2019avait pourtant rien d\u2019un long fleuve tranquille. La robe l\u00e9g\u00e8re port\u00e9e par la chanteuse supportait mal l\u2019humidit\u00e9 et les longues heures de prises. Un soir, il avait m\u00eame fallu trouver en urgence un pressing \u00e0 Menton \u00e0 22\u00a0heures pour d\u00e9froisser le costume avant de poursuivre.<\/p>\n<p class=\"fs-5 \">Pour \u00e9chapper un peu au froid, C\u00e9line Dion avait \u00e9galement trouv\u00e9 refuge dans un appartement de la rue Garibaldi. Avant de repartir, elle aurait laiss\u00e9 sur un mur un baiser au rouge \u00e0 l\u00e8vres accompagn\u00e9 d\u2019une d\u00e9dicace. Des ann\u00e9es plus tard, il n\u2019en restait d\u00e9j\u00e0 que quelques traces roses.<\/p>\n<p>    \u00ab\u00a0Et soudain, j\u2019ai vu C\u00e9line Dion\u00a0\u00bb<\/p>\n<p>    <img src=\"https:\/\/www.europesays.com\/ch-fr\/wp-content\/uploads\/2026\/09\/ARTBLOCKVIEW-10718679-1128-0-fed2399_upload-1-fdu4yo6yla9z-maxmatinarchtwo055870.jpg\"   class=\"figure-img img-fluid rounded d-block mb-0 w-100\" loading=\"lazy\" decoding=\"async\" alt=\"En janvier 1996, roulottes, jongleurs, clowns et cracheurs de feu avaient pris possession du village azur\u00e9en. \"\/><\/p>\n<p>                                    En janvier 1996, roulottes, jongleurs, clowns et cracheurs de feu avaient pris possession du village azur\u00e9en.  <br \/>Jean Fran\u00e7ois Ottonello \/ Nice-matin<\/p>\n<p class=\"fs-5 \">Tout le village n\u2019avait pourtant pas re\u00e7u le programme.<\/p>\n<p class=\"fs-5 \">Michel Isnard, futur maire de Gorbio, travaillait alors avec son \u00e9pouse Marie-France \u00e0 l\u2019organisation de spectacles au Palais de l\u2019Europe de Menton. Rentr\u00e9s tard un soir, tous deux ignoraient qu\u2019un tournage occupait encore les rues.<\/p>\n<p class=\"fs-5 \">Au d\u00e9tour d\u2019une ruelle, ils avaient aper\u00e7u une femme en longue robe courir dans leur direction. \u00ab\u00a0Et soudain, j\u2019ai vu C\u00e9line Dion\u00a0!\u00a0\u00bb, racontait-il.<\/p>\n<p class=\"fs-5 \">Le couple venait surtout de se planter en plein milieu d\u2019une prise. Derri\u00e8re les cam\u00e9ras, l\u2019\u00e9quipe avait imm\u00e9diatement cri\u00e9 de couper. Une rencontre improbable devenue, elle aussi, un morceau de l\u2019histoire locale.<\/p>\n<p class=\"fs-5 \">Avant de quitter Gorbio, la chanteuse avait \u00e9galement rendu visite aux \u00e9l\u00e8ves du village. Alicia Saramito avait 8\u00a0ans. Elle se souvenait d\u2019une C\u00e9line Dion \u00ab\u00a0simple, tr\u00e8s cool\u00a0\u00bb, rest\u00e9e pr\u00e8s d\u2019une heure avec sa classe \u00e0 signer des autographes.<\/p>\n<p class=\"fs-5 \">Quelques semaines plus tard, le d\u00e9cor gorbarin apparaissait sur les \u00e9crans du monde entier. L\u2019album Falling Into You sortait en mars\u00a01996\u00a0et allait devenir l\u2019un des plus importants de la carri\u00e8re de la Qu\u00e9b\u00e9coise.<\/p>\n<p class=\"fs-5 \">Trente ans ont pass\u00e9. Trente ans ont pass\u00e9. C\u00e9line Dion s\u2019appr\u00eate d\u00e9sormais \u00e0 retrouver son public \u00e0 Paris, o\u00f9 <a href=\"https:\/\/www.nicematin.com\/loisirs\/celine-dion-va-se-produire-a-plenitude-arena-on-vous-explique-pourquoi-10685126\" rel=\"nofollow noopener\" target=\"_blank\">seize concerts sont programm\u00e9s \u00e0 la Plenitude Arena.<\/a> \u00c0 pr\u00e8s de 1\u00a0000\u00a0kilom\u00e8tres de l\u00e0, \u00e0 Gorbio, Falling Into You continue de ramener le village \u00e0 ces deux jours de janvier\u00a01996.<\/p>\n","protected":false},"excerpt":{"rendered":"Trente ans plus tard, les souvenirs n\u2019ont pas compl\u00e8tement quitt\u00e9 les ruelles. Alors que C\u00e9line Dion pr\u00e9pare \u00e0&hellip;\n","protected":false},"author":2,"featured_media":294240,"comment_status":"","ping_status":"","sticky":false,"template":"","format":"standard","meta":{"footnotes":"","_share_on_mastodon":"0"},"categories":[12],"tags":[113,112,140,141,23],"class_list":["post-294239","post","type-post","status-publish","format-standard","has-post-thumbnail","category-musique","tag-divertissement","tag-entertainment","tag-music","tag-musique","tag-suisse"],"share_on_mastodon":{"url":"https:\/\/pubeurope.com\/@ch_fr\/117224056382591935","error":""},"_links":{"self":[{"href":"https:\/\/www.europesays.com\/ch-fr\/wp-json\/wp\/v2\/posts\/294239","targetHints":{"allow":["GET"]}}],"collection":[{"href":"https:\/\/www.europesays.com\/ch-fr\/wp-json\/wp\/v2\/posts"}],"about":[{"href":"https:\/\/www.europesays.com\/ch-fr\/wp-json\/wp\/v2\/types\/post"}],"author":[{"embeddable":true,"href":"https:\/\/www.europesays.com\/ch-fr\/wp-json\/wp\/v2\/users\/2"}],"replies":[{"embeddable":true,"href":"https:\/\/www.europesays.com\/ch-fr\/wp-json\/wp\/v2\/comments?post=294239"}],"version-history":[{"count":0,"href":"https:\/\/www.europesays.com\/ch-fr\/wp-json\/wp\/v2\/posts\/294239\/revisions"}],"wp:featuredmedia":[{"embeddable":true,"href":"https:\/\/www.europesays.com\/ch-fr\/wp-json\/wp\/v2\/media\/294240"}],"wp:attachment":[{"href":"https:\/\/www.europesays.com\/ch-fr\/wp-json\/wp\/v2\/media?parent=294239"}],"wp:term":[{"taxonomy":"category","embeddable":true,"href":"https:\/\/www.europesays.com\/ch-fr\/wp-json\/wp\/v2\/categories?post=294239"},{"taxonomy":"post_tag","embeddable":true,"href":"https:\/\/www.europesays.com\/ch-fr\/wp-json\/wp\/v2\/tags?post=294239"}],"curies":[{"name":"wp","href":"https:\/\/api.w.org\/{rel}","templated":true}]}}