{"id":294377,"date":"2026-09-06T14:27:31","date_gmt":"2026-09-06T14:27:31","guid":{"rendered":"https:\/\/www.europesays.com\/ch-fr\/294377\/"},"modified":"2026-09-06T14:27:31","modified_gmt":"2026-09-06T14:27:31","slug":"a-45-ans-natalie-portman-est-maman-pour-la-troisieme-fois","status":"publish","type":"post","link":"https:\/\/www.europesays.com\/ch-fr\/294377\/","title":{"rendered":"\u00c0 45 ans, Natalie Portman est maman pour la troisi\u00e8me fois"},"content":{"rendered":"<p class=\"ap-StoryElement ap-StoryElement--mb ap-StoryText\">Le couple qu&rsquo;elle forme avec le Fran\u00e7ais Taguy Destable, plus connu sous son Tepr, a \u00e9t\u00e9 photographi\u00e9 \u00e0 Paris avec un nouveau dans les bras. C&rsquo;est le site Page Six qui a d\u00e9voil\u00e9 les photos prises. D&rsquo;apr\u00e8s diff\u00e9rents m\u00e9dias am\u00e9ricains, Natalie Portman aurait accouch\u00e9 le mois dernier dans la capitale fran\u00e7aise, indique le magazine People.<\/p>\n<p class=\"ap-StoryElement ap-StoryElement--mb ap-StoryText\">Ce b\u00e9b\u00e9, dont on ne conna\u00eet ni le pr\u00e9nom ni le sexe, vient agrandir une famille recompos\u00e9e d\u00e9j\u00e0 grande. En effet, il s&rsquo;agit du troisi\u00e8me enfant de <a href=\"https:\/\/www.dhnet.be\/lifestyle\/people\/2026\/01\/26\/horrible-le-pire-du-pire-de-lhumanite-natalie-portman-elijah-wood-edward-norton-les-stars-dhollywood-denoncent-les-methodes-de-lice-WRBLIO2OQFAEPP4UZ7I6DRODFU\/\" target=\"_self\" rel=\"nofollow noopener\">Natalie Portman <\/a>qui a donn\u00e9 naissance deux fois lorsqu&rsquo;elle \u00e9tait en couple avec le danseur et chor\u00e9graphe Benjamin Millepied\u00a0: Aleph, 15 ans, et Am\u00e9lia, 9 ans.<\/p>\n<p><a href=\"https:\/\/www.dhnet.be\/lifestyle\/people\/2023\/11\/27\/trop-dhistoires-horribles-natalie-portman-deconseille-aux-enfants-de-travailler-a-hollywood-3SVGTOXEZRDUNPQNZLDRZPNAXY\/\" target=\"_self\" class=\"ap-StoryInterstitialLink ap-StoryElement ap-StoryElement--mb\" rel=\"nofollow noopener\">\u00ab\u00a0Trop d&rsquo;histoires horribles\u00a0\u00bb : Natalie Portman d\u00e9conseille aux enfants de travailler \u00e0 Hollywood<\/a><\/p>\n<p class=\"ap-StoryElement ap-StoryElement--mb ap-StoryText\">Il s&rsquo;agit aussi du troisi\u00e8me enfant pour Taguy Destable qui est le papa de deux gar\u00e7ons respectivement \u00e2g\u00e9s de 10 ans et 6 ans\u00a0: \u00c9tienne et Vadim.<\/p>\n","protected":false},"excerpt":{"rendered":"Le couple qu&rsquo;elle forme avec le Fran\u00e7ais Taguy Destable, plus connu sous son Tepr, a \u00e9t\u00e9 photographi\u00e9 \u00e0&hellip;\n","protected":false},"author":2,"featured_media":294378,"comment_status":"","ping_status":"","sticky":false,"template":"","format":"standard","meta":{"footnotes":"","_share_on_mastodon":"0"},"categories":[15],"tags":[23777,1098,449,158,157,1104,1105,113,1106,112,1107,30,1108,23781,1109,1115,1116,1117,1118,876,51005,159,1120,1121,1122,1123,1124,1125,186,1126,23,1127,47011,1134,1135,1137,1138,1140,1141,1142,41,1143],"class_list":["post-294377","post","type-post","status-publish","format-standard","has-post-thumbnail","category-people","tag-gregoryvg_photography","tag-2-uwt","tag-449","tag-celebrities","tag-celebrity","tag-cycling","tag-cyclisme","tag-divertissement","tag-elite","tag-entertainment","tag-etape","tag-france","tag-frankrijk","tag-gregory-van-gansen","tag-hommes","tag-le-tour","tag-le-tour-de-france","tag-letour","tag-mannen","tag-men","tag-orcieres-merlette","tag-people","tag-rit","tag-road","tag-roadcycling","tag-ronde","tag-ronde-van-frankrijk","tag-route","tag-sport","tag-stage","tag-suisse","tag-tdf","tag-tdf2026","tag-tour","tag-tour-de-france","tag-uci","tag-uwt","tag-weg","tag-wegrit","tag-wielrennen","tag-world","tag-world-tour"],"share_on_mastodon":{"url":"https:\/\/pubeurope.com\/@ch_fr\/117224567461536862","error":""},"_links":{"self":[{"href":"https:\/\/www.europesays.com\/ch-fr\/wp-json\/wp\/v2\/posts\/294377","targetHints":{"allow":["GET"]}}],"collection":[{"href":"https:\/\/www.europesays.com\/ch-fr\/wp-json\/wp\/v2\/posts"}],"about":[{"href":"https:\/\/www.europesays.com\/ch-fr\/wp-json\/wp\/v2\/types\/post"}],"author":[{"embeddable":true,"href":"https:\/\/www.europesays.com\/ch-fr\/wp-json\/wp\/v2\/users\/2"}],"replies":[{"embeddable":true,"href":"https:\/\/www.europesays.com\/ch-fr\/wp-json\/wp\/v2\/comments?post=294377"}],"version-history":[{"count":0,"href":"https:\/\/www.europesays.com\/ch-fr\/wp-json\/wp\/v2\/posts\/294377\/revisions"}],"wp:featuredmedia":[{"embeddable":true,"href":"https:\/\/www.europesays.com\/ch-fr\/wp-json\/wp\/v2\/media\/294378"}],"wp:attachment":[{"href":"https:\/\/www.europesays.com\/ch-fr\/wp-json\/wp\/v2\/media?parent=294377"}],"wp:term":[{"taxonomy":"category","embeddable":true,"href":"https:\/\/www.europesays.com\/ch-fr\/wp-json\/wp\/v2\/categories?post=294377"},{"taxonomy":"post_tag","embeddable":true,"href":"https:\/\/www.europesays.com\/ch-fr\/wp-json\/wp\/v2\/tags?post=294377"}],"curies":[{"name":"wp","href":"https:\/\/api.w.org\/{rel}","templated":true}]}}