{"id":294381,"date":"2026-09-06T14:29:59","date_gmt":"2026-09-06T14:29:59","guid":{"rendered":"https:\/\/www.europesays.com\/ch-fr\/294381\/"},"modified":"2026-09-06T14:29:59","modified_gmt":"2026-09-06T14:29:59","slug":"plaine-orientale-canal-recherche-des-figurants-et-des-comediens-pour-la-saison-2-tournee-en-haute-corse","status":"publish","type":"post","link":"https:\/\/www.europesays.com\/ch-fr\/294381\/","title":{"rendered":"Plaine Orientale : Canal+ recherche des figurants et des com\u00e9diens pour la saison 2 tourn\u00e9e en Haute-Corse"},"content":{"rendered":"<p>Le tournage de<a href=\"https:\/\/www.corsematin.com\/article\/culture-loisirs\/44165533758709\/la-serie-tv-plaine-orientale-une-tragedie-corse-entre-mafia-et-quete-didentite\" target=\"_self\" rel=\"nofollow noopener\"> la saison 2 de Plaine Orientale <\/a>se poursuit en Haute-Corse. Pour les besoins de la s\u00e9rie de Canal+, la production recherche actuellement diff\u00e9rents profils pour participer aux sc\u00e8nes Des profils plus sp\u00e9cifiques sont recherch\u00e9s :<\/p>\n<p>&#8211; Hommes et femmes pouvant interpr\u00e9ter des policiers ou membres des forces de l&rsquo;ordre<\/p>\n<p>&#8211; Bons pilotes de voiture<\/p>\n<p>&#8211; Bons pilotes de moto<\/p>\n<p>&#8211; Hommes d&rsquo;origine maghr\u00e9bine<\/p>\n<p>La r\u00e9mun\u00e9ration pr\u00e9vue : 98,48 euros bruts la journ\u00e9e.<\/p>\n<p>Pour postuler :<br \/><a href=\"https:\/\/www.corsematin.com\/cdn-cgi\/l\/email-protection\" class=\"__cf_email__\" data-cfemail=\"92f1f3e1e6fbfcf5e2fef3fbfcf7fde0fbf7fce6f3fef7d2f5fff3fbfebcf1fdff\" rel=\"nofollow noopener\" target=\"_blank\">[email\u00a0protected]<\/a><\/p>\n<p>Vous serez directement redirig\u00e9 vers un lien pour vous inscrire sur notre plateforme de casting figuration en ligne \u00ab\u00a0Myrole\u00a0\u00bb.<\/p>\n","protected":false},"excerpt":{"rendered":"Le tournage de la saison 2 de Plaine Orientale se poursuit en Haute-Corse. Pour les besoins de la&hellip;\n","protected":false},"author":2,"featured_media":294382,"comment_status":"","ping_status":"","sticky":false,"template":"","format":"standard","meta":{"footnotes":"","_share_on_mastodon":"0"},"categories":[13],"tags":[449,1739,4674,663,110,113,112,14799,37311,3722,475,2607,23,142],"class_list":["post-294381","post","type-post","status-publish","format-standard","has-post-thumbnail","category-television","tag-449","tag-breakingnews","tag-canal","tag-culture-loisirs","tag-des","tag-divertissement","tag-entertainment","tag-figurants","tag-orientale","tag-plaine","tag-pour","tag-recherche","tag-suisse","tag-television"],"share_on_mastodon":{"url":"https:\/\/pubeurope.com\/@ch_fr\/117224579167106654","error":""},"_links":{"self":[{"href":"https:\/\/www.europesays.com\/ch-fr\/wp-json\/wp\/v2\/posts\/294381","targetHints":{"allow":["GET"]}}],"collection":[{"href":"https:\/\/www.europesays.com\/ch-fr\/wp-json\/wp\/v2\/posts"}],"about":[{"href":"https:\/\/www.europesays.com\/ch-fr\/wp-json\/wp\/v2\/types\/post"}],"author":[{"embeddable":true,"href":"https:\/\/www.europesays.com\/ch-fr\/wp-json\/wp\/v2\/users\/2"}],"replies":[{"embeddable":true,"href":"https:\/\/www.europesays.com\/ch-fr\/wp-json\/wp\/v2\/comments?post=294381"}],"version-history":[{"count":0,"href":"https:\/\/www.europesays.com\/ch-fr\/wp-json\/wp\/v2\/posts\/294381\/revisions"}],"wp:featuredmedia":[{"embeddable":true,"href":"https:\/\/www.europesays.com\/ch-fr\/wp-json\/wp\/v2\/media\/294382"}],"wp:attachment":[{"href":"https:\/\/www.europesays.com\/ch-fr\/wp-json\/wp\/v2\/media?parent=294381"}],"wp:term":[{"taxonomy":"category","embeddable":true,"href":"https:\/\/www.europesays.com\/ch-fr\/wp-json\/wp\/v2\/categories?post=294381"},{"taxonomy":"post_tag","embeddable":true,"href":"https:\/\/www.europesays.com\/ch-fr\/wp-json\/wp\/v2\/tags?post=294381"}],"curies":[{"name":"wp","href":"https:\/\/api.w.org\/{rel}","templated":true}]}}