{"id":294433,"date":"2026-09-06T15:07:18","date_gmt":"2026-09-06T15:07:18","guid":{"rendered":"https:\/\/www.europesays.com\/ch-fr\/294433\/"},"modified":"2026-09-06T15:07:18","modified_gmt":"2026-09-06T15:07:18","slug":"ambiance-k-pop-ce-samedi-au-festival-des-travailleurs-structures-st-joseph","status":"publish","type":"post","link":"https:\/\/www.europesays.com\/ch-fr\/294433\/","title":{"rendered":"Ambiance k-pop ce samedi au Festival des Travailleurs Structures St-Joseph"},"content":{"rendered":"<p class=\"site-article__gallery-link\"><a href=\"#gallerie\">Voir la galerie de photos<\/a><\/p>\n<p>La 44e \u00e9dition du\u00a0Festival des Travailleurs Structures St-Joseph s&rsquo;est tenu dans une ambiance k-pop ce samedi apr\u00e8s-midi, et ce, au plus grand plaisir des enfants.<\/p>\n<p>&#13;<br \/>\n&#13;<\/p>\n<p>Ils ont chant\u00e9 et dans\u00e9 au\u00a0concert de l&rsquo;exp\u00e9rience K-Pop live pr\u00e9sent\u00e9 cet apr\u00e8s-midi. Les fans ont m\u00eame pu rencontrer les\u00a0artistes \u00e0 la fin du show. Ils ont \u00e9galement pu profiter de nombreux jeux install\u00e9s sur les terrains de tennis \u00e0\u00a0proximit\u00e9, d&rsquo;un mini-ferme et d&rsquo;un parcours athl\u00e9tique.\u00a0<\/p>\n<p>&#13;<br \/>\n&#13;<\/p>\n<p>L&rsquo;\u00e9v\u00e9nement gratuit se poursuit ce soir dans une ambiance plut\u00f4t\u00a0country.<\/p>\n<p>&#13;<br \/>\n&#13;<\/p>\n<p>Demain, le traditionnel d\u00e9jeuner des travailleurs se tiendra d\u00e8s 8h le matin. Il y aura aussi une repr\u00e9sentation de Retra, puis du Showcase Coming up avant le c\u00e9l\u00e8bre feu d&rsquo;artifice \u00e0 21h et un concert country-rock pour conclure le festival. La zone familiale sera aussi ouverte.<\/p>\n<p>&#13;<br \/>\n&#13;<\/p>\n<p>Tous les d\u00e9tails sont disponibles sur la page Facebook du\u00a0Festival des Travailleurs Structures St-Joseph.<\/p>\n","protected":false},"excerpt":{"rendered":"Voir la galerie de photos La 44e \u00e9dition du\u00a0Festival des Travailleurs Structures St-Joseph s&rsquo;est tenu dans une ambiance&hellip;\n","protected":false},"author":2,"featured_media":294434,"comment_status":"","ping_status":"","sticky":false,"template":"","format":"standard","meta":{"footnotes":"","_share_on_mastodon":"0"},"categories":[12],"tags":[113,112,140,141,23],"class_list":["post-294433","post","type-post","status-publish","format-standard","has-post-thumbnail","category-musique","tag-divertissement","tag-entertainment","tag-music","tag-musique","tag-suisse"],"share_on_mastodon":{"url":"https:\/\/pubeurope.com\/@ch_fr\/117224724482363184","error":""},"_links":{"self":[{"href":"https:\/\/www.europesays.com\/ch-fr\/wp-json\/wp\/v2\/posts\/294433","targetHints":{"allow":["GET"]}}],"collection":[{"href":"https:\/\/www.europesays.com\/ch-fr\/wp-json\/wp\/v2\/posts"}],"about":[{"href":"https:\/\/www.europesays.com\/ch-fr\/wp-json\/wp\/v2\/types\/post"}],"author":[{"embeddable":true,"href":"https:\/\/www.europesays.com\/ch-fr\/wp-json\/wp\/v2\/users\/2"}],"replies":[{"embeddable":true,"href":"https:\/\/www.europesays.com\/ch-fr\/wp-json\/wp\/v2\/comments?post=294433"}],"version-history":[{"count":0,"href":"https:\/\/www.europesays.com\/ch-fr\/wp-json\/wp\/v2\/posts\/294433\/revisions"}],"wp:featuredmedia":[{"embeddable":true,"href":"https:\/\/www.europesays.com\/ch-fr\/wp-json\/wp\/v2\/media\/294434"}],"wp:attachment":[{"href":"https:\/\/www.europesays.com\/ch-fr\/wp-json\/wp\/v2\/media?parent=294433"}],"wp:term":[{"taxonomy":"category","embeddable":true,"href":"https:\/\/www.europesays.com\/ch-fr\/wp-json\/wp\/v2\/categories?post=294433"},{"taxonomy":"post_tag","embeddable":true,"href":"https:\/\/www.europesays.com\/ch-fr\/wp-json\/wp\/v2\/tags?post=294433"}],"curies":[{"name":"wp","href":"https:\/\/api.w.org\/{rel}","templated":true}]}}