{"id":294441,"date":"2026-09-06T15:12:20","date_gmt":"2026-09-06T15:12:20","guid":{"rendered":"https:\/\/www.europesays.com\/ch-fr\/294441\/"},"modified":"2026-09-06T15:12:20","modified_gmt":"2026-09-06T15:12:20","slug":"ifa-2026-on-a-pris-en-main-le-smartphone-tecno-sans-bordures","status":"publish","type":"post","link":"https:\/\/www.europesays.com\/ch-fr\/294441\/","title":{"rendered":"IFA 2026 : on a pris en main le smartphone Tecno sans bordures"},"content":{"rendered":"<p>Le constructeur Tecno a d\u00e9voil\u00e9 un smartphone avec un \u00e9cran aux bordures de 0 mm \u00e0 l\u2019IFA 2026. V\u00e9ritable r\u00e9volution ou simple trompe-l\u2019\u0153il\u00a0? Notre verdict.<\/p>\n<p>Toujours m\u00e9connu en Europe, <a href=\"https:\/\/www.01net.com\/tag\/tecno\/\" rel=\"nofollow noopener\" target=\"_blank\">Tecno<\/a> brille par sa capacit\u00e9 \u00e0 faire parler d\u2019elle lors des salons. La marque, qui cartonne en Afrique, se distingue en surfant sur les derni\u00e8res tendances comme l\u2019an dernier au MWC lorsqu\u2019elle a d\u00e9voil\u00e9 <a href=\"https:\/\/www.01net.com\/actualites\/il-etait-trop-fin-ce-smartphone-est-tellement-leger-que-la-marque-a-du-rajouter-du-poids.html\" rel=\"nofollow noopener\" target=\"_blank\">un smartphone ultra-fin et ultra-l\u00e9ger<\/a>.<\/p>\n<p>Il y a quelques semaines, c\u2019est avec un prototype vraiment sans bordures que Tecno a surpris son monde. L\u2019IFA 2026 \u00e9tait sans surprise le lieu appropri\u00e9 pour montrer son Next-Gen Bezelless Concept Phone et nous avons pu l\u2019approcher de pr\u00e8s.<\/p>\n<p>     Une belle ing\u00e9nierie d\u2019affichage <\/p>\n<p>Il faut saluer l\u2019effort technologique d\u00e9ploy\u00e9 par Tecno pour faire dispara\u00eetre le cadre qui d\u00e9limite habituellement les dalles. L\u2019appareil s\u2019appuie sur un tr\u00e8s bel \u00e9cran AMOLED de 6,78 pouces, offrant une d\u00e9finition de 1,5K et un rafra\u00eechissement \u00e0 144 Hz.<\/p>\n<p> <img loading=\"lazy\" decoding=\"async\" class=\"size-full wp-image-1367836\" src=\"https:\/\/www.europesays.com\/ch-fr\/wp-content\/uploads\/2026\/09\/Tecno-Next-Gen-Bezelless-Concept-Phone-4.jpg\" alt=\"Tecno Next Gen Bezelless Concept Phone 4\" width=\"1920\" height=\"1280\"  \/>\u00a9 Thomas Estimbre \/ 01net.com <\/p>\n<p>Pour atteindre ces fameux \u00ab\u00a00 mm\u00a0\u00bb de marge, la marque a d\u00fb revoir sa copie de fond en comble. Elle utilise un assemblage invers\u00e9 et un double verre protecteur dont la couche inf\u00e9rieure s\u2019enroule litt\u00e9ralement autour du ch\u00e2ssis pour masquer les composants. Sur le papier, la prouesse est bien l\u00e0.<\/p>\n<p> Le mirage du 100\u00a0% \u00e9cran <\/p>\n<p>Pourtant, une fois le prototype en main, l\u2019immersion n\u2019est pas aussi totale qu\u2019esp\u00e9r\u00e9e. Certes, la bordure noire entourant habituellement l\u2019affichage a bel et bien disparu, mais elle est imm\u00e9diatement remplac\u00e9e, visuellement, par le contour m\u00e9tallique du ch\u00e2ssis.<\/p>\n<p>Comme on peut le constater sur cet appareil blanc et argent\u00e9, le cadre plat et m\u00e9tallique est au final tr\u00e8s pro\u00e9minent. R\u00e9sultat\u00a0: l\u2019illusion de tenir une fa\u00e7ade constitu\u00e9e uniquement de pixels s\u2019estompe tr\u00e8s vite. En trompe-l\u2019\u0153il, ce cerclage m\u00e9tallique recr\u00e9e une d\u00e9marcation physique et visuelle tr\u00e8s forte tout autour de l\u2019affichage. De plus, le poin\u00e7on pour la cam\u00e9ra frontale est toujours bien pr\u00e9sent en haut au centre, venant lui aussi amputer cette promesse de surface d\u2019affichage absolue.<\/p>\n<p>  \t\t\t \t\t\t\t<a href=\"https:\/\/www.europesays.com\/ch-fr\/wp-content\/uploads\/2026\/09\/Tecno-Next-Gen-Bezelless-Concept-Phone.jpg\"><img loading=\"lazy\" decoding=\"async\" width=\"1920\" height=\"1280\" src=\"https:\/\/www.europesays.com\/ch-fr\/wp-content\/uploads\/2026\/09\/Tecno-Next-Gen-Bezelless-Concept-Phone.jpg\" class=\"attachment-full size-full\" alt=\"Tecno Next Gen Bezelless Concept Phone\" aria-describedby=\"gallery-1-1367839\"  \/><\/a> \t\t\t \t\t\t\t \t\t\t\t\u00a9 Thomas Estimbre \/ 01net.com \t\t\t\t \t\t\t \t\t\t\t<a href=\"https:\/\/www.europesays.com\/ch-fr\/wp-content\/uploads\/2026\/09\/Tecno-Next-Gen-Bezelless-Concept-Phone-1.jpg\"><img loading=\"lazy\" decoding=\"async\" width=\"1920\" height=\"1280\" src=\"https:\/\/www.europesays.com\/ch-fr\/wp-content\/uploads\/2026\/09\/Tecno-Next-Gen-Bezelless-Concept-Phone-1.jpg\" class=\"attachment-full size-full\" alt=\"Tecno Next Gen Bezelless Concept Phone 1\" aria-describedby=\"gallery-1-1367838\"  \/><\/a> \t\t\t \t\t\t\t \t\t\t\t\u00a9 Thomas Estimbre \/ 01net.com \t\t\t\t \t\t\t \t\t\t\t<a href=\"https:\/\/www.europesays.com\/ch-fr\/wp-content\/uploads\/2026\/09\/Tecno-Next-Gen-Bezelless-Concept-Phone-8.jpg\"><img loading=\"lazy\" decoding=\"async\" width=\"1920\" height=\"1280\" src=\"https:\/\/www.europesays.com\/ch-fr\/wp-content\/uploads\/2026\/09\/Tecno-Next-Gen-Bezelless-Concept-Phone-8.jpg\" class=\"attachment-full size-full\" alt=\"Tecno Next Gen Bezelless Concept Phone 8\" aria-describedby=\"gallery-1-1367837\"  \/><\/a> \t\t\t \t\t\t\t \t\t\t\t\u00a9 Thomas Estimbre \/ 01net.com \t\t\t\t \t\t  Une exp\u00e9rience qui ne change pas la donne <\/p>\n<p>Le v\u00e9ritable verdict de cette prise en main se r\u00e9sume finalement \u00e0 cela\u00a0: visuellement, l\u2019exp\u00e9rience n\u2019est pas vraiment chamboul\u00e9e. Quand on a l\u2019habitude d\u2019avoir entre les mains des terminaux haut de gamme actuels (qui affichent d\u00e9j\u00e0 des bordures noires extr\u00eamement fines), le gain apport\u00e9 par ce concept \u00e0 \u00ab\u00a00 mm\u00a0\u00bb semble minime.<\/p>\n<p> <img loading=\"lazy\" decoding=\"async\" class=\"size-full wp-image-1367840\" src=\"https:\/\/www.europesays.com\/ch-fr\/wp-content\/uploads\/2026\/09\/Tecno-Next-Gen-Bezelless-Concept-Phone-9.jpg\" alt=\"Tecno Next Gen Bezelless Concept Phone 9\" width=\"1920\" height=\"1280\"  \/>Le dos du prototype Tecno, dot\u00e9 d\u2019un triple module photo et de discrets motifs \u00a9 Thomas Estimbre \/ 01net.com <\/p>\n<p>Au final, ce prototype reste une tr\u00e8s belle vitrine technologique pour Tecno, qui prouve une nouvelle fois son savoir-faire et son envie d\u2019innover sur le plan mat\u00e9riel. \u00c0 l\u2019usage, faire dispara\u00eetre la fine bordure de l\u2019\u00e9cran pour finalement buter sur le contour en m\u00e9tal \u00e9pais du t\u00e9l\u00e9phone ne r\u00e9volutionne pas notre fa\u00e7on de regarder un smartphone. L\u2019id\u00e9e pourrait n\u00e9anmoins \u00eatre encore peaufin\u00e9e, m\u00eame du c\u00f4t\u00e9 d\u2019autres marques comme Apple qui lancerait, \u00e0 l\u2019occasion des 20 ans de l\u2019iPhone, un mod\u00e8le tout de verre avec un <a href=\"https:\/\/www.01net.com\/actualites\/le-futur-iphone-tout-de-verre-ne-serait-pas-mort-mais-le-projet-dapple-aurait-change.html\" rel=\"nofollow noopener\" target=\"_blank\">\u00e9cran d\u00e9pourvu de trous et de bordures<\/a>.<\/p>\n<p class=\"text-base text-neutral-700 dark:text-neutral-300\" style=\"color:grey;\">\ud83d\udc49\ud83c\udffb Suivez l\u2019actualit\u00e9 tech en temps r\u00e9el\u00a0: ajoutez 01net \u00e0 vos sources sur <a href=\"https:\/\/profile.google.com\/cp\/CgovbS8wd2Juam1fGhZodHRwczovL3d3dy4wMW5ldC5jb20v?pf=6\" target=\"_blank\" rel=\"nofollow noopener\">Google<\/a>, et abonnez-vous \u00e0 notre canal <a href=\"https:\/\/whatsapp.com\/channel\/0029VaH5gKg6xCSG9nQQhQ1Z\" target=\"_blank\" rel=\"nofollow noopener\">WhatsApp<\/a>.<\/p>\n","protected":false},"excerpt":{"rendered":"Le constructeur Tecno a d\u00e9voil\u00e9 un smartphone avec un \u00e9cran aux bordures de 0 mm \u00e0 l\u2019IFA 2026.&hellip;\n","protected":false},"author":2,"featured_media":294442,"comment_status":"","ping_status":"","sticky":false,"template":"","format":"standard","meta":{"footnotes":"","_share_on_mastodon":"0"},"categories":[7],"tags":[56753,61,57,59,58,23,60,62,12340],"class_list":["post-294441","post","type-post","status-publish","format-standard","has-post-thumbnail","category-sciences-et-technologies","tag-ifa","tag-science","tag-science-and-technology","tag-sciences","tag-sciences-et-technologies","tag-suisse","tag-technologies","tag-technology","tag-tecno"],"share_on_mastodon":{"url":"https:\/\/pubeurope.com\/@ch_fr\/117224744504981357","error":""},"_links":{"self":[{"href":"https:\/\/www.europesays.com\/ch-fr\/wp-json\/wp\/v2\/posts\/294441","targetHints":{"allow":["GET"]}}],"collection":[{"href":"https:\/\/www.europesays.com\/ch-fr\/wp-json\/wp\/v2\/posts"}],"about":[{"href":"https:\/\/www.europesays.com\/ch-fr\/wp-json\/wp\/v2\/types\/post"}],"author":[{"embeddable":true,"href":"https:\/\/www.europesays.com\/ch-fr\/wp-json\/wp\/v2\/users\/2"}],"replies":[{"embeddable":true,"href":"https:\/\/www.europesays.com\/ch-fr\/wp-json\/wp\/v2\/comments?post=294441"}],"version-history":[{"count":0,"href":"https:\/\/www.europesays.com\/ch-fr\/wp-json\/wp\/v2\/posts\/294441\/revisions"}],"wp:featuredmedia":[{"embeddable":true,"href":"https:\/\/www.europesays.com\/ch-fr\/wp-json\/wp\/v2\/media\/294442"}],"wp:attachment":[{"href":"https:\/\/www.europesays.com\/ch-fr\/wp-json\/wp\/v2\/media?parent=294441"}],"wp:term":[{"taxonomy":"category","embeddable":true,"href":"https:\/\/www.europesays.com\/ch-fr\/wp-json\/wp\/v2\/categories?post=294441"},{"taxonomy":"post_tag","embeddable":true,"href":"https:\/\/www.europesays.com\/ch-fr\/wp-json\/wp\/v2\/tags?post=294441"}],"curies":[{"name":"wp","href":"https:\/\/api.w.org\/{rel}","templated":true}]}}