{"id":294443,"date":"2026-09-06T15:13:24","date_gmt":"2026-09-06T15:13:24","guid":{"rendered":"https:\/\/www.europesays.com\/ch-fr\/294443\/"},"modified":"2026-09-06T15:13:24","modified_gmt":"2026-09-06T15:13:24","slug":"wall-street-recule-refroidie-par-les-robustes-chiffres-de-lemploi-americain-04-09-2026-a-2233","status":"publish","type":"post","link":"https:\/\/www.europesays.com\/ch-fr\/294443\/","title":{"rendered":"Wall Street recule, refroidie par les robustes chiffres de l&#8217;emploi am\u00e9ricain &#8211; 04\/09\/2026 \u00e0 22:33"},"content":{"rendered":"<p>        <img decoding=\"async\" src=\"https:\/\/www.europesays.com\/ch-fr\/wp-content\/uploads\/2026\/09\/e4663c7e89cd454c7757edf5d8dbc734-760x503.jpg\" alt=\"Un op\u00e9rateur \u00e0 la Bourse de New York, le 4 ao\u00fbt 2026 ( AFP \/ TIMOTHY A. CLARY )\" loading=\"eager\" fetchpriority=\"high\" width=\"760\" height=\"503\" style=\"max-width: 100%!important; height: auto;\"\/><\/p>\n<p class=\"c-image-news__legend\">Un op\u00e9rateur \u00e0 la Bourse de New York, le 4 ao\u00fbt 2026 ( AFP \/ TIMOTHY A. CLARY )<\/p>\n<p>\n La Bourse de New York a termin\u00e9 en baisse vendredi, accueillant fra\u00eechement la bonne tenue de l&#8217;emploi am\u00e9ricain, qui donne des arguments \u00e0 la banque centrale am\u00e9ricaine (Fed) pour lutter contre l&rsquo;inflation en resserrant sa politique mon\u00e9taire.\n<\/p>\n<p>\n Le Dow Jones a c\u00e9d\u00e9 0,51%, l&rsquo;indice Nasdaq a recul\u00e9 de 0,29% et l&rsquo;indice \u00e9largi S&amp;P 500 a perdu 0,38%.\n<\/p>\n<p>\n Les indices am\u00e9ricains ont \u00e9t\u00e9 bouscul\u00e9s par le fort rebond des embauches le mois dernier aux Etats-Unis, \u00e0 162.000 cr\u00e9ations nettes d&#8217;emploi, le triple de ce qui \u00e9tait attendu.\n<\/p>\n<p>\n \u00ab\u00a0Dans un monde normal, ce serait une bonne nouvelle. Les employeurs ont embauch\u00e9. Le march\u00e9 du travail n&rsquo;a pas connu de repli\u00a0\u00bb, a relev\u00e9 Ken Mahoney, analyste de Mahoney Asset Management.\n<\/p>\n<p>\n \u00ab\u00a0Mais les march\u00e9s, bien s\u00fbr, ne vivent pas dans un monde normal\u00a0\u00bb, a-t-il ajout\u00e9.\n<\/p>\n<p>\n Le rapport a \u00e9t\u00e9 interpr\u00e9t\u00e9 comme laissant le champ libre \u00e0 la R\u00e9serve f\u00e9d\u00e9rale (Fed) pour qu&rsquo;elle s&rsquo;occupe de la lutte contre l&rsquo;inflation, l&rsquo;un de ses deux objectifs avec la vigueur du march\u00e9 de l&#8217;emploi.\n<\/p>\n<p>\n Le march\u00e9 parie d\u00e9sormais sur une hausse des taux directeurs de l&rsquo;institution d\u00e8s sa prochaine r\u00e9union, mi-septembre, selon l&rsquo;outil de veille CME FedWatch, alors qu&rsquo;il restait tr\u00e8s partag\u00e9 la veille.\n<\/p>\n<p>\n Une politique mon\u00e9taire restrictive est g\u00e9n\u00e9ralement d\u00e9favorable aux entreprises, ce qui d\u00e9pla\u00eet \u00e0 Wall Street.\n<\/p>\n<p>\n \u00ab\u00a0M\u00eame si le rapport sur l&#8217;emploi publi\u00e9 aujourd&rsquo;hui a radicalement modifi\u00e9 les anticipations\u00a0\u00bb sur la trajectoire des taux, \u00ab\u00a0l&rsquo;issue n&rsquo;est pas acquise\u00a0\u00bb, a pr\u00e9venu Charlie Ripley, analyste pour la soci\u00e9t\u00e9 d&rsquo;investissement Allianz Investment Management.\n<\/p>\n<p>\n Les investisseurs doivent encore prendre connaissance de plusieurs indicateurs d&rsquo;inflation dans les jours \u00e0 venir. La hausse des prix \u00e9tait de 3,4% en juillet aux Etats-Unis (sur un an selon l&rsquo;indice CPI), bien au-dessus de la cible de la Fed (2%).\n<\/p>\n<p>\n Dans ce contexte, vers 20H20 GMT, le rendement \u00e0 \u00e9ch\u00e9ance dix ans des emprunts de l&rsquo;Etat am\u00e9ricain \u00e9voluait \u00e0 4,78%, contre 4,77% \u00e0 la cl\u00f4ture la veille et 4,75% avant la publication du rapport du minist\u00e8re du Travail.\n<\/p>\n<p>\n Wall Street restera ferm\u00e9e lundi, jour f\u00e9ri\u00e9 (\u00ab\u00a0Labor Day\u00a0\u00bb) aux Etats-Unis.\n<\/p>\n<p>\n C\u00f4t\u00e9 entreprises, l&rsquo;action du constructeur automobile am\u00e9ricain<br \/>\n <a href=\"https:\/\/www.boursorama.com\/cours\/TSLA\/\" title=\"TESLA\" rel=\"nofollow noopener\" target=\"_blank\"><br \/>\n  Tesla<br \/>\n <\/a><br \/>\n a perdu 5,92%, \u00e0 354,08 dollars. L&rsquo;agence f\u00e9d\u00e9rale de s\u00e9curit\u00e9 routi\u00e8re (NHTSA) a ouvert une enqu\u00eate au premier jour du lancement commercial du Cybercab de Tesla, v\u00e9hicule sans volant ni p\u00e9dales destin\u00e9 \u00e0 des services de taxi sans chauffeur.\n<\/p>\n<p>\n L&rsquo;\u00e9quipementier sportif Lululemon Athletica a plong\u00e9 de 17,38%, \u00e0 100,61 dollars, apr\u00e8s avoir partag\u00e9 ses pr\u00e9visions pour le trimestre en cours, nettement en de\u00e7\u00e0 des attentes. Le march\u00e9 sanctionnait aussi des r\u00e9sultats d\u00e9cevants.\n<\/p>\n<p>\n L&rsquo;armurier Smith &amp; Wesson (+5,05% \u00e0 12,89 dollars) a lui \u00e9t\u00e9 recherch\u00e9 gr\u00e2ce \u00e0 un trimestre sup\u00e9rieur aux estimations.\n<\/p>\n<p>\n Nasdaq<\/p>\n","protected":false},"excerpt":{"rendered":"Un op\u00e9rateur \u00e0 la Bourse de New York, le 4 ao\u00fbt 2026 ( AFP \/ TIMOTHY A. CLARY&hellip;\n","protected":false},"author":2,"featured_media":294444,"comment_status":"","ping_status":"","sticky":false,"template":"","format":"standard","meta":{"footnotes":"","_share_on_mastodon":"0"},"categories":[6],"tags":[48,46,56,45,53,44,43,51,50,47,52,49,23,54,55],"class_list":["post-294443","post","type-post","status-publish","format-standard","has-post-thumbnail","category-economie","tag-action-cac-40","tag-bourse-de-paris","tag-boursorama","tag-business","tag-cotations","tag-economie","tag-economy","tag-indices-devises","tag-investir","tag-investissement","tag-marche-boursier","tag-sicav","tag-suisse","tag-trackers","tag-warrants"],"share_on_mastodon":{"url":"https:\/\/pubeurope.com\/@ch_fr\/117224748490898386","error":""},"_links":{"self":[{"href":"https:\/\/www.europesays.com\/ch-fr\/wp-json\/wp\/v2\/posts\/294443","targetHints":{"allow":["GET"]}}],"collection":[{"href":"https:\/\/www.europesays.com\/ch-fr\/wp-json\/wp\/v2\/posts"}],"about":[{"href":"https:\/\/www.europesays.com\/ch-fr\/wp-json\/wp\/v2\/types\/post"}],"author":[{"embeddable":true,"href":"https:\/\/www.europesays.com\/ch-fr\/wp-json\/wp\/v2\/users\/2"}],"replies":[{"embeddable":true,"href":"https:\/\/www.europesays.com\/ch-fr\/wp-json\/wp\/v2\/comments?post=294443"}],"version-history":[{"count":0,"href":"https:\/\/www.europesays.com\/ch-fr\/wp-json\/wp\/v2\/posts\/294443\/revisions"}],"wp:featuredmedia":[{"embeddable":true,"href":"https:\/\/www.europesays.com\/ch-fr\/wp-json\/wp\/v2\/media\/294444"}],"wp:attachment":[{"href":"https:\/\/www.europesays.com\/ch-fr\/wp-json\/wp\/v2\/media?parent=294443"}],"wp:term":[{"taxonomy":"category","embeddable":true,"href":"https:\/\/www.europesays.com\/ch-fr\/wp-json\/wp\/v2\/categories?post=294443"},{"taxonomy":"post_tag","embeddable":true,"href":"https:\/\/www.europesays.com\/ch-fr\/wp-json\/wp\/v2\/tags?post=294443"}],"curies":[{"name":"wp","href":"https:\/\/api.w.org\/{rel}","templated":true}]}}