{"id":294501,"date":"2026-09-06T16:01:10","date_gmt":"2026-09-06T16:01:10","guid":{"rendered":"https:\/\/www.europesays.com\/ch-fr\/294501\/"},"modified":"2026-09-06T16:01:10","modified_gmt":"2026-09-06T16:01:10","slug":"korn-le-nouvel-album-franchit-une-etape-importante-ray-luzier-a-termine-ses-parties-de-batterie","status":"publish","type":"post","link":"https:\/\/www.europesays.com\/ch-fr\/294501\/","title":{"rendered":"Korn : le nouvel album franchit une \u00e9tape importante, Ray Luzier a termin\u00e9 ses parties de batterie"},"content":{"rendered":"<p>Le prochain album de <a href=\"https:\/\/www.metalzone.fr\/korn\/\" rel=\"nofollow noopener\" target=\"_blank\">Korn<\/a> avance : Ray Luzier a termin\u00e9 ses parties de batterie. Un nouveau jalon pour ce quinzi\u00e8me disque studio, que le groupe fa\u00e7onne depuis plusieurs ann\u00e9es sans se presser.<\/p>\n<p>Ray Luzier a boucl\u00e9 ses parties de batterie<\/p>\n<p>L\u2019information est apparue presque en passant chez <a href=\"https:\/\/www.drumeo.com\/\" target=\"_blank\" rel=\"noopener noreferrer nofollow\">Drumeo<\/a> : Mark Bennett, technicien batterie de Ray Luzier, a r\u00e9v\u00e9l\u00e9 que le musicien venait de terminer ses prises pour le prochain album de Korn.<\/p>\n<p>Pas encore de titre ni de date de sortie. Mais apr\u00e8s des ann\u00e9es de travail, voil\u00e0 enfin un rep\u00e8re concret sur l\u2019\u00e9tat du disque.<\/p>\n<p>Pr\u00e8s de 40 chansons sur la table<\/p>\n<p>L\u2019ampleur du chantier \u00e9tait d\u00e9j\u00e0 connue. Au printemps, James \u201cMunky\u201d Shaffer r\u00e9v\u00e9lait que Korn avait <a href=\"https:\/\/www.metalzone.fr\/news\/232806-korn-40-chansons-nouvel-album\/\" rel=\"nofollow noopener\" target=\"_blank\">accumul\u00e9 pr\u00e8s de 40 chansons<\/a> ; certaines ont \u00e9t\u00e9 retravaill\u00e9es en profondeur, d\u2019autres simplement \u00e9cart\u00e9es. Le guitariste r\u00e9sumait cette m\u00e9thode en quelques mots : le groupe est devenu \u00ab extr\u00eamement exigeant \u00bb.<\/p>\n<p>Entre-temps, Korn a publi\u00e9 Reward The Scars, <a href=\"https:\/\/www.metalzone.fr\/news\/231306-korn-clip-reward-the-scars\/\" rel=\"nofollow noopener\" target=\"_blank\">un in\u00e9dit con\u00e7u pour Diablo IV<\/a>. Reste maintenant \u00e0 voir quand le groupe l\u00e8vera le voile sur la suite : ce nouvel album, toujours sans date annonc\u00e9e, succ\u00e9dera \u00e0 Requiem, paru en 2022.<\/p>\n<p><a href=\"https:\/\/www.metalzone.fr\/auteur\/adrien-duffour\/\" rel=\"author nofollow noopener\" target=\"_blank\"><\/p>\n<p><img loading=\"lazy\" decoding=\"async\" alt=\"Adrien Duffour\" src=\"https:\/\/www.europesays.com\/ch-fr\/wp-content\/uploads\/2026\/09\/1788710470_745_adrien_duffour.jpg\" height=\"48\" width=\"48\"\/><\/p>\n<p><\/a><br \/>\n<a href=\"https:\/\/www.metalzone.fr\/auteur\/adrien-duffour\/\" rel=\"author nofollow noopener\" class=\"auteur-name\" target=\"_blank\"><br \/>\nAdrien Duffour<br \/>\n<\/a><br \/>\nR\u00e9dacteur en chef<\/p>\n<p>Adrien Duffour est r\u00e9dacteur en chef de MetalZone, sp\u00e9cialiste metal progressif, metalcore et death metal m\u00e9lodique.<\/p>\n","protected":false},"excerpt":{"rendered":"Le prochain album de Korn avance : Ray Luzier a termin\u00e9 ses parties de batterie. Un nouveau jalon&hellip;\n","protected":false},"author":2,"featured_media":294502,"comment_status":"","ping_status":"","sticky":false,"template":"","format":"standard","meta":{"footnotes":"","_share_on_mastodon":"0"},"categories":[12],"tags":[113,112,140,141,23],"class_list":["post-294501","post","type-post","status-publish","format-standard","has-post-thumbnail","category-musique","tag-divertissement","tag-entertainment","tag-music","tag-musique","tag-suisse"],"share_on_mastodon":{"url":"https:\/\/pubeurope.com\/@ch_fr\/117224937360340468","error":""},"_links":{"self":[{"href":"https:\/\/www.europesays.com\/ch-fr\/wp-json\/wp\/v2\/posts\/294501","targetHints":{"allow":["GET"]}}],"collection":[{"href":"https:\/\/www.europesays.com\/ch-fr\/wp-json\/wp\/v2\/posts"}],"about":[{"href":"https:\/\/www.europesays.com\/ch-fr\/wp-json\/wp\/v2\/types\/post"}],"author":[{"embeddable":true,"href":"https:\/\/www.europesays.com\/ch-fr\/wp-json\/wp\/v2\/users\/2"}],"replies":[{"embeddable":true,"href":"https:\/\/www.europesays.com\/ch-fr\/wp-json\/wp\/v2\/comments?post=294501"}],"version-history":[{"count":0,"href":"https:\/\/www.europesays.com\/ch-fr\/wp-json\/wp\/v2\/posts\/294501\/revisions"}],"wp:featuredmedia":[{"embeddable":true,"href":"https:\/\/www.europesays.com\/ch-fr\/wp-json\/wp\/v2\/media\/294502"}],"wp:attachment":[{"href":"https:\/\/www.europesays.com\/ch-fr\/wp-json\/wp\/v2\/media?parent=294501"}],"wp:term":[{"taxonomy":"category","embeddable":true,"href":"https:\/\/www.europesays.com\/ch-fr\/wp-json\/wp\/v2\/categories?post=294501"},{"taxonomy":"post_tag","embeddable":true,"href":"https:\/\/www.europesays.com\/ch-fr\/wp-json\/wp\/v2\/tags?post=294501"}],"curies":[{"name":"wp","href":"https:\/\/api.w.org\/{rel}","templated":true}]}}