{"id":294523,"date":"2026-09-06T16:19:13","date_gmt":"2026-09-06T16:19:13","guid":{"rendered":"https:\/\/www.europesays.com\/ch-fr\/294523\/"},"modified":"2026-09-06T16:19:13","modified_gmt":"2026-09-06T16:19:13","slug":"tine-poppy-transforme-lessai-sur-la-grande-scene-des-francofolies","status":"publish","type":"post","link":"https:\/\/www.europesays.com\/ch-fr\/294523\/","title":{"rendered":"Tine Poppy transforme l&rsquo;essai sur la grande sc\u00e8ne des Francofolies"},"content":{"rendered":"<p>\t\t\t\tEcrit par <a class=\"auteur-lien\" href=\"https:\/\/www.zinfos974.com\/author\/maxime\/\" rel=\"nofollow noopener\" target=\"_blank\">Maxime Bonnet<\/a>  \u2013 le dimanche 6 septembre 2026 \u00e0 17H59<\/p>\n<p class=\"wp-block-paragraph first_paragraph\">Seule artiste r\u00e9unionnaise programm\u00e9e sur la grande sc\u00e8ne de la clairi\u00e8re aux Francofolies, Tine Poppy a franchi ce week-end un cap d\u00e9cisif dans sa carri\u00e8re. Entre un show repens\u00e9 pour l&rsquo;occasion, la pr\u00e9paration d&rsquo;un premier album ancr\u00e9 dans la \u00ab pop s\u00e9ga \u00bb et une s\u00e9rie de dates sur l&rsquo;\u00eele, la chanteuse confirme son ascension avant de l&rsquo;exporter vers l&rsquo;Hexagone.<\/p>\n<p class=\"wp-block-paragraph\">C&rsquo;est une \u00e9tape symbolique, mais surtout un d\u00e9fi artistique majeur. Pour Tine Poppy, monter sur la grande sc\u00e8ne de la clairi\u00e8re aux Francofolies de La R\u00e9union relevait d&rsquo;une premi\u00e8re absolue. \u00ab C&rsquo;est la premi\u00e8re fois que je fais une grande sc\u00e8ne de toute ma vie. C&rsquo;est tr\u00e8s impressionnant, \u00e7a fait peur \u00bb, confie l&rsquo;artiste. Une appr\u00e9hension vite surmont\u00e9e par la fiert\u00e9 de porter les couleurs locales au milieu d&rsquo;une programmation nationale. \u00ab Sur la clairi\u00e8re, je suis la seule R\u00e9unionnaise programm\u00e9e. \u00c7a fait quelque chose d&rsquo;\u00eatre avec ces gens que je ne voyais qu&rsquo;\u00e0 la t\u00e9l\u00e9 ! \u00bb Pour honorer cette invitation, la chanteuse a enti\u00e8rement fait \u00e9voluer son spectacle, proposant de nouvelles chor\u00e9graphies, un costume in\u00e9dit et un morceau revisit\u00e9 gard\u00e9 secret jusqu&rsquo;au soir du concert.<\/p>\n<p>Un album sous le signe de la \u00ab pop s\u00e9ga \u00bb et de la \u00ab pop kabar \u00bb<\/p>\n<p class=\"wp-block-paragraph\">Cette prestation sc\u00e9nique marque \u00e9galement la fin d&rsquo;un chapitre et le d\u00e9but d&rsquo;une nouvelle ambition studio. Apr\u00e8s un EP remarqu\u00e9 en mars 2026, Tine Poppy s&rsquo;attelle d\u00e9sormais \u00e0 l&rsquo;\u00e9laboration de son tout premier album. Un travail d&rsquo;\u00e9criture plus pos\u00e9 et profond\u00e9ment narratif. \u00ab Je vais retourner avec ma guitare et composer. Cela me tient \u00e0 c\u0153ur de raconter toujours une histoire. L\u00e0, je suis partie sur le cabaret parce que c&rsquo;est notre fa\u00e7on \u00e0 nous de faire la f\u00eate. \u00bb Musicalement, l&rsquo;artiste d\u00e9finit son univers entre \u00ab pop s\u00e9ga \u00bb et \u00ab pop kabar \u00bb, clin d&rsquo;\u0153il aux f\u00eates et rassemblements r\u00e9unionnais o\u00f9 les esth\u00e9tiques s&rsquo;entrem\u00ealent sans complexe, le tout port\u00e9 par des textes chant\u00e9s en cr\u00e9ole.<\/p>\n<p>Une tourn\u00e9e r\u00e9unionnaise avant l&rsquo;Hexagone<\/p>\n<p class=\"wp-block-paragraph\">Avant la sortie de ce futur opus attendu l&rsquo;an prochain, Tine Poppy ne quittera pas la sc\u00e8ne. Les prochains mois s&rsquo;annoncent riches en rendez-vous sur le territoire r\u00e9unionnais. Apr\u00e8s l&rsquo;after des Francofolies d\u00e8s la semaine prochaine, l&rsquo;artiste est attendue sur les sc\u00e8nes des Floril\u00e8ges, de Stella Matutina et lors des festivit\u00e9s de fin d&rsquo;ann\u00e9e \u00e0 Petite-\u00cele. Une pr\u00e9sence locale dense qui pr\u00e9figure un retour tr\u00e8s probable dans l&rsquo;Hexagone. Forte d&rsquo;une premi\u00e8re exp\u00e9rience r\u00e9ussie hors de l&rsquo;\u00eele, son \u00e9quipe \u00e9tudie d\u00e9j\u00e0 les opportunit\u00e9s pour la saison \u00e0 venir. \u00ab On a envie de repartir parce que la premi\u00e8re tourn\u00e9e s&rsquo;est plut\u00f4t bien pass\u00e9e. \u00c7a va se d\u00e9cider l\u00e0, jusqu&rsquo;au mois d&rsquo;octobre, en fonction des programmations. \u00bb Le cap est fix\u00e9.<\/p>\n","protected":false},"excerpt":{"rendered":"Ecrit par Maxime Bonnet \u2013 le dimanche 6 septembre 2026 \u00e0 17H59 Seule artiste r\u00e9unionnaise programm\u00e9e sur la&hellip;\n","protected":false},"author":2,"featured_media":294524,"comment_status":"","ping_status":"","sticky":false,"template":"","format":"standard","meta":{"footnotes":"","_share_on_mastodon":"0"},"categories":[12],"tags":[113,112,42556,140,141,42476,64357,23],"class_list":["post-294523","post","type-post","status-publish","format-standard","has-post-thumbnail","category-musique","tag-divertissement","tag-entertainment","tag-francofolies","tag-music","tag-musique","tag-pu1","tag-saint-paul","tag-suisse"],"share_on_mastodon":{"url":"https:\/\/pubeurope.com\/@ch_fr\/117225007548785691","error":""},"_links":{"self":[{"href":"https:\/\/www.europesays.com\/ch-fr\/wp-json\/wp\/v2\/posts\/294523","targetHints":{"allow":["GET"]}}],"collection":[{"href":"https:\/\/www.europesays.com\/ch-fr\/wp-json\/wp\/v2\/posts"}],"about":[{"href":"https:\/\/www.europesays.com\/ch-fr\/wp-json\/wp\/v2\/types\/post"}],"author":[{"embeddable":true,"href":"https:\/\/www.europesays.com\/ch-fr\/wp-json\/wp\/v2\/users\/2"}],"replies":[{"embeddable":true,"href":"https:\/\/www.europesays.com\/ch-fr\/wp-json\/wp\/v2\/comments?post=294523"}],"version-history":[{"count":0,"href":"https:\/\/www.europesays.com\/ch-fr\/wp-json\/wp\/v2\/posts\/294523\/revisions"}],"wp:featuredmedia":[{"embeddable":true,"href":"https:\/\/www.europesays.com\/ch-fr\/wp-json\/wp\/v2\/media\/294524"}],"wp:attachment":[{"href":"https:\/\/www.europesays.com\/ch-fr\/wp-json\/wp\/v2\/media?parent=294523"}],"wp:term":[{"taxonomy":"category","embeddable":true,"href":"https:\/\/www.europesays.com\/ch-fr\/wp-json\/wp\/v2\/categories?post=294523"},{"taxonomy":"post_tag","embeddable":true,"href":"https:\/\/www.europesays.com\/ch-fr\/wp-json\/wp\/v2\/tags?post=294523"}],"curies":[{"name":"wp","href":"https:\/\/api.w.org\/{rel}","templated":true}]}}