{"id":294603,"date":"2026-09-06T17:24:10","date_gmt":"2026-09-06T17:24:10","guid":{"rendered":"https:\/\/www.europesays.com\/ch-fr\/294603\/"},"modified":"2026-09-06T17:24:10","modified_gmt":"2026-09-06T17:24:10","slug":"european-masters-3e-titre-historique-pour-thriston-lawrence","status":"publish","type":"post","link":"https:\/\/www.europesays.com\/ch-fr\/294603\/","title":{"rendered":"European Masters : 3e titre historique pour Thriston Lawrence"},"content":{"rendered":"<p>Un troisi\u00e8me titre au bout du suspense: le Sud-Africain Thriston Lawrence a remport\u00e9 l&rsquo;European Masters de Crans-Montana en battant en barrage l&rsquo;Anglais Paul Casey. Le Thurgovien Joel Girrbach a conclu le tournoi avec une excellente 9e place.<\/p>\n<p>Ce nouveau succ\u00e8s sur le Haut-Plateau permet \u00e0 Thriston Lawrence de rentrer dans l&rsquo;histoire. Il \u00e9gale le l\u00e9gendaire Espagnol Severiano Ballesteros, le seul golfeur \u00e0 avoir remport\u00e9 trois fois le prestigieux tournoi et qui a d&rsquo;ailleurs donn\u00e9 son nom au 18e trou valaisan.<\/p>\n<p>Ce cru 2026 a atteint un sommet de suspense dimanche apr\u00e8s-midi lors du 4e tour. Sur le 72e et dernier trou des 4 tours, Paul Casey, leader depuis samedi, n&rsquo;avait besoin que d&rsquo;un par pour s&rsquo;adjuger un premier titre. Mais il a manqu\u00e9 un coup qui lui a co\u00fbt\u00e9 un bogey.<\/p>\n<p>Un r\u00e9sultat important pour Girrbach<\/p>\n<p>Lawrence en a profit\u00e9 pour se racheter apr\u00e8s son passage \u00e0 vide samedi (+3). Il a rendu une fantastique carte de -8 pour forcer un barrage d\u00e9cisif. Celui-ci s&rsquo;est d\u00e9roul\u00e9 exclusivement sur le trou n 18. Et il a fallu attendre le 4e passage pour voir Lawrence l&#8217;emporter avec un birdie.<\/p>\n<p>Dans le camp suisse, Joel Girrbach a livr\u00e9 une excellente performance. Le Thurgovien de 33 ans, 7e l&rsquo;an dernier, a couronn\u00e9 son impressionnante remont\u00e9e des derniers jours par une 9e place. Il avait termin\u00e9 la premi\u00e8re journ\u00e9e \u00e0 la 111e place avant de r\u00e9aliser un -7 vendredi pour passer le cut. Girrbach engrange ainsi des points pr\u00e9cieux, lui qui lutte toujours pour conserver sa carte sur le circuit europ\u00e9en.<\/p>\n<p class=\"sources\">ats\/pza<\/p>\n","protected":false},"excerpt":{"rendered":"Un troisi\u00e8me titre au bout du suspense: le Sud-Africain Thriston Lawrence a remport\u00e9 l&rsquo;European Masters de Crans-Montana en&hellip;\n","protected":false},"author":2,"featured_media":294604,"comment_status":"","ping_status":"","sticky":false,"template":"","format":"standard","meta":{"footnotes":"","_share_on_mastodon":"0"},"categories":[4],"tags":[22,20837,1469,76,2286,5596,23052,303,21,63985,466,186,23,64409,472],"class_list":["post-294603","post","type-post","status-publish","format-standard","has-post-thumbnail","category-actualites","tag-actualites","tag-afrique-du-sud","tag-anglais","tag-autres-sports","tag-barrage","tag-canton-de-thurgovie","tag-golf","tag-histoire","tag-news","tag-paul-casey","tag-rts-sport","tag-sport","tag-suisse","tag-thriston-lawrence","tag-tournoi"],"share_on_mastodon":{"url":"https:\/\/pubeurope.com\/@ch_fr\/117225263075112853","error":""},"_links":{"self":[{"href":"https:\/\/www.europesays.com\/ch-fr\/wp-json\/wp\/v2\/posts\/294603","targetHints":{"allow":["GET"]}}],"collection":[{"href":"https:\/\/www.europesays.com\/ch-fr\/wp-json\/wp\/v2\/posts"}],"about":[{"href":"https:\/\/www.europesays.com\/ch-fr\/wp-json\/wp\/v2\/types\/post"}],"author":[{"embeddable":true,"href":"https:\/\/www.europesays.com\/ch-fr\/wp-json\/wp\/v2\/users\/2"}],"replies":[{"embeddable":true,"href":"https:\/\/www.europesays.com\/ch-fr\/wp-json\/wp\/v2\/comments?post=294603"}],"version-history":[{"count":0,"href":"https:\/\/www.europesays.com\/ch-fr\/wp-json\/wp\/v2\/posts\/294603\/revisions"}],"wp:featuredmedia":[{"embeddable":true,"href":"https:\/\/www.europesays.com\/ch-fr\/wp-json\/wp\/v2\/media\/294604"}],"wp:attachment":[{"href":"https:\/\/www.europesays.com\/ch-fr\/wp-json\/wp\/v2\/media?parent=294603"}],"wp:term":[{"taxonomy":"category","embeddable":true,"href":"https:\/\/www.europesays.com\/ch-fr\/wp-json\/wp\/v2\/categories?post=294603"},{"taxonomy":"post_tag","embeddable":true,"href":"https:\/\/www.europesays.com\/ch-fr\/wp-json\/wp\/v2\/tags?post=294603"}],"curies":[{"name":"wp","href":"https:\/\/api.w.org\/{rel}","templated":true}]}}