{"id":294629,"date":"2026-09-06T17:52:19","date_gmt":"2026-09-06T17:52:19","guid":{"rendered":"https:\/\/www.europesays.com\/ch-fr\/294629\/"},"modified":"2026-09-06T17:52:19","modified_gmt":"2026-09-06T17:52:19","slug":"orelsan-sauve-le-festival-la-flume-enchantee-apres-lannulation-de-derniere-minute-de-maitre-gims","status":"publish","type":"post","link":"https:\/\/www.europesays.com\/ch-fr\/294629\/","title":{"rendered":"Orelsan sauve le festival \u00ab\u00a0La Flume Enchant\u00e9e\u00a0\u00bb apr\u00e8s l\u2019annulation de derni\u00e8re minute de Ma\u00eetre Gims"},"content":{"rendered":"<p>        <img decoding=\"async\" loading=\"lazy\" src=\"https:\/\/www.europesays.com\/ch-fr\/wp-content\/uploads\/2026\/09\/2e5ec63_upload-1-u2zmqlrtmoto-afp-20260712-b9yz9g9-v1-highres-francemusicfestivalfrancofolies.jpg\"  width=\"728\" height=\"410\" alt=\"Photo d\u2019illustration. Le rappeur fran\u00e7ais Orelsan se produit lors de la 42e \u00e9dition du festival des Francofolies, \u00e0 La Rochelle, le 12\u00a0juillet 2026.\"\/>  <\/p>\n<p>PHILIPPE LOPEZ \/ AFP<\/p>\n<p>Photo d\u2019illustration. Le rappeur fran\u00e7ais Orelsan se produit lors de la 42e \u00e9dition du festival des Francofolies, \u00e0 La Rochelle, le 12\u00a0juillet 2026.<\/p>\n<p>      EN BREF \u2022 Ma\u00eetre Gims qui devait conclure le festival La Flume Enchant\u00e9e dimanche 13\u00a0septembre a d\u00e9clar\u00e9 forfaire pour des raisons m\u00e9dicales.<br \/>\u2022 Apr\u00e8s avoir envisag\u00e9 Christophe Ma\u00e9 pour le remplacer, c\u2019est Orelsan qui sera la t\u00eate d\u2019affiche.<br \/>\u2022 Le changement n\u2019a pas l\u2019air de d\u00e9plaire au public qui s\u2019est arrach\u00e9 les derniers billets disponibles.                         <\/p>\n<p class=\"asset asset-text\">Un Normand pour voler au secours des Bretons. <a href=\"https:\/\/www.huffingtonpost.fr\/culture\/article\/orelsan-rajoute-de-nouvelles-dates-a-sa-tournee-donc-cinq-a-paris-alors-que-ses-concerts-affichent-complet_261016.html\" rel=\"nofollow noopener\" target=\"_blank\">Le rappeur Orelsan<\/a> a sauv\u00e9 le festival de la Flume Enchant\u00e9e, organis\u00e9 ce week-end \u00e0 G\u00e9vez\u00e9, en Bretagne. Les organisateurs ont en effet appris presque en derni\u00e8re minute que <a href=\"https:\/\/www.huffingtonpost.fr\/culture\/article\/les-flammes-2026-decouvrez-tout-le-palmares-de-la-4e-ceremonie-de-remise-de-prix_262919.html\" rel=\"nofollow noopener\" target=\"_blank\">Ma\u00eetre Gims <\/a>ne pourrait pas se produire sur sc\u00e8ne le dimanche 13\u00a0septembre. En cause, des raisons m\u00e9dicales.<\/p>\n<p class=\"asset asset-text\">Une immense d\u00e9ception pour les festivaliers puisque l\u2019interpr\u00e8te de Soleil et Sap\u00e9s comme jamais \u00e9tait la t\u00eate d\u2019affiche du troisi\u00e8me des trois jours. Il a donc fallu trouver quelqu\u2019un pour le remplacer au pied au lev\u00e9. Et une solution inesp\u00e9r\u00e9e s\u2019est pr\u00e9sent\u00e9e\u00a0: Orelsan a accept\u00e9 de monter sur sc\u00e8ne.<\/p>\n<p class=\"asset asset-text\">\u00ab\u00a0On a vraiment eu de la chance\u00a0\u00bb, souffle le copr\u00e9sident du festival, Louis Larcher, aupr\u00e8s de <a href=\"https:\/\/france3-regions.franceinfo.fr\/bretagne\/ille-et-vilaine\/rennes\/au-pied-leve-orelsan-remplace-gims-souffrant-gros-ouf-de-soulagement-pour-le-festival-la-flume-enchantee-3412298.html\" target=\"_blank\" rel=\"noopener nofollow\" title=\"Nouvelle fen\u00eatre\">France 3\u00a0Bretagne<\/a>. Quelques jours plus t\u00f4t, mercredi, les organisateurs du festival avaient appris lors d\u2019un coup de fil l\u2019annulation de la venue de Ma\u00eetre Gims. L\u2019agent du rappeur avait expliqu\u00e9 que ce dernier se trouvait en arr\u00eat m\u00e9dical pour au moins quinze jours.<\/p>\n<p class=\"asset asset-text\">Le compte \u00e0 rebours \u00e9tait lanc\u00e9\u00a0: \u00e0 peine plus d\u2019une semaine pour trouver un rempla\u00e7ant \u00e0 sa hauteur, et d\u00e9cevoir le moins possible les 23\u00a0000\u00a0personnes qui avaient r\u00e9serv\u00e9 leur ticket pour dimanche. Les organisateurs se sont alors mis \u00e0 chercher tous azimuts.<\/p>\n<p>    Une soixantaine d\u2019appels en une soir\u00e9e    <\/p>\n<p class=\"asset asset-text\">Erwan Lefaix, directeur du festival raconte avoir pass\u00e9 \u00ab\u00a0soixante coups de fil\u00a0\u00bb dans la soir\u00e9e de mercredi. \u00ab\u00a0On appelle toutes les bo\u00eetes de production, tous nos contacts, les coll\u00e8gues programmateurs d\u2019autres festivals\u2026 Il y a une solidarit\u00e9 \u00e9norme dans le milieu, ils nous disent tous \u201con ne va pas vous laisser tomber, on va vous trouver quelque chose\u201d\u00a0\u00bb, explique l\u2019int\u00e9ress\u00e9 \u00e0 <a href=\"https:\/\/www.ouest-france.fr\/festivals\/la-flume-enchantee\/ca-la-touche-quon-se-retrouve-demunis-comment-orelsan-a-sauve-ce-festival-breton-en-remplacant-gims-au-pied-leve-51efdeb0-a91a-11f1-a3f7-c4f38a0eaa1c\" target=\"_blank\" rel=\"noopener nofollow\" title=\"Nouvelle fen\u00eatre\">Ouest-France.<\/a><\/p>\n<p class=\"asset asset-text\">Une premi\u00e8re piste se concr\u00e9tise\u00a0: <a href=\"https:\/\/www.huffingtonpost.fr\/culture\/article\/le-roi-soleil-emmanuel-moire-a-hesite-avant-de-revenir-dans-la-comedie-musicale_247889.html\" rel=\"nofollow noopener\" target=\"_blank\">Christophe Ma\u00e9<\/a> se dit pr\u00eat \u00e0 venir malgr\u00e9 un mariage pr\u00e9vu ce week-end-l\u00e0. L\u2019artiste conna\u00eet bien le festival, auquel il avait particip\u00e9 deux ans auparavant. Mais son public est assez \u00e9loign\u00e9 de celui de Maitre Gims, alors les organisateurs poursuivent leurs recherches.<\/p>\n<p>                     \u00ab\u00a0\u00c7a l\u2019a touch\u00e9 qu\u2019on se retrouve d\u00e9munis\u00a0\u00bb    <\/p>\n<p class=\"asset asset-text\">Un petit miracle s\u2019est produit le jeudi matin. L\u2019\u00e9quipe apprend qu\u2019Orelsan pourrait se rendre disponible pour venir se produire au festival, en reprenant le m\u00eame cachet que Ma\u00eetre Gims. Les festivaliers n\u2019en reviennent pas. \u00ab\u00a0On l\u2019avait sollicit\u00e9 il y a deux ans, mais son cachet \u00e9tait bien sup\u00e9rieur, on se disait qu\u2019on n\u2019\u00e9tait pas assez gros pour l\u2019accueillir\u00a0\u00bb, confient-ils \u00e0 Ouest France.<\/p>\n<p class=\"asset asset-text\">Pourquoi Orelsan a-t-il accept\u00e9\u00a0? Le rappeur n\u2019a pas pris la parole \u00e0 ce sujet, mais Erwan Lefaix, le directeur du festival, a sa petite id\u00e9e\u00a0: \u00ab\u00a0\u00c7a l\u2019a touch\u00e9 qu\u2019on se retrouve d\u00e9munis, et puis on est \u00e0 1\u00a0h\u00a015\u00a0de chez lui, en Normandie, peut-\u00eatre le c\u00f4t\u00e9 sentimental\u00a0\u00bb. L\u2019annonce a \u00e9t\u00e9 tr\u00e8s bien accueillie par le public\u00a0: les billets rendus disponibles apr\u00e8s l\u2019annulation de Ma\u00eetre Gims ont trouv\u00e9 preneur en quelques secondes.<\/p>\n","protected":false},"excerpt":{"rendered":"PHILIPPE LOPEZ \/ AFP Photo d\u2019illustration. Le rappeur fran\u00e7ais Orelsan se produit lors de la 42e \u00e9dition du&hellip;\n","protected":false},"author":2,"featured_media":294630,"comment_status":"","ping_status":"","sticky":false,"template":"","format":"standard","meta":{"footnotes":"","_share_on_mastodon":"0"},"categories":[12],"tags":[3815,172,113,112,650,15014,140,141,815,23],"class_list":["post-294629","post","type-post","status-publish","format-standard","has-post-thumbnail","category-musique","tag-bretagne","tag-culture","tag-divertissement","tag-entertainment","tag-festival","tag-maitre-gims","tag-music","tag-musique","tag-orelsan","tag-suisse"],"share_on_mastodon":{"url":"https:\/\/pubeurope.com\/@ch_fr\/117225373898237691","error":""},"_links":{"self":[{"href":"https:\/\/www.europesays.com\/ch-fr\/wp-json\/wp\/v2\/posts\/294629","targetHints":{"allow":["GET"]}}],"collection":[{"href":"https:\/\/www.europesays.com\/ch-fr\/wp-json\/wp\/v2\/posts"}],"about":[{"href":"https:\/\/www.europesays.com\/ch-fr\/wp-json\/wp\/v2\/types\/post"}],"author":[{"embeddable":true,"href":"https:\/\/www.europesays.com\/ch-fr\/wp-json\/wp\/v2\/users\/2"}],"replies":[{"embeddable":true,"href":"https:\/\/www.europesays.com\/ch-fr\/wp-json\/wp\/v2\/comments?post=294629"}],"version-history":[{"count":0,"href":"https:\/\/www.europesays.com\/ch-fr\/wp-json\/wp\/v2\/posts\/294629\/revisions"}],"wp:featuredmedia":[{"embeddable":true,"href":"https:\/\/www.europesays.com\/ch-fr\/wp-json\/wp\/v2\/media\/294630"}],"wp:attachment":[{"href":"https:\/\/www.europesays.com\/ch-fr\/wp-json\/wp\/v2\/media?parent=294629"}],"wp:term":[{"taxonomy":"category","embeddable":true,"href":"https:\/\/www.europesays.com\/ch-fr\/wp-json\/wp\/v2\/categories?post=294629"},{"taxonomy":"post_tag","embeddable":true,"href":"https:\/\/www.europesays.com\/ch-fr\/wp-json\/wp\/v2\/tags?post=294629"}],"curies":[{"name":"wp","href":"https:\/\/api.w.org\/{rel}","templated":true}]}}