{"id":294775,"date":"2026-09-06T20:18:17","date_gmt":"2026-09-06T20:18:17","guid":{"rendered":"https:\/\/www.europesays.com\/ch-fr\/294775\/"},"modified":"2026-09-06T20:18:17","modified_gmt":"2026-09-06T20:18:17","slug":"moins-dune-semaine-avant-la-premiere-de-celine-dion-a-paris-salut-bonjour","status":"publish","type":"post","link":"https:\/\/www.europesays.com\/ch-fr\/294775\/","title":{"rendered":"Moins d&#039;une semaine avant la premi\u00e8re de C\u00e9line Dion \u00e0 Paris &#8211; Salut Bonjour"},"content":{"rendered":"<p><a href=\"https:\/\/news.google.com\/rss\/articles\/CBMinwFBVV95cUxNNno4YktFOUJTOHBTUWNfbjhhblVTeFE2cHVjSzc1X3l4enJ5aUUxQ1lxVXg1Nko2ZFVfelp3ZG4yWnhZQ2g3WW1ENHVMZkc3YUwwU1VUNi1rYXVXWGZPSGwtUHpZOXJDWkl6eGRDaHpBLWZjZlZTZzlaVkluOGl3azVWS05sTi1zaXUzRXdfVm9NSVdGSzdzdGRkYkl3Vkk?oc=5\" target=\"_blank\" rel=\"nofollow noopener\">Moins d&rsquo;une semaine avant la premi\u00e8re de C\u00e9line Dion \u00e0 Paris<\/a>&nbsp;&nbsp;Salut Bonjour<a href=\"https:\/\/news.google.com\/rss\/articles\/CBMi4AFBVV95cUxOMy1lcjctd0wzdjBLUXZmOE5YWGJrdVdDTnhkMTd4RF9OTkpXMEZyN3d2aFdNQ09RZFRrVGN2Qmhta1VjWklOdkFRYXlseGpLbEVyNHZKSUNveXhJcFNtLWVGUjRvX2dtbTV6RlRCWnYxSE1rWjRPbUhtRnNXMmVSNEJvM3pELWwyMXlZMEZ4WDRpbk9JZG51UDdFQWNqdEpKX1VDSElFejd3aC1xM1RLR1VhWlhtYkdmNFhPVzlNZFRmeEFGVEc2NENSQWJXbGszanJQa3pnQmEyUFdaVGxpZw?oc=5\" target=\"_blank\" rel=\"nofollow noopener\">C\u00e9line Dion s&rsquo;offre sa propre Fashion Week de Paris et fait r\u00eaver ses fans avec sa garde-robe ultra pointue<\/a>&nbsp;&nbsp;parismatch.com<a href=\"https:\/\/news.google.com\/rss\/articles\/CBMizgFBVV95cUxNeGlIZFJrY2hISVVnWXV2TUVKVUp0QW1zam9UUTQxYTVNVmg4blVwRndBNHdUTk1NRW1XRkREaVlRZTdpQ0c5U3VVR29YVEJDWWVVcDNPRGtQazR5dEtNM3djTG9PbTJWbTF2UWdDUmtRR0N5TnBrMUluajdabWR2SGJMZmJ4UlBFX0MwUUV4YnRld2NXNy15ZUNVcTB0VF9oOE1ObjE2d1kzRUZQT0ZlYjVNNGdRTDRvdVJPX3ZtMmdzTlgyaGxQWERJTHo4Zw?oc=5\" target=\"_blank\" rel=\"nofollow noopener\">Jean-Jacques Goldman, si pr\u00e8s, si loin de la tourn\u00e9e de C\u00e9line Dion<\/a>&nbsp;&nbsp;La Provence<a href=\"https:\/\/news.google.com\/rss\/articles\/CBMiwgFBVV95cUxNX2J5YkZtTTJiLWVRcTdaSmFkVmxuZFRuemRlTzRPNzczbEVMQnRmOGZyVVZ3aXhOdHZIVlItY0tuVnFERXk1X2tTajJSQmxGellOV3JSX0FIOG9rMG9Rc0JDbVEzTkdDQzRaMGcwdW9lMExjdDJvaWR2bGktVWpscHdBdm91Zl9yYi1tMWplNnpkakN6a3RjVHI2SlpDSlZISGtDNF9KenpDTzlKMGhScGlDblhON3lTejJxUmVTWUxRUQ?oc=5\" target=\"_blank\" rel=\"nofollow noopener\">Concerts de C\u00e9line Dion : le retour de la star qu\u00e9b\u00e9coise fait d\u00e9j\u00e0 tourner l\u2019\u00e9conomie parisienne<\/a>&nbsp;&nbsp;Ouest-France<a href=\"https:\/\/news.google.com\/rss\/articles\/CBMitwFBVV95cUxPMGVfNjFpdlU1NHJtY1RZY1JSUmZ6bDFLX0F2TmxyaTBGRGxMbGRaMmdna2tmeG1xd3UzRUtJWlJsQXpPZ2xZYlQ2WHNkUVJNMkZOVFhUQjZjVFFTMjcxTUNHZlVPbmtqLVdYM0c5anhSTGxDNHZEeUw5eENoVDc0MVhSc1IyTVRzZGFILWlLMVBIbGQ3VFdQQnBkYk9Ia2JQS0M0OUZBOEpjd0ZRUkZ0UHJGam1hVGs?oc=5\" target=\"_blank\" rel=\"nofollow noopener\">\u00ab C\u00e9line, c&rsquo;est notre tati cosmique\u00bb&#8230; Des fans de C\u00e9line Dion se confient<\/a>&nbsp;&nbsp;20 Minutes<\/p>\n","protected":false},"excerpt":{"rendered":"Moins d&rsquo;une semaine avant la premi\u00e8re de C\u00e9line Dion \u00e0 Paris&nbsp;&nbsp;Salut BonjourC\u00e9line Dion s&rsquo;offre sa propre Fashion Week&hellip;\n","protected":false},"author":2,"featured_media":294776,"comment_status":"","ping_status":"","sticky":false,"template":"","format":"standard","meta":{"footnotes":"","_share_on_mastodon":"0"},"categories":[12],"tags":[113,112,140,141,23],"class_list":["post-294775","post","type-post","status-publish","format-standard","has-post-thumbnail","category-musique","tag-divertissement","tag-entertainment","tag-music","tag-musique","tag-suisse"],"share_on_mastodon":{"url":"https:\/\/pubeurope.com\/@ch_fr\/117225947670139146","error":""},"_links":{"self":[{"href":"https:\/\/www.europesays.com\/ch-fr\/wp-json\/wp\/v2\/posts\/294775","targetHints":{"allow":["GET"]}}],"collection":[{"href":"https:\/\/www.europesays.com\/ch-fr\/wp-json\/wp\/v2\/posts"}],"about":[{"href":"https:\/\/www.europesays.com\/ch-fr\/wp-json\/wp\/v2\/types\/post"}],"author":[{"embeddable":true,"href":"https:\/\/www.europesays.com\/ch-fr\/wp-json\/wp\/v2\/users\/2"}],"replies":[{"embeddable":true,"href":"https:\/\/www.europesays.com\/ch-fr\/wp-json\/wp\/v2\/comments?post=294775"}],"version-history":[{"count":0,"href":"https:\/\/www.europesays.com\/ch-fr\/wp-json\/wp\/v2\/posts\/294775\/revisions"}],"wp:featuredmedia":[{"embeddable":true,"href":"https:\/\/www.europesays.com\/ch-fr\/wp-json\/wp\/v2\/media\/294776"}],"wp:attachment":[{"href":"https:\/\/www.europesays.com\/ch-fr\/wp-json\/wp\/v2\/media?parent=294775"}],"wp:term":[{"taxonomy":"category","embeddable":true,"href":"https:\/\/www.europesays.com\/ch-fr\/wp-json\/wp\/v2\/categories?post=294775"},{"taxonomy":"post_tag","embeddable":true,"href":"https:\/\/www.europesays.com\/ch-fr\/wp-json\/wp\/v2\/tags?post=294775"}],"curies":[{"name":"wp","href":"https:\/\/api.w.org\/{rel}","templated":true}]}}