{"id":294793,"date":"2026-09-06T20:36:17","date_gmt":"2026-09-06T20:36:17","guid":{"rendered":"https:\/\/www.europesays.com\/ch-fr\/294793\/"},"modified":"2026-09-06T20:36:17","modified_gmt":"2026-09-06T20:36:17","slug":"a-paris-pour-celine-dion-sophie-durocher-se-fait-interrompre-par-la-securite-en-plein-direct-a-la-television","status":"publish","type":"post","link":"https:\/\/www.europesays.com\/ch-fr\/294793\/","title":{"rendered":"\u00c0 Paris pour C\u00e9line Dion, Sophie Durocher se fait interrompre par la s\u00e9curit\u00e9 en plein direct \u00e0 la t\u00e9l\u00e9vision"},"content":{"rendered":"<p class=\"1_12_tx_courant\">En direct des Galeries Lafayette \u00e0 Paris pour couvrir le grand retour sur sc\u00e8ne de C\u00e9line Dion, la chroniqueuse et animatrice Sophie Durocher a eu droit \u00e0 une intervention inattendue de la s\u00e9curit\u00e9 du c\u00e9l\u00e8bre grand magasin, dimanche matin.<\/p>\n<p class=\"toreadalso-fromEMP\">\u2022 \u00c0 lire aussi\u00a0: <a href=\"https:\/\/www.7jours.ca\/2026\/09\/06\/rosalie-bonenfant-aurait-elle-partage-une-photo-de-son-conjoint\" target=\"aebcf25e-9244-4ee1-9cca-084629a7c241\" rel=\"nofollow noopener\">Rosalie Bonenfant aurait-elle partag\u00e9 une photo de son conjoint\u00a0?<\/a><\/p>\n<p class=\"toreadalso-fromEMP\">\u2022 \u00c0 lire aussi\u00a0: <a href=\"https:\/\/www.7jours.ca\/2026\/09\/06\/martin-picard-et-stefano-faita-nous-racontent-comment-est-nee-leur-amitie\" target=\"a7b4caef-54d7-4d61-9f59-e88701b36931\" rel=\"nofollow noopener\">Martin Picard et Stefano Faita nous racontent comment est n\u00e9e leur amiti\u00e9<\/a><\/p>\n<p class=\"1_12_tx_courant\">Alors qu\u2019elle pr\u00e9sentait une boutique \u00e9ph\u00e9m\u00e8re consacr\u00e9e \u00e0 la diva qu\u00e9b\u00e9coise, ouverte quelques jours avant son retour sur sc\u00e8ne, Sophie Durocher a \u00e9t\u00e9 interrompue par une employ\u00e9e de la s\u00e9curit\u00e9, qui lui a indiqu\u00e9 qu\u2019elle n\u2019avait pas l\u2019autorisation de r\u00e9aliser son direct \u00e0 cet endroit.<\/p>\n<p class=\"1_12_tx_courant\">\u00ab\u00a0Je suis interrompue par le service de s\u00e9curit\u00e9 des Galeries Lafayette, qui me dit que je n\u2019ai pas le droit d\u2019\u00eatre ici. Donc, je suis dans l\u2019ill\u00e9galit\u00e9, les amis, pour vous\u00a0\u00bb, a-t-elle lanc\u00e9 en direct \u00e0 l\u2019\u00e9mission Salut Bonjour Weekend, avant de montrer sa carte de presse \u00e0 l\u2019agente de s\u00e9curit\u00e9.<\/p>\n<p class=\"1_12_tx_courant\">La chroniqueuse a expliqu\u00e9 qu\u2019elle aurait d\u00fb demander une autorisation au pr\u00e9alable, ajoutant avec humour\u00a0: \u00ab\u00a0Vous savez comment on est au Qu\u00e9bec\u00a0? On est comme C\u00e9line, nous, on est spontan\u00e9s, madame.\u00a0\u00bb<\/p>\n<p class=\"toreadalso-fromEMP\">\u2022 \u00c0 lire aussi\u00a0: <a href=\"https:\/\/www.7jours.ca\/2026\/09\/03\/sara-dufour-au-cur-dun-autre-monde-en-chine\" target=\"7bcc0438-cfff-4064-848e-8e636ee10789\" rel=\"nofollow noopener\">Sara Dufour au c\u0153ur d\u2019un autre monde en Chine<\/a><\/p>\n<p>\t<a data-fancybox=\"photo\" data-type=\"image\" href=\"https:\/\/www.europesays.com\/ch-fr\/wp-content\/uploads\/2026\/09\/1788726975_399_SophieDuroParisaf5e3372-77a0-48eb-bd0c-62b02b86181b_ORIGINAL.jpg\"><\/p>\n<p>            <img decoding=\"async\" class=\"lazyload\" src=\"https:\/\/www.europesays.com\/ch-fr\/wp-content\/uploads\/2026\/09\/1788726975_399_SophieDuroParisaf5e3372-77a0-48eb-bd0c-62b02b86181b_ORIGINAL.jpg\" alt=\"\"\/><\/p>\n<p>\t<\/a><\/p>\n<p class=\"photo-credit\">Capture TVA Nouvelles<\/p>\n<p class=\"toreadalso-fromEMP\">\u2022 \u00c0 lire aussi\u00a0: <a href=\"https:\/\/www.7jours.ca\/2026\/09\/03\/voici-ce-que-les-telespectateurs-ne-voient-jamais-a-masterchef-quebec\" target=\"be6f2d55-a4e3-4ba0-846e-0c70f2889f86\" rel=\"nofollow noopener\">Voici ce que les t\u00e9l\u00e9spectateurs ne voient jamais \u00e0 \u00ab\u00a0MasterChef Qu\u00e9bec\u00a0\u00bb <\/a><\/p>\n<p><a href=\"https:\/\/www.7jours.ca\/infolettre\" _blank=\"\" rel=\"nofollow noopener\" target=\"_blank\"><br \/>\n    <img decoding=\"async\" src=\"https:\/\/www.europesays.com\/ch-fr\/wp-content\/uploads\/2026\/09\/1788726977_93_Infolettre_7j_1_18d5d37fd-7548-45f6-98db-3e47e5754324_ORIGINAL.jpg\" class=\"logoJe\"\/><br \/>\n<\/a><\/p>\n<p class=\"toreadalso-fromEMP\">\u2022 \u00c0 lire aussi\u00a0: <a href=\"https:\/\/www.7jours.ca\/2026\/09\/04\/le-tricheur-jose-gaudet-nous-dit-a-quoi-il-faut-sattendre-pour-cette-saison\" target=\"a0f5b851-eb93-4679-b65f-dc04b2fa10ab\" rel=\"nofollow noopener\">\u00ab\u00a0Le Tricheur\u00a0\u00bb: Jos\u00e9 Gaudet nous dit \u00e0 quoi s\u2019attendre cette saison<\/a><\/p>\n<p class=\"1_12_tx_courant\">Sophie Durocher se trouvait aux Galeries Lafayette notamment pour faire d\u00e9couvrir le magasin pop-up consacr\u00e9 \u00e0 C\u00e9line Dion. Elle y avait achet\u00e9 un chandail et une bo\u00eete de quatre macarons associ\u00e9s \u00e0 la chanteuse, vendus au prix de 8\u00a0$ chacun.<\/p>\n<p class=\"1_12_tx_courant\">Sa pr\u00e9sence \u00e0 Paris s\u2019inscrit dans une couverture plus large du retour tr\u00e8s attendu de C\u00e9line Dion, qui demeure entour\u00e9 de myst\u00e8re. L\u2019animatrice y a d\u2019ailleurs r\u00e9alis\u00e9 une entrevue exclusive avec Michel Drucker, ami de longue date de la chanteuse.<\/p>\n<p class=\"1_12_tx_courant\">Lors de l\u2019entretien, l\u2019animateur fran\u00e7ais lui a confi\u00e9 \u00eatre \u00ab\u00a0tr\u00e8s inquiet\u00a0\u00bb pour la sant\u00e9 de C\u00e9line, compte tenu du syndrome de la personne raide dont elle souffre.<\/p>\n<p class=\"1_12_tx_courant\">C\u00e9line Dion doit amorcer sa s\u00e9rie de spectacles le 12 septembre \u00e0 la Plenitude Arena en banlieue parisienne, avec plusieurs repr\u00e9sentations pr\u00e9vues jusqu\u2019au 17 octobre.<\/p>\n<p class=\"1_12_tx_courant\">Dix autres concerts sont \u00e9galement programm\u00e9s en mai 2027.<\/p>\n<p class=\"toreadalso-fromEMP\">\u2022 \u00c0 lire aussi\u00a0: <a href=\"https:\/\/www.7jours.ca\/2026\/09\/04\/sophie-thibault-devoile-une-nouvelle-inquietante-concernant-sa-sante\" target=\"f3fa9f8c-8e9b-4819-9aec-c5ab8f81b1d3\" rel=\"nofollow noopener\">Sophie Thibault d\u00e9voile une nouvelle inqui\u00e9tante concernant sa sant\u00e9<\/a><\/p>\n<p>  Voyez le tout dans la vid\u00e9o ci-dessous\u00a0:<\/p>\n<p class=\"toreadalso-fromEMP\">\u2022 \u00c0 lire aussi\u00a0: <a href=\"https:\/\/www.7jours.ca\/2026\/09\/04\/des-mois-tres-charges-louise-portal-se-confie-sur-ses-prochains-projets\" target=\"e930b373-24f2-4f45-8ab0-67d2b573ef5c\" rel=\"nofollow noopener\">Des mois tr\u00e8s charg\u00e9s\u00a0; Louise Portal se confie sur ses prochains projets <\/a><\/p>\n<p>  Procurez-vous le d\u00e9sinfectant favori de C\u00e9line Dion ci-dessous\u00a0:<\/p>\n<p>                    <a href=\"https:\/\/click.linksynergy.com\/deeplink?id=YJxAJjYJc7w&amp;mid=41046&amp;murl=https%3A%2F%2Fwww.sephora.com%2Fca%2Ffr%2Fproduct%2Fglow-mist-revitalizing-hand-sanitizer-P516302&amp;u1=7jours\" class=\"affiliate-link\" rel=\"sponsored nofollow noopener\" target=\"_blank\"><br \/>\n                        <img decoding=\"async\" src=\"https:\/\/www.europesays.com\/ch-fr\/wp-content\/uploads\/2026\/09\/s2826329-main-zoom.jpg\" alt=\"Glow Mist Revitalizing Hand Sanitizer de Touchland\"\/><br \/>\n                    <\/a><\/p>\n<p>Glow Mist Revitalizing Hand Sanitizer de Touchland<\/p>\n<p class=\"toreadalso-fromEMP\">\u2022 \u00c0 lire aussi\u00a0: <a href=\"https:\/\/www.7jours.ca\/2026\/09\/03\/antoine-gratton-se-confie-sur-son-premier-grand-amour-dete\" target=\"c3c46c9b-e83e-4126-87ff-12e1107f4a62\" rel=\"nofollow noopener\">Antoine Gratton se confie sur son premier grand amour d\u2019\u00e9t\u00e9<\/a><\/p>\n<p class=\"toreadalso-fromEMP\">\u2022 \u00c0 lire aussi\u00a0: <a href=\"https:\/\/www.7jours.ca\/2026\/08\/31\/rentree-tele-2026-voici-toutes-les-emissions-qui-commencent-cette-semaine\" target=\"21cc2209-7c16-420d-8e94-fd6d866d6679\" rel=\"nofollow noopener\">Rentr\u00e9e t\u00e9l\u00e9 2026\u00a0: Voici toutes les \u00e9missions qui commencent cette semaine<\/a><\/p>\n<p>  \u00c0 VOIR AUSSI\u00a0:<\/p>\n","protected":false},"excerpt":{"rendered":"En direct des Galeries Lafayette \u00e0 Paris pour couvrir le grand retour sur sc\u00e8ne de C\u00e9line Dion, la&hellip;\n","protected":false},"author":2,"featured_media":294794,"comment_status":"","ping_status":"","sticky":false,"template":"","format":"standard","meta":{"footnotes":"","_share_on_mastodon":"0"},"categories":[12],"tags":[113,112,140,141,23],"class_list":["post-294793","post","type-post","status-publish","format-standard","has-post-thumbnail","category-musique","tag-divertissement","tag-entertainment","tag-music","tag-musique","tag-suisse"],"share_on_mastodon":{"url":"https:\/\/pubeurope.com\/@ch_fr\/117226018535653006","error":""},"_links":{"self":[{"href":"https:\/\/www.europesays.com\/ch-fr\/wp-json\/wp\/v2\/posts\/294793","targetHints":{"allow":["GET"]}}],"collection":[{"href":"https:\/\/www.europesays.com\/ch-fr\/wp-json\/wp\/v2\/posts"}],"about":[{"href":"https:\/\/www.europesays.com\/ch-fr\/wp-json\/wp\/v2\/types\/post"}],"author":[{"embeddable":true,"href":"https:\/\/www.europesays.com\/ch-fr\/wp-json\/wp\/v2\/users\/2"}],"replies":[{"embeddable":true,"href":"https:\/\/www.europesays.com\/ch-fr\/wp-json\/wp\/v2\/comments?post=294793"}],"version-history":[{"count":0,"href":"https:\/\/www.europesays.com\/ch-fr\/wp-json\/wp\/v2\/posts\/294793\/revisions"}],"wp:featuredmedia":[{"embeddable":true,"href":"https:\/\/www.europesays.com\/ch-fr\/wp-json\/wp\/v2\/media\/294794"}],"wp:attachment":[{"href":"https:\/\/www.europesays.com\/ch-fr\/wp-json\/wp\/v2\/media?parent=294793"}],"wp:term":[{"taxonomy":"category","embeddable":true,"href":"https:\/\/www.europesays.com\/ch-fr\/wp-json\/wp\/v2\/categories?post=294793"},{"taxonomy":"post_tag","embeddable":true,"href":"https:\/\/www.europesays.com\/ch-fr\/wp-json\/wp\/v2\/tags?post=294793"}],"curies":[{"name":"wp","href":"https:\/\/api.w.org\/{rel}","templated":true}]}}