{"id":294823,"date":"2026-09-06T21:15:19","date_gmt":"2026-09-06T21:15:19","guid":{"rendered":"https:\/\/www.europesays.com\/ch-fr\/294823\/"},"modified":"2026-09-06T21:15:19","modified_gmt":"2026-09-06T21:15:19","slug":"quand-le-roi-des-diamantaires-succombe-au-phenomene-de-la-k-pop","status":"publish","type":"post","link":"https:\/\/www.europesays.com\/ch-fr\/294823\/","title":{"rendered":"Quand le roi des diamantaires succombe au ph\u00e9nom\u00e8ne de la K-pop"},"content":{"rendered":"<p>                        <a class=\"author\" href=\"https:\/\/www.parismatch.com\/auteurs\/judith-spinoza\" rel=\"nofollow noopener\" target=\"_blank\">Judith Spinoza<\/a><br \/>\n        06\/09\/2026 \u00e0 10:00, Mis \u00e0 jour le 06\/09\/2026 \u00e0 10:00<\/p>\n<p>    Article r\u00e9serv\u00e9 aux abonn\u00e9s<\/p>\n<p class=\"intro\">En choisissant Jung Kook, membre de BTS, le groupe de K-pop qui bat tous les records, comme premier ambassadeur masculin de son histoire, le joaillier britannique Graff fait le pari de la nouvelle g\u00e9n\u00e9ration et lui ouvre son univers. <\/p>\n<p>Tout a \u00e9t\u00e9 orchestr\u00e9 d\u2019une main de ma\u00eetre. Le 23 juin, \u00e0 l\u2019a\u00e9roport international d\u2019Incheon, <a href=\"https:\/\/www.parismatch.com\/People\/jung-kook-de-bts-nouvelle-egerie-chanel-il-fait-sa-grande-entree-dans-le-monde-du-luxe-francais-261470\" rel=\"nofollow noopener\" target=\"_blank\">Jung Kook<\/a> \u2013 veste en jean, bonnet noir viss\u00e9 sur la t\u00eate \u2013 arbore plusieurs bagues serties de diamants aux c\u00f4t\u00e9s d\u2019accessoires Chrome Hearts qu\u2019on lui conna\u00eet habituellement. Les comptes sp\u00e9cialis\u00e9s m\u00e8nent l\u2019enqu\u00eate \u2013 il s\u2019agirait de pi\u00e8ces <a href=\"https:\/\/www.parismatch.com\/vivre\/bijoux-et-montres\/joaillerie-la-poursuite-du-diamant-bleu-245890\" rel=\"nofollow noopener\" target=\"_blank\">Graff<\/a>. Quelques jours plus tard, le 1er \u00adjuillet, c\u2019est le joaillier qui poste un teaser Instagram : \u00e0 l\u2019\u00e9cran, une main tatou\u00e9e charg\u00e9e de bijoux puis une silhouette jette et rattrape un anneau tandis qu\u2019appara\u00eet cette promesse : \u00ab Graff ne se d\u00e9finit pas par une seule histoire, mais par les multiples facettes qui fa\u00e7onnent son h\u00e9ritage. D\u00e9couvrez une ic\u00f4ne r\u00e9invent\u00e9e. \u00bb Le 2 juillet, la maison l\u00e8ve le voile avec sa campagne officielle, Laurence Graff Signature, incarn\u00e9e par l\u2019artiste sud-\u00adcor\u00e9en Jung Kook. <\/p>\n<p>    La suite apr\u00e8s cette publicit\u00e9<\/p>\n<p>Lanc\u00e9e en 2008, cette ligne inspir\u00e9e des facettes du diamant s\u2019est impos\u00e9e comme l\u2019une des signatures du joaillier. Dans un d\u00e9cor vert et or, les couleurs historiques de Graff, et sous l\u2019objectif du photographe norv\u00e9gien Solve Sundsbo, <a href=\"https:\/\/www.parismatch.com\/culture\/musique\/nous-avons-decide-de-la-prise-de-position-radicale-et-courageuse-de-bts-face-aux-grammy-awards-273378\" rel=\"nofollow noopener\" target=\"_blank\">le chanteur de K-pop<\/a> pr\u00e9sente ses d\u00e9clinaisons aux maillons imposants. Taill\u00e9s dans un seul bloc d\u2019or jaune, rose ou blanc, bracelets, bagues et pendentifs s\u2019empilent et se superposent \u00e0 l\u2019envi. Une grammaire dont l\u2019artiste \u2013 qui confie \u00add\u2019ailleurs avoir craqu\u00e9 pour le bracelet lors du shooting \u2013 est l\u2019interpr\u00e8te parfait. \u00ab J\u2019adore le porter diff\u00e9remment selon mon humeur, en en superposant plusieurs ou en les associant \u00e0 des bagues et des pendentifs. \u00bb En quelques heures, la campagne d\u00e9clenche un raz-de-mar\u00e9e de likes sur les r\u00e9seaux sociaux.<\/p>\n<p>Le choix in\u00e9dit d&rsquo;un ambassadeur <\/p>\n<p>Depuis sa fondation \u00e0 Londres en 1960 par Laurence Graff, la maison n\u2019avait jamais opt\u00e9 pour un visage masculin. Le pari est habile. En choisissant Jung Kook, Graff rajeunit son image tout en confortant son influence en Asie. \u00adPr\u00e9sente en Chine, au Japon, \u00e0 Singapour ou encore \u00e0 Ta\u00efwan, elle dispose en Cor\u00e9e du Sud d\u2019un r\u00e9seau qui s\u2019\u00e9tend de S\u00e9oul \u00e0 Busan, Incheon et Daejeon. \u00ab Jung Kook, rappelle Fran\u00e7ois Graff, son directeur g\u00e9n\u00e9ral, est une ic\u00f4ne culturelle, connue pour son talent aux multiples facettes. \u00c0 l\u2019image de la maison, qui s\u2019attache \u00e0 repousser sans cesse les limites de la haute joaillerie, il explore et d\u00e9passe constamment celles de sa cr\u00e9ativit\u00e9. \u00bb Surnomm\u00e9 le \u00ab Sold Out King \u00bb \u2013 chaque pi\u00e8ce que la pop star cor\u00e9enne adopte s\u2019\u00e9puise en quelques heures \u2013, ce Midas moderne a d\u00e9j\u00e0 d\u00e9montr\u00e9 sa puissance commerciale : une capsule lanc\u00e9e en mai avec Calvin Klein est devenue la collaboration la plus performante jamais r\u00e9alis\u00e9e par la marque. \u00c9galement ambassadeur de Chanel Fragrances &amp; Beauty et de Hublot, le chanteur est devenu l\u2019un de ces visages que le luxe s\u2019arrache. Sur la plateforme Weverse, ses live improvis\u00e9s cultivent une intimit\u00e9 que les campagnes les mieux r\u00e9gl\u00e9es peinent \u00e0 reproduire. Le roi des diamants a trouv\u00e9 sa perle rare, sacr\u00e9e Most Handsome Man Alive 2026 par Netizens Choice, en recueillant plus de 31 millions de votes lors d\u2019un scrutin international en ligne\u2026 <\/p>\n","protected":false},"excerpt":{"rendered":"Judith Spinoza 06\/09\/2026 \u00e0 10:00, Mis \u00e0 jour le 06\/09\/2026 \u00e0 10:00 Article r\u00e9serv\u00e9 aux abonn\u00e9s En choisissant&hellip;\n","protected":false},"author":2,"featured_media":294824,"comment_status":"","ping_status":"","sticky":false,"template":"","format":"standard","meta":{"footnotes":"","_share_on_mastodon":"0"},"categories":[12],"tags":[113,112,140,141,23],"class_list":["post-294823","post","type-post","status-publish","format-standard","has-post-thumbnail","category-musique","tag-divertissement","tag-entertainment","tag-music","tag-musique","tag-suisse"],"share_on_mastodon":{"url":"https:\/\/pubeurope.com\/@ch_fr\/117226172083234286","error":""},"_links":{"self":[{"href":"https:\/\/www.europesays.com\/ch-fr\/wp-json\/wp\/v2\/posts\/294823","targetHints":{"allow":["GET"]}}],"collection":[{"href":"https:\/\/www.europesays.com\/ch-fr\/wp-json\/wp\/v2\/posts"}],"about":[{"href":"https:\/\/www.europesays.com\/ch-fr\/wp-json\/wp\/v2\/types\/post"}],"author":[{"embeddable":true,"href":"https:\/\/www.europesays.com\/ch-fr\/wp-json\/wp\/v2\/users\/2"}],"replies":[{"embeddable":true,"href":"https:\/\/www.europesays.com\/ch-fr\/wp-json\/wp\/v2\/comments?post=294823"}],"version-history":[{"count":0,"href":"https:\/\/www.europesays.com\/ch-fr\/wp-json\/wp\/v2\/posts\/294823\/revisions"}],"wp:featuredmedia":[{"embeddable":true,"href":"https:\/\/www.europesays.com\/ch-fr\/wp-json\/wp\/v2\/media\/294824"}],"wp:attachment":[{"href":"https:\/\/www.europesays.com\/ch-fr\/wp-json\/wp\/v2\/media?parent=294823"}],"wp:term":[{"taxonomy":"category","embeddable":true,"href":"https:\/\/www.europesays.com\/ch-fr\/wp-json\/wp\/v2\/categories?post=294823"},{"taxonomy":"post_tag","embeddable":true,"href":"https:\/\/www.europesays.com\/ch-fr\/wp-json\/wp\/v2\/tags?post=294823"}],"curies":[{"name":"wp","href":"https:\/\/api.w.org\/{rel}","templated":true}]}}