{"id":31231,"date":"2026-03-04T05:26:07","date_gmt":"2026-03-04T05:26:07","guid":{"rendered":"https:\/\/www.europesays.com\/ch-fr\/31231\/"},"modified":"2026-03-04T05:26:07","modified_gmt":"2026-03-04T05:26:07","slug":"jai-eu-des-idees-noires-alexandra-rosenfeld-revient-sur-son-hospitalisation-periode-la-plus-difficile-de-sa-vie","status":"publish","type":"post","link":"https:\/\/www.europesays.com\/ch-fr\/31231\/","title":{"rendered":"\u00ab\u00a0J&rsquo;ai eu des id\u00e9es noires\u00a0\u00bb\u00a0: Alexandra Rosenfeld revient sur son hospitalisation, p\u00e9riode la plus difficile de sa vie"},"content":{"rendered":"<p><a href=\"https:\/\/www.parismatch.be\/actualites\/people\/2025\/11\/28\/ce-ne-sont-pas-les-coups-qui-mont-laisse-le-plus-de-traces-le-temoignage-glacant-dalexandra-rosenfeld-a-propos-de-la-violence-de-jean-imbert-XTWMDSX4UFAXDL7SLNNKFIZJEY\/\" target=\"_self\" class=\"ap-StoryInterstitialLink ap-StoryElement ap-StoryElement--mb\" rel=\"nofollow noopener\">\u00ab\u00a0Ce ne sont pas les coups qui m&rsquo;ont laiss\u00e9 le plus de traces\u00a0\u00bb: le t\u00e9moignage gla\u00e7ant d&rsquo;Alexandra Rosenfeld \u00e0 propos de la violence de Jean Imbert<\/a><\/p>\n<p class=\"ap-StoryElement ap-StoryElement--mb ap-StoryText\">\u00ab\u00a0L\u00e0, je n&rsquo;ai plus mon mental, je n&rsquo;ai plus rien. Je me demandais est-ce que je vais pouvoir refaire du sport ? Est-ce que je vais pouvoir refaire du pilates ? Est-ce que je vais pouvoir remarcher ? Est-ce que je vais pouvoir recourir ? Pour moi c&rsquo;\u00e9tait ma seule libert\u00e9\u00a0\u00bb, explique Alexandra Rosenfeld, encore \u00e9mue par ces tristes souvenirs.<\/p>\n<p class=\"ap-StoryElement ap-StoryElement--mb ap-StoryText\">Et comme un malheur n&rsquo;arrive jamais seul, <a href=\"https:\/\/www.parismatch.be\/actualites\/people\/2025\/09\/04\/il-ma-retournee-il-ma-mis-un-coup-de-tete-le-lourd-temoignage-dalexandra-rosenfeld-contre-son-ex-compagnon-jean-imbert-Y6IBQZ4U4BBXJI56H2P4IVXGBE\/\" target=\"_self\" rel=\"nofollow noopener\">l&rsquo;ex-compagne de Jean Imbert<\/a> confie avoir \u00e9t\u00e9 d\u00e9laiss\u00e9e par certaines personnes de son entourage : \u00ab\u00a0A ce moment-l\u00e0, je suis tellement insupportable que je me s\u00e9pare de beaucoup de gens qui en ont marre d&rsquo;avoir quelqu&rsquo;un qui a mal [\u2026] mais ce n&rsquo;\u00e9tait pas des amis\u00a0\u00bb, raconte-t-elle avec tristesse. En proie \u00e0 la douleur et \u00e0 une solitude extr\u00eame, Alexandra Rosenfeld affirme avoir \u00e9t\u00e9 au plus bas : \u00ab\u00a0L\u00e0 j&rsquo;ai eu des id\u00e9es noires. J&rsquo;\u00e9tais dans un \u00e9tat\u2026 Je me suis dit &lsquo;Tu ne vas pas te relever'\u00a0\u00bb. Si ces souvenirs sont loin, ils n&rsquo;en demeurent pas moins douloureux pour l&rsquo;ex-reine de beaut\u00e9.<\/p>\n<p>Comment va Alexandra Rosenfeld aujourd&rsquo;hui ?<\/p>\n<p class=\"ap-StoryElement ap-StoryElement--mb ap-StoryText\">Depuis 2020, Alexandra Rosenfeld est install\u00e9e \u00e0 Biarritz avec son compagnon <a href=\"https:\/\/www.parismatch.be\/actualites\/environnement\/2022\/12\/22\/hugo-clement-il-y-a-plein-de-choses-chez-moi-qui-ne-sont-pas-ecologiques-qui-a-dit-que-jetais-parfait-video-QWZI2MOQVZB6PGXAZCXPEHAZJQ\/\" target=\"_self\" rel=\"nofollow noopener\">Hugo Cl\u00e9ment<\/a>, avec lequel elle s&rsquo;est pacs\u00e9e en 2019. Aux abords de l&rsquo;oc\u00e9an Atlantique, elle vit des jours plus calmes, loin du tumulte parisien, en compagnie de ses deux filles Ava et Jim. La sortie de son ouvrage \u00ab\u00a0Ma M\u00e9thode bien-\u00eatre \u2013 Ayurv\u00e9da, Joie, Yoga\u00a0\u00bb en 2022 a \u00e9t\u00e9 une \u00e9piphanie pour cette ex-athl\u00e8te et journaliste sportive de 39 ans.<\/p>\n<p><a href=\"https:\/\/www.parismatch.be\/actualites\/people\/2025\/08\/22\/cette-relation-etait-insoutenable-jean-imbert-sort-du-silence-apres-les-accusations-de-son-ex-alexandra-rosenfeld-ITYPSSC6XBGKNHFCWG55NUERFU\/\" target=\"_self\" class=\"ap-StoryInterstitialLink ap-StoryElement ap-StoryElement--mb\" rel=\"nofollow noopener\">\u00ab\u00a0Cette relation \u00e9tait insoutenable\u00a0\u00bb : Jean Imbert sort du silence apr\u00e8s les accusations de son ex, Alexandra Rosenfeld<\/a><\/p>\n<p class=\"ap-StoryElement ap-StoryElement--mb ap-StoryText\">Trois ans plus tard, en octobre 2025, \u00e0 la suite de la sombre affaire Jean Imbert pour laquelle elle t\u00e9moigne, Alexandra Rosenfeld d\u00e9clare \u00eatre d\u00e9sormais plus apais\u00e9e, gr\u00e2ce \u00e0 sa foi catholique et sa pratique de la spiritualit\u00e9. Un mois plus tard, son oracle \u00ab\u00a0Fil de Vie\u00a0\u00bb est commercialis\u00e9, \u00e9dit\u00e9 par la Librairie Eyrolles. \u00ab\u00a0Une invitation \u00e0 trouver la force en vous pour renouer avec votre essence et avancer avec confiance, gr\u00e2ce \u00e0 des textes inspirants et des illustrations captivantes\u00a0\u00bb, promet-elle.<\/p>\n","protected":false},"excerpt":{"rendered":"\u00ab\u00a0Ce ne sont pas les coups qui m&rsquo;ont laiss\u00e9 le plus de traces\u00a0\u00bb: le t\u00e9moignage gla\u00e7ant d&rsquo;Alexandra Rosenfeld&hellip;\n","protected":false},"author":2,"featured_media":31232,"comment_status":"","ping_status":"","sticky":false,"template":"","format":"standard","meta":{"footnotes":"","_share_on_mastodon":"0"},"categories":[15],"tags":[12199,158,157,113,112,11679,8497,12200,1726,159,23],"class_list":["post-31231","post","type-post","status-publish","format-standard","has-post-thumbnail","category-people","tag-alexandra-rosenfeld","tag-celebrities","tag-celebrity","tag-divertissement","tag-entertainment","tag-hospitalisation","tag-hugo-clement","tag-jeam-imbert","tag-maladie","tag-people","tag-suisse"],"share_on_mastodon":{"url":"https:\/\/pubeurope.com\/@ch_fr\/116169250057900560","error":""},"_links":{"self":[{"href":"https:\/\/www.europesays.com\/ch-fr\/wp-json\/wp\/v2\/posts\/31231","targetHints":{"allow":["GET"]}}],"collection":[{"href":"https:\/\/www.europesays.com\/ch-fr\/wp-json\/wp\/v2\/posts"}],"about":[{"href":"https:\/\/www.europesays.com\/ch-fr\/wp-json\/wp\/v2\/types\/post"}],"author":[{"embeddable":true,"href":"https:\/\/www.europesays.com\/ch-fr\/wp-json\/wp\/v2\/users\/2"}],"replies":[{"embeddable":true,"href":"https:\/\/www.europesays.com\/ch-fr\/wp-json\/wp\/v2\/comments?post=31231"}],"version-history":[{"count":0,"href":"https:\/\/www.europesays.com\/ch-fr\/wp-json\/wp\/v2\/posts\/31231\/revisions"}],"wp:featuredmedia":[{"embeddable":true,"href":"https:\/\/www.europesays.com\/ch-fr\/wp-json\/wp\/v2\/media\/31232"}],"wp:attachment":[{"href":"https:\/\/www.europesays.com\/ch-fr\/wp-json\/wp\/v2\/media?parent=31231"}],"wp:term":[{"taxonomy":"category","embeddable":true,"href":"https:\/\/www.europesays.com\/ch-fr\/wp-json\/wp\/v2\/categories?post=31231"},{"taxonomy":"post_tag","embeddable":true,"href":"https:\/\/www.europesays.com\/ch-fr\/wp-json\/wp\/v2\/tags?post=31231"}],"curies":[{"name":"wp","href":"https:\/\/api.w.org\/{rel}","templated":true}]}}