{"id":34896,"date":"2026-03-06T10:33:11","date_gmt":"2026-03-06T10:33:11","guid":{"rendered":"https:\/\/www.europesays.com\/ch-fr\/34896\/"},"modified":"2026-03-06T10:33:11","modified_gmt":"2026-03-06T10:33:11","slug":"le-skieur-au-casting-dune-serie-disney","status":"publish","type":"post","link":"https:\/\/www.europesays.com\/ch-fr\/34896\/","title":{"rendered":"le skieur au casting d\u2019une s\u00e9rie Disney+"},"content":{"rendered":"\n<p> Abo       \u2013   <\/p>\n<p>  Voil\u00e0 que Disney propose Marco Odermatt et Lindsey Vonn au casting <\/p>\n<p class=\"lead regular externalicon-big astro-mrojhlls\"> \u00abOn the Edge: World Cup Ski Racing\u00bb est la nouvelle s\u00e9rie documentaire mettant en sc\u00e8ne les skieuses et skieurs. Les r\u00e9alisateurs ont compris que le ski \u00e9tait une mine d\u2019or.    <\/p>\n<p>   <img loading=\"lazy\" decoding=\"async\" src=\"https:\/\/www.europesays.com\/ch-fr\/wp-content\/uploads\/2026\/02\/5tPbE93oajJBDxV3qe_8_r.jpg\"  width=\"100\" height=\"100\"  alt=\"Rebecca Garcia\" class=\"AuthorImage -content-head authorimage astro-vmrqen7w astro-g7nkasli\" style=\"background-color:#808080\"\/>        Publi\u00e9 aujourd\u2019hui \u00e0 10h31               <img decoding=\"async\" loading=\"eager\" fetchpriority=\"high\" src=\"https:\/\/www.europesays.com\/ch-fr\/wp-content\/uploads\/2026\/03\/34GEQCfUKpEBPiYPnkz9jX.jpg\" data-image-url=\"https:\/\/www.europesays.com\/ch-fr\/wp-content\/uploads\/2026\/03\/34GEQCfUKpEBPiYPnkz9jX.jpg\" alt=\"Marco Odermatt et Franjo von Allmen c\u00e9l\u00e8brent sur le podium du combin\u00e9 alpin par \u00e9quipes aux JO Milano Cortina 2026 \u00e0 Bormio.\" title=\"Marco Odermatt et Franjo von Allmen c\u00e9l\u00e8brent sur le podium du combin\u00e9 alpin par \u00e9quipes aux JO Milano Cortina 2026 \u00e0 Bormio.\" class=\"ResponsiveImage responsive-image astro-lrzy7jfn\" style=\"background-color:#6F6F9A\" onload=\"this.style.backgroundColor = &quot;transparent&quot;\"\/>         <\/p>\n<p>Marco Odermatt s\u2019inscrit comme le personnage incontournable de toute bonne s\u00e9rie sur le ski. <\/p>\n<p>AFP<\/p>\n","protected":false},"excerpt":{"rendered":"Abo \u2013 Voil\u00e0 que Disney propose Marco Odermatt et Lindsey Vonn au casting \u00abOn the Edge: World Cup&hellip;\n","protected":false},"author":2,"featured_media":34897,"comment_status":"","ping_status":"","sticky":false,"template":"","format":"standard","meta":{"footnotes":"","_share_on_mastodon":"0"},"categories":[8],"tags":[11335,1032,75,251,37,23,2709],"class_list":["post-34896","post","type-post","status-publish","format-standard","has-post-thumbnail","category-sports","tag-depth","tag-ski-alpin","tag-sports","tag-stats-editorial-team","tag-stats-seo","tag-suisse","tag-swiss-ski"],"share_on_mastodon":{"url":"https:\/\/pubeurope.com\/@ch_fr\/116181782071547782","error":""},"_links":{"self":[{"href":"https:\/\/www.europesays.com\/ch-fr\/wp-json\/wp\/v2\/posts\/34896","targetHints":{"allow":["GET"]}}],"collection":[{"href":"https:\/\/www.europesays.com\/ch-fr\/wp-json\/wp\/v2\/posts"}],"about":[{"href":"https:\/\/www.europesays.com\/ch-fr\/wp-json\/wp\/v2\/types\/post"}],"author":[{"embeddable":true,"href":"https:\/\/www.europesays.com\/ch-fr\/wp-json\/wp\/v2\/users\/2"}],"replies":[{"embeddable":true,"href":"https:\/\/www.europesays.com\/ch-fr\/wp-json\/wp\/v2\/comments?post=34896"}],"version-history":[{"count":0,"href":"https:\/\/www.europesays.com\/ch-fr\/wp-json\/wp\/v2\/posts\/34896\/revisions"}],"wp:featuredmedia":[{"embeddable":true,"href":"https:\/\/www.europesays.com\/ch-fr\/wp-json\/wp\/v2\/media\/34897"}],"wp:attachment":[{"href":"https:\/\/www.europesays.com\/ch-fr\/wp-json\/wp\/v2\/media?parent=34896"}],"wp:term":[{"taxonomy":"category","embeddable":true,"href":"https:\/\/www.europesays.com\/ch-fr\/wp-json\/wp\/v2\/categories?post=34896"},{"taxonomy":"post_tag","embeddable":true,"href":"https:\/\/www.europesays.com\/ch-fr\/wp-json\/wp\/v2\/tags?post=34896"}],"curies":[{"name":"wp","href":"https:\/\/api.w.org\/{rel}","templated":true}]}}