{"id":36589,"date":"2026-03-07T10:31:07","date_gmt":"2026-03-07T10:31:07","guid":{"rendered":"https:\/\/www.europesays.com\/ch-fr\/36589\/"},"modified":"2026-03-07T10:31:07","modified_gmt":"2026-03-07T10:31:07","slug":"quelles-sont-les-neuroplantes-dont-lefficacite-est-validee-par-la-science","status":"publish","type":"post","link":"https:\/\/www.europesays.com\/ch-fr\/36589\/","title":{"rendered":"Quelles sont les neuroplantes dont l&rsquo;efficacit\u00e9 est valid\u00e9e par la science ?"},"content":{"rendered":"<p class=\"article-p mdl\">Dans un contexte o\u00f9 la sant\u00e9 mentale occupe une place croissante dans les pr\u00e9occupations des Fran\u00e7ais, l\u2019\u00e9mission \u00ab\u00a0\u00c7a va beaucoup mieux\u00a0\u00bb sur RTL s\u2019int\u00e9resse cette semaine aux \u00ab\u00a0neuroplantes\u00a0\u00bb. Ces plantes, dont les effets sur le syst\u00e8me nerveux sont de plus en plus \u00e9tudi\u00e9s, offrent des alternatives naturelles pour lutter contre le stress, l\u2019anxi\u00e9t\u00e9 ou encore les troubles du sommeil.\u00a0Pour en parler, le docteur Jimmy Mohamed et Flavie Flamand re\u00e7oivent la psychiatre Marine Colombel, autrice du livre \u00ab\u00a0Neuroplantes\u00a0\u00bb, qui partage son expertise sur le sujet.<\/p>\n<p class=\"article-p mdl\">Marine Colombel explique d\u2019embl\u00e9e ce qu\u2019est une neuroplante : \u00ab C&rsquo;est une plante qui va agir sur le syst\u00e8me nerveux. Soit central, c&rsquo;est-\u00e0-dire le cerveau ; soit p\u00e9riph\u00e9rique, par exemple sur l&rsquo;axe du cortisol. \u00bb Elle pr\u00e9cise avoir s\u00e9lectionn\u00e9 sept plantes principales dans son ouvrage : la rhodiole, le safran, l\u2019ashwagandha, la val\u00e9riane, le bacopa, la cannelle et le curcuma. \u00ab J&rsquo;ai choisi celles-l\u00e0 parce qu&rsquo;elles sont faciles d&#8217;emploi. \u00c7a veut dire qu&rsquo;on a des preuves scientifiques de leur efficacit\u00e9, \u00e7a c&rsquo;est important, on a beaucoup d&rsquo;\u00e9tudes dessus. Et surtout, il y a peu d&rsquo;effets secondaires, donc on a une utilisation quand m\u00eame assez facile. \u00bb<\/p>\n<p class=\"article-p mdl\">L\u2019int\u00e9r\u00eat de ces plantes r\u00e9side dans leur capacit\u00e9 \u00e0 agir sur des troubles courants, sans pour autant remplacer un traitement m\u00e9dical lorsque celui-ci est n\u00e9cessaire. \u00ab Il y a vraiment une notion de nuance en sant\u00e9 qu&rsquo;il faut avoir \u00bb, insiste la psychiatre. \u00ab La d\u00e9pression s\u00e9v\u00e8re, il faut un antid\u00e9presseur. Il faut \u00e9videmment en parler \u00e0 son g\u00e9n\u00e9raliste, voire \u00e0 un psychiatre. Mais il y a beaucoup de cas qui sont un peu entre deux (&#8230;). Quand on a\u00a0<a class=\"link\" href=\"https:\/\/www.rtl.fr\/actu\/sante\/lumiere-naturelle-luminotherapie-vitamine-d-comment-eviter-la-depression-saisonniere-7900581712\" title=\"Lumi\u00e8re naturelle, luminoth\u00e9rapie, vitamine D... Comment \u00e9viter la d\u00e9pression saisonni\u00e8re ?\" rel=\"nofollow noopener\" target=\"_blank\">un peu de d\u00e9prime<\/a>\u00a0ou des<a class=\"link\" href=\"https:\/\/www.rtl.fr\/actu\/sante\/la-melatonine-pour-mieux-dormir-ca-marche-ou-ca-marche-pas-7900555024\" title=\"Sommeil : la m\u00e9latonine pour mieux dormir, \u00e7a marche ou \u00e7a marche pas ?\" rel=\"nofollow noopener\" target=\"_blank\"> difficult\u00e9s \u00e0 s&rsquo;endormir<\/a>\u00a0(&#8230;). C&rsquo;est l\u00e0 que les plantes, effectivement, ont une place de choix pour aider \u00e0 soutenir cette sant\u00e9 mentale \u00bb explique-t-elle.<\/p>\n<p>            Des usages adapt\u00e9s et encadr\u00e9s<\/p>\n<p class=\"article-p mdl\">La sp\u00e9cialiste recommande de privil\u00e9gier les compl\u00e9ments alimentaires de qualit\u00e9, achet\u00e9s en pharmacie : \u00ab\u00a0Le\u00a0<a class=\"link\" href=\"https:\/\/www.rtl.fr\/actu\/sante\/le-safran-contre-la-depression-legere-a-moderee-ca-marche-ou-pas-7900593201\" title=\"Le safran contre la d\u00e9pression l\u00e9g\u00e8re \u00e0 mod\u00e9r\u00e9e : \u00e7a marche ou pas ?\" rel=\"nofollow noopener\" target=\"_blank\">safran<\/a>\u00a0de la paella, ce n&rsquo;est pas le safran qu&rsquo;on va retrouver dans les g\u00e9lules pour la sant\u00e9 mentale. Les plantes ne sont pas cultiv\u00e9es de la m\u00eame fa\u00e7on, ce ne sont pas les m\u00eames extraits. \u00bb Elle insiste aussi sur le respect des dosages : \u00ab Toutes les \u00e9tudes se basent sur 30 mg par journ\u00e9e. Mon conseil, c&rsquo;est qu&rsquo;on commence plut\u00f4t \u00e0 demi-dose, \u00e0 15, pour \u00eatre s\u00fbr que \u00e7a soit bien tol\u00e9r\u00e9 au niveau digestif. \u00bb<\/p>\n<p class=\"article-p mdl\">Les cures doivent \u00eatre adapt\u00e9es \u00e0 chaque plante et \u00e0 chaque besoin. \u00ab La rhodiole, on va l&rsquo;utiliser sur une p\u00e9riode \u00e0 peu pr\u00e8s de quelques semaines, voire 2 \u00e0 3 mois, pour avoir la pleine efficacit\u00e9 \u00bb, indique la psychiatre. Quant \u00e0 la val\u00e9riane, elle rassure : \u00ab L&rsquo;avantage de la val\u00e9riane, c&rsquo;est qu&rsquo;elle n&rsquo;est pas anesth\u00e9siante. Elle va nous relaxer, elle va nous d\u00e9tendre pour favoriser le sommeil. \u00bb<\/p>\n<p class=\"article-p mdl\">\n<p>Enfin, Marine Colombel rappelle que les neuroplantes ne remplacent pas un traitement m\u00e9dical en cas de pathologie av\u00e9r\u00e9e : \u00ab La d\u00e9pression s\u00e9v\u00e8re, il faut un antid\u00e9presseur. Il faut \u00e9videmment en parler \u00e0 son g\u00e9n\u00e9raliste, voire \u00e0 un psychiatre. \u00bb Mais pour les troubles l\u00e9gers ou passagers, ces plantes peuvent offrir un soutien pr\u00e9cieux, \u00e0 condition de bien s\u2019informer et de demander conseil \u00e0 un professionnel de sant\u00e9.<\/p>\n<p>    La r\u00e9daction vous recommande<\/p>\n<p class=\"s-newsletter__title\">\n                L\u2019actualit\u00e9 par la r\u00e9daction de RTL dans votre bo\u00eete mail.\n            <\/p>\n<p class=\"s-newsletter__subtitle\">\n                Gr\u00e2ce \u00e0 votre compte RTL abonnez-vous \u00e0 la newsletter RTL info pour suivre toute l&rsquo;actualit\u00e9 au quotidien\n            <\/p>\n<p>\n                                    Lire la suite\n                                <\/p>\n","protected":false},"excerpt":{"rendered":"Dans un contexte o\u00f9 la sant\u00e9 mentale occupe une place croissante dans les pr\u00e9occupations des Fran\u00e7ais, l\u2019\u00e9mission \u00ab\u00a0\u00c7a&hellip;\n","protected":false},"author":2,"featured_media":36590,"comment_status":"","ping_status":"","sticky":false,"template":"","format":"standard","meta":{"footnotes":"","_share_on_mastodon":"0"},"categories":[9],"tags":[1261,297,83,364,1883,1884,84,23],"class_list":["post-36589","post","type-post","status-publish","format-standard","has-post-thumbnail","category-sante","tag-alimentation","tag-fil-info","tag-health","tag-nutrition","tag-replay","tag-replay-integral","tag-sante","tag-suisse"],"share_on_mastodon":{"url":"https:\/\/pubeurope.com\/@ch_fr\/116187436446793255","error":""},"_links":{"self":[{"href":"https:\/\/www.europesays.com\/ch-fr\/wp-json\/wp\/v2\/posts\/36589","targetHints":{"allow":["GET"]}}],"collection":[{"href":"https:\/\/www.europesays.com\/ch-fr\/wp-json\/wp\/v2\/posts"}],"about":[{"href":"https:\/\/www.europesays.com\/ch-fr\/wp-json\/wp\/v2\/types\/post"}],"author":[{"embeddable":true,"href":"https:\/\/www.europesays.com\/ch-fr\/wp-json\/wp\/v2\/users\/2"}],"replies":[{"embeddable":true,"href":"https:\/\/www.europesays.com\/ch-fr\/wp-json\/wp\/v2\/comments?post=36589"}],"version-history":[{"count":0,"href":"https:\/\/www.europesays.com\/ch-fr\/wp-json\/wp\/v2\/posts\/36589\/revisions"}],"wp:featuredmedia":[{"embeddable":true,"href":"https:\/\/www.europesays.com\/ch-fr\/wp-json\/wp\/v2\/media\/36590"}],"wp:attachment":[{"href":"https:\/\/www.europesays.com\/ch-fr\/wp-json\/wp\/v2\/media?parent=36589"}],"wp:term":[{"taxonomy":"category","embeddable":true,"href":"https:\/\/www.europesays.com\/ch-fr\/wp-json\/wp\/v2\/categories?post=36589"},{"taxonomy":"post_tag","embeddable":true,"href":"https:\/\/www.europesays.com\/ch-fr\/wp-json\/wp\/v2\/tags?post=36589"}],"curies":[{"name":"wp","href":"https:\/\/api.w.org\/{rel}","templated":true}]}}