{"id":38807,"date":"2026-03-08T19:14:09","date_gmt":"2026-03-08T19:14:09","guid":{"rendered":"https:\/\/www.europesays.com\/ch-fr\/38807\/"},"modified":"2026-03-08T19:14:09","modified_gmt":"2026-03-08T19:14:09","slug":"ecologistes-et-socialistes-promettent-de-revenir-avec-de-nouvelles-propositions-la-suisse-refuse-le-fonds-climat-la-liberte","status":"publish","type":"post","link":"https:\/\/www.europesays.com\/ch-fr\/38807\/","title":{"rendered":"Ecologistes et socialistes promettent de revenir avec de nouvelles propositions. La Suisse refuse le fonds climat &#8211; La Libert\u00e9"},"content":{"rendered":"<p><a href=\"https:\/\/news.google.com\/rss\/articles\/CBMilgFBVV95cUxNd1lKY1pVd0s0NDNVV2JZTWJuUzdlR0g2d2ZiZmtqQ05femp1SEV1TjRKV1RhYWpPck1abFMxQVRJOFBWMFZZbzZmaTB5SUQ2cTNFbjJVUXVRLXNrVzktZ0x3dmZRNHhrc3pQaXJzOVBibVZUMTFHMU9Yc3Z3S1BzbVU0a0lmbmhOQUgwdHJ0ZF9sQ0pnMmc?oc=5\" target=\"_blank\" rel=\"nofollow noopener\">Ecologistes et socialistes promettent de revenir avec de nouvelles propositions. La Suisse refuse le fonds climat<\/a>&nbsp;&nbsp;La Libert\u00e9<a href=\"https:\/\/news.google.com\/rss\/articles\/CBMi4gFBVV95cUxQSlNwdTRMeWRtVjRzaDVSOE9XVUFzY3JLUVNEd2JiakJ5XzVfdlNkNUxvTjNpVWZVaFJrQWItZXl5Y3lESzdJX0NSSmNUWkhFU3FILVdhcnhjd1dMZFVxeU1xeXJyN1cxaDV1UXdQSXo3WEpSR2UtZ21TR3V2bGtCYVJqWjVWTnVIc1JyNVBOSUJMQ3VySkdKa1pyODlHM0FjWGFCa2FjV1lKb19KVmk1UGZ1R3FrOFdTNFh0bU9DZGVrc1VjdTk4ZkxHejI4QUlpODg2X1Z6N2M2SWktU0FtU0NR?oc=5\" target=\"_blank\" rel=\"nofollow noopener\">Les Suisses ont rejet\u00e9 \u00e0 71% l&rsquo;initiative populaire pour un fonds climat, selon la projection de gfs.bern. Le projet demandait au Conseil f\u00e9d\u00e9ral d&rsquo;investir entre 4 et 8 milliards de plus par an pour atteindre la neutralit\u00e9 carbone d&rsquo;ici 2050. \ud83d\udc49 Retrouvez notre suivi<\/a>&nbsp;&nbsp;facebook.com<a href=\"https:\/\/news.google.com\/rss\/articles\/CBMi1wFBVV95cUxPOC1EMDlPUHJRT1pzeC0xT2loQWx3eFBwbHBXQU00M2h3bHdwWEpxOHpEbXdFb0RuT3pkQVJCY3RaamtpMlRHa3JYdlFORkpEU3RURDF0VHZaMkIwRnZta1B4cnlocndscUNyRHFNM0Z4R2dNYjNFcWo4UEFnWTVCTzBNbnlHQ3g4ZmJlbWVRcURYdHR2N3pCY0lzOWc0ZVpfRElKNlRFaDdSV1drYm0xaE9KenB2LWg3X1JXbTBCcjFvUTVQdmFTaTBjbXZlWDhCX01sUS10Yw?oc=5\" target=\"_blank\" rel=\"nofollow noopener\">Lucas Chancel, \u00e9conomiste: \u00abEn mati\u00e8re \u00e9nerg\u00e9tique, la puissance publique doit revenir sur le devant de la sc\u00e8ne<\/a>&nbsp;&nbsp;Le Temps<a href=\"https:\/\/news.google.com\/rss\/articles\/CBMiuAFBVV95cUxNbUtQZjNNQ1lnUktlalp2b1ZrRWpDZkZBcDFZVUlzZkxEMHVNSDV4ek42MF94OEJUOWI3ZFVBbmR4Nk9ST0xXMHlKVWJuTUUtWEFyUGlXQmRRdHNFTXJ3RkdKN0RYMEZPVVp3S2FrMmtKbEpkRHJpZUNJbE5iRU03QVhxZTlmMFBJNUU2enBXZTZwRzByUDVOSXFPN3RXSlpld1R6WllEeUQxR2pEM0hIZmdwSENzZDdO?oc=5\" target=\"_blank\" rel=\"nofollow noopener\">En Suisse, le climat reste un souci, mais plus une priorit\u00e9<\/a>&nbsp;&nbsp;SWI swissinfo.ch<a href=\"https:\/\/news.google.com\/rss\/articles\/CBMixwFBVV95cUxNOGdPcjdiUGwyZjVERU9tUW1PY1p1eGJnMDFwWm9HWnhzR2I2dTFYUnZIM1BPVHVEeHd1NWJ0bmFRT21fQTAybzAwNmd6MlBIb1NLc1Z3bEEzUDRUdGo5WHVDNnhrRk4wQjRQbVZHMldrTmplSUhOV2x0Z0lZaXc5c1pzMGUzTnFfVjdqR2NpVXE0TUpkNWhhME9ncGlGZGsxRGdVaWR2WHVMTGhXeDk3OVQ3UzhEaE5YRG5sSG5uMGZaNjRrc3g0?oc=5\" target=\"_blank\" rel=\"nofollow noopener\">Suisse: une votation sur la part du PIB consacr\u00e9e \u00e0 la transition \u00e9cologique<\/a>&nbsp;&nbsp;RFI<\/p>\n","protected":false},"excerpt":{"rendered":"Ecologistes et socialistes promettent de revenir avec de nouvelles propositions. La Suisse refuse le fonds climat&nbsp;&nbsp;La Libert\u00e9Les Suisses&hellip;\n","protected":false},"author":2,"featured_media":38808,"comment_status":"","ping_status":"","sticky":false,"template":"","format":"standard","meta":{"footnotes":"","_share_on_mastodon":"0"},"categories":[4],"tags":[22,10563,221,355,743,14111,21,14110,92,23],"class_list":["post-38807","post","type-post","status-publish","format-standard","has-post-thumbnail","category-actualites","tag-actualites","tag-cedric-wermuth","tag-climat","tag-environnement","tag-initiative","tag-lisa-mazzone","tag-news","tag-nicolas-kolly","tag-politique","tag-suisse"],"share_on_mastodon":{"url":"https:\/\/pubeurope.com\/@ch_fr\/116195155248514372","error":""},"_links":{"self":[{"href":"https:\/\/www.europesays.com\/ch-fr\/wp-json\/wp\/v2\/posts\/38807","targetHints":{"allow":["GET"]}}],"collection":[{"href":"https:\/\/www.europesays.com\/ch-fr\/wp-json\/wp\/v2\/posts"}],"about":[{"href":"https:\/\/www.europesays.com\/ch-fr\/wp-json\/wp\/v2\/types\/post"}],"author":[{"embeddable":true,"href":"https:\/\/www.europesays.com\/ch-fr\/wp-json\/wp\/v2\/users\/2"}],"replies":[{"embeddable":true,"href":"https:\/\/www.europesays.com\/ch-fr\/wp-json\/wp\/v2\/comments?post=38807"}],"version-history":[{"count":0,"href":"https:\/\/www.europesays.com\/ch-fr\/wp-json\/wp\/v2\/posts\/38807\/revisions"}],"wp:featuredmedia":[{"embeddable":true,"href":"https:\/\/www.europesays.com\/ch-fr\/wp-json\/wp\/v2\/media\/38808"}],"wp:attachment":[{"href":"https:\/\/www.europesays.com\/ch-fr\/wp-json\/wp\/v2\/media?parent=38807"}],"wp:term":[{"taxonomy":"category","embeddable":true,"href":"https:\/\/www.europesays.com\/ch-fr\/wp-json\/wp\/v2\/categories?post=38807"},{"taxonomy":"post_tag","embeddable":true,"href":"https:\/\/www.europesays.com\/ch-fr\/wp-json\/wp\/v2\/tags?post=38807"}],"curies":[{"name":"wp","href":"https:\/\/api.w.org\/{rel}","templated":true}]}}