{"id":45609,"date":"2026-03-13T03:46:30","date_gmt":"2026-03-13T03:46:30","guid":{"rendered":"https:\/\/www.europesays.com\/ch-fr\/45609\/"},"modified":"2026-03-13T03:46:30","modified_gmt":"2026-03-13T03:46:30","slug":"voici-quand-sera-diffuse-le-dernier-episode-de-stat","status":"publish","type":"post","link":"https:\/\/www.europesays.com\/ch-fr\/45609\/","title":{"rendered":"Voici quand sera diffus\u00e9 le dernier \u00e9pisode de STAT"},"content":{"rendered":"<p class=\"c-paragraph\">La quatri\u00e8me saison de <a href=\"https:\/\/www.noovomoi.ca\/en-vedette\/dans-vos-ecrans\/article\/emission-stat\/\" target=\"_self\" rel=\"nofollow noopener\" title=\"https:\/\/www.noovomoi.ca\/en-vedette\/dans-vos-ecrans\/article\/emission-stat\/\">STAT<\/a> arrive \u00e0 sa fin. Dans quelques semaines, les t\u00e9l\u00e9spectateurs pourront d\u00e9couvrir l\u2019\u00e9pisode final de la saison, et voici quand il sera diffus\u00e9.<\/p>\n<p><img decoding=\"async\" data-chromatic=\"ignore\" alt=\"\" class=\"c-image\" loading=\"lazy\" src=\"https:\/\/www.europesays.com\/ch-fr\/wp-content\/uploads\/2026\/03\/AHNI4FJRDFA5LEBLWB2RMM7QZQ.png\"  width=\"800\" height=\"448\"\/>Genevi\u00e8ve Schmidt et Ludivine Reding Genevi\u00e8ve Schmidt et Ludivine Reding dans STAT (Radio-Canada) <\/p>\n<p class=\"c-paragraph\">Le 7 avril prochain, les t\u00e9l\u00e9spectateurs pourront d\u00e9couvrir une finale qui s\u2019annonce probablement intense, comme Marie-Andr\u00e9e Labb\u00e9 nous y a habitu\u00e9s au fil des ann\u00e9es.<\/p>\n<p class=\"c-paragraph\">Dans la galerie de presse de Radio-Canada, on d\u00e9couvre d\u2019ailleurs qu\u2019Emmanuelle pourrait faire son retour la semaine prochaine dans l\u2019\u00e9mission. Elle appara\u00eet sur certaines photos promotionnelles, et l\u2019\u00e9pisode est d\u00e9j\u00e0 disponible sur l\u2019Extra de TOU.TV.<\/p>\n<p><img decoding=\"async\" data-chromatic=\"ignore\" alt=\"\" class=\"c-image\" loading=\"lazy\" src=\"https:\/\/www.europesays.com\/ch-fr\/wp-content\/uploads\/2026\/03\/PPHFCTJA5JDVBLDTJNYN2PTS6A.png\"  width=\"800\" height=\"444\"\/>Suzanne Cl\u00e9ment Suzanne Cl\u00e9ment dans une sc\u00e8ne de STAT (Radio-Canada) <\/p>\n<p class=\"c-paragraph\">D\u2019ailleurs, r\u00e9cemment, l\u2019autrice de l\u2019\u00e9mission a d\u00e9voil\u00e9 que la s\u00e9rie sera de retour pour une cinqui\u00e8me saison. Dans une publication sur Instagram, elle a fait plaisir aux fans en confirmant que les personnages de Saint-Vincent seront de retour.<\/p>\n<p class=\"c-paragraph\"><a href=\"https:\/\/www.noovomoi.ca\/en-vedette\/dans-vos-ecrans\/article\/lautrice-de-stat-annonce-une-excellente-nouvelle-aux-fans\/\" target=\"_self\" rel=\"nofollow noopener\" title=\"https:\/\/www.noovomoi.ca\/en-vedette\/dans-vos-ecrans\/article\/lautrice-de-stat-annonce-une-excellente-nouvelle-aux-fans\/\">D\u00e9couvrez les d\u00e9tails ici!<\/a><\/p>\n<p><img decoding=\"async\" data-chromatic=\"ignore\" alt=\"\" class=\"c-image\" loading=\"lazy\" src=\"https:\/\/www.europesays.com\/ch-fr\/wp-content\/uploads\/2026\/03\/ZB54ZJ4XB5GABMBXIP5DSCNZLA.png\"  width=\"800\" height=\"444\"\/>Genevi\u00e8ve Schmidt et Lou-Pascal Tremblay Genevi\u00e8ve Schmidt et Lou-Pascal Tremblay dans STAT (Radio-Canada) Voici quand aura lieu les finales d\u2019Antigang et d\u2019Ind\u00e9fendable<\/p>\n<p class=\"c-paragraph\">Du c\u00f4t\u00e9 des autres quotidiennes, Antigang se terminera le 16 avril, tandis que Ind\u00e9fendable prendra fin le 23 avril. Il y aura donc une semaine d\u2019\u00e9cart entre les finales des deux \u00e9missions.<\/p>\n<p class=\"c-paragraph\"><a href=\"https:\/\/www.noovomoi.ca\/en-vedette\/dans-vos-ecrans\/article\/voici-quand-aura-lieu-la-finale-de-big-brother-celebrites\/\" target=\"_self\" rel=\"nofollow noopener\" title=\"https:\/\/www.noovomoi.ca\/en-vedette\/dans-vos-ecrans\/article\/voici-quand-aura-lieu-la-finale-de-big-brother-celebrites\/\">Big Brother C\u00e9l\u00e9brit\u00e9s se conclura le dimanche 29 mars<\/a>, alors que le jury choisira qui sera couronn\u00e9 grand gagnant de cette sixi\u00e8me saison.<\/p>\n<p class=\"c-paragraph\">Ensuite, la place sera faite \u00e0 la quatri\u00e8me saison de <a href=\"https:\/\/www.noovomoi.ca\/en-vedette\/voici-quand-commence-nouvelle-saison-survivor-quebec-2026.html\" target=\"_self\" rel=\"nofollow noopener\" title=\"https:\/\/www.noovomoi.ca\/en-vedette\/voici-quand-commence-nouvelle-saison-survivor-quebec-2026.html\">Survivor Qu\u00e9bec<\/a>, qui d\u00e9butera le dimanche 5 avril \u00e0 19 h.<\/p>\n<p class=\"c-paragraph\">Du c\u00f4t\u00e9 des autres \u00e9missions, Z\u00e9nith prendra fin le 9 avril et En direct de l\u2019univers conclura sa saison le 25 avril. Quant \u00e0 Le tricheur, <a href=\"https:\/\/www.noovomoi.ca\/en-vedette\/actualites-potins\/article\/guy-jodoin-fait-de-rares-confidences-sur-sa-vie-amoureuse\/\" target=\"_self\" rel=\"nofollow noopener\" title=\"https:\/\/www.noovomoi.ca\/en-vedette\/actualites-potins\/article\/guy-jodoin-fait-de-rares-confidences-sur-sa-vie-amoureuse\/\">Guy Jodoin<\/a> tirera officiellement sa r\u00e9v\u00e9rence le 15 mai prochain.<\/p>\n<p>Articles connexes<\/p>\n","protected":false},"excerpt":{"rendered":"La quatri\u00e8me saison de STAT arrive \u00e0 sa fin. Dans quelques semaines, les t\u00e9l\u00e9spectateurs pourront d\u00e9couvrir l\u2019\u00e9pisode final&hellip;\n","protected":false},"author":2,"featured_media":45610,"comment_status":"","ping_status":"","sticky":false,"template":"","format":"standard","meta":{"footnotes":"","_share_on_mastodon":"0"},"categories":[13],"tags":[15848,113,112,15849,12689,15850,8154,6597,23,6595,142],"class_list":["post-45609","post","type-post","status-publish","format-standard","has-post-thumbnail","category-television","tag-antigang","tag-divertissement","tag-entertainment","tag-genevieve-schmidt","tag-indefendable","tag-lou-pascal-tremblay","tag-ludivine-reding","tag-stat","tag-suisse","tag-suzanne-clement","tag-television"],"share_on_mastodon":{"url":"https:\/\/pubeurope.com\/@ch_fr\/116219817687752442","error":""},"_links":{"self":[{"href":"https:\/\/www.europesays.com\/ch-fr\/wp-json\/wp\/v2\/posts\/45609","targetHints":{"allow":["GET"]}}],"collection":[{"href":"https:\/\/www.europesays.com\/ch-fr\/wp-json\/wp\/v2\/posts"}],"about":[{"href":"https:\/\/www.europesays.com\/ch-fr\/wp-json\/wp\/v2\/types\/post"}],"author":[{"embeddable":true,"href":"https:\/\/www.europesays.com\/ch-fr\/wp-json\/wp\/v2\/users\/2"}],"replies":[{"embeddable":true,"href":"https:\/\/www.europesays.com\/ch-fr\/wp-json\/wp\/v2\/comments?post=45609"}],"version-history":[{"count":0,"href":"https:\/\/www.europesays.com\/ch-fr\/wp-json\/wp\/v2\/posts\/45609\/revisions"}],"wp:featuredmedia":[{"embeddable":true,"href":"https:\/\/www.europesays.com\/ch-fr\/wp-json\/wp\/v2\/media\/45610"}],"wp:attachment":[{"href":"https:\/\/www.europesays.com\/ch-fr\/wp-json\/wp\/v2\/media?parent=45609"}],"wp:term":[{"taxonomy":"category","embeddable":true,"href":"https:\/\/www.europesays.com\/ch-fr\/wp-json\/wp\/v2\/categories?post=45609"},{"taxonomy":"post_tag","embeddable":true,"href":"https:\/\/www.europesays.com\/ch-fr\/wp-json\/wp\/v2\/tags?post=45609"}],"curies":[{"name":"wp","href":"https:\/\/api.w.org\/{rel}","templated":true}]}}