{"id":46474,"date":"2026-03-13T15:53:06","date_gmt":"2026-03-13T15:53:06","guid":{"rendered":"https:\/\/www.europesays.com\/ch-fr\/46474\/"},"modified":"2026-03-13T15:53:06","modified_gmt":"2026-03-13T15:53:06","slug":"lepicentre-celebre-ses-25-ans-avec-des-voix-feminines-suisses-et-des-globe-trotteurs","status":"publish","type":"post","link":"https:\/\/www.europesays.com\/ch-fr\/46474\/","title":{"rendered":"L&rsquo;Epicentre c\u00e9l\u00e8bre ses 25 ans avec des voix f\u00e9minines suisses et des globe-trotteurs"},"content":{"rendered":"<p>La salle culturelle de Collonge-Bellerive (GE) f\u00eate ses vingt-cinq ans avec deux soir\u00e9es musicales \u00e9clectiques et festives les 25 avril et 2 mai. Histoire de mettre en lumi\u00e8re des artistes d&rsquo;horizons vari\u00e9s, \u00e9mergents comme confirm\u00e9s, de la Genevoise Roxane au globe-trotteur marseillais David Walters.<\/p>\n<p>Pour c\u00e9l\u00e9brer ses 25 ans, L&rsquo;Epicentre de Collonge-Bellerive (GE) a vu les choses en plusieurs temps. Sous la direction artistique de St\u00e9phane Radice, la salle culturelle propose une s\u00e9rie de concerts s&rsquo;\u00e9talant sur plusieurs mois ainsi qu&rsquo;un double \u00e9v\u00e9nement les 25 avril et 2 mai. \u00ab\u00a0Nous avons voulu marquer cet anniversaire en \u00e9tendant les festivit\u00e9s sur toute l&rsquo;ann\u00e9e, plut\u00f4t que de tout concentrer sur un seul week-end\u00a0\u00bb, explique dans l&rsquo;\u00e9mission Le grand soir du 3 mars St\u00e9phane Radice, actif dans ce lieu pluridisciplinaire depuis octobre 2004.<\/p>\n<p>La programmation musicale a pour sa part d\u00e9but\u00e9 en janvier avec le concert des Nubians, c\u00e9l\u00e8bre duo f\u00e9minin. \u00ab\u00a0C&rsquo;\u00e9tait une belle mani\u00e8re de lancer les festivit\u00e9s. Nous avons toujours privil\u00e9gi\u00e9 une programmation originale, avec des artistes qui osent explorer des univers diff\u00e9rents, comme les musiques du monde ou un jazz teint\u00e9 de soul\u00a0\u00bb, pr\u00e9cise St\u00e9phane Radice.<\/p>\n<p>&gt;&gt; A lire aussi\u00a0: <a href=\"https:\/\/www.rts.ch\/info\/culture\/musiques\/2026\/article\/les-nubians-pionnieres-de-la-nu-soul-en-france-reeditent-leurs-premiers-albums-29135342.html\" data-item-id=\"richtext_link\" rel=\"nofollow noopener\" target=\"_blank\">Les Nubians, pionni\u00e8res de la nu soul en France, r\u00e9\u00e9ditent leurs premiers albums<\/a><\/p>\n<p>Voix f\u00e9minines suisses et globe-trotteurs \u00e0 l&rsquo;honneur<\/p>\n<p>Le public aura aussi eu l&rsquo;opportunit\u00e9 le 7 mars de d\u00e9couvrir Raul Mid\u00f3n, chanteur et guitariste am\u00e9ricain aux influences multiples, allant de la soul au jazz en passant par des sonorit\u00e9s latines. \u00ab\u00a0Raul Mid\u00f3n a collabor\u00e9 avec des artistes de renom comme Stevie Wonder. C&rsquo;est un musicien exceptionnel\u00a0\u00bb, assure St\u00e9phane Radice.<\/p>\n<p>La soir\u00e9e du 25 avril marquera cet anniversaire avec de prometteuses voix f\u00e9minines helv\u00e9tiques. La chanteuse genevoise Roxane, qui avait fait ses d\u00e9buts \u00e0 l&rsquo;Epicentre pendant la pand\u00e9mie et vient de publier son premier album intitul\u00e9 \u00ab\u00a0Still Waters Run Deep\u00a0\u00bb, sera de retour pour un concert tr\u00e8s attendu. Elle sera accompagn\u00e9e par Tess Giordano, jeune artiste genevoise en pleine ascension, et des Genevois plus confirm\u00e9s d&rsquo;Elvett. \u00ab\u00a0Nous avons toujours eu \u00e0 c\u0153ur de soutenir les talents locaux, et c&rsquo;est une fiert\u00e9 de voir leur \u00e9volution\u00a0\u00bb, indique St\u00e9phane Radice.<\/p>\n<p>Contenu externe<\/p>\n<p> Ce contenu externe ne peut pas \u00eatre affich\u00e9 car il est susceptible de collecter des donn\u00e9es personnelles. Pour voir ce contenu vous devez autoriser la cat\u00e9gorie R\u00e9seaux sociaux. <\/p>\n<p> Accepter Plus d&rsquo;info <\/p>\n<p>Quant \u00e0 la soir\u00e9e du 2 mai\u00a0intitul\u00e9e \u00ab\u00a0Globe-trotteur\u00b7se\u00b7s, une travers\u00e9e musicale sans fronti\u00e8res\u00a0\u00bb, elle accueillera quatre artistes pour un voyage sonore entre Afrique, Cara\u00efbes, Europe et Am\u00e9riques. Il y aura le retour du chanteur marseillais aux origines martiniquaises David Walters, baladin \u00ab\u00a0n\u00e9gropolitain\u00a0\u00bb aux cr\u00e9olit\u00e9s habilement orchestr\u00e9es. Puis la voix c\u00e9leste de Si\u00e2n Pottok qui entre Londres, Paris et Kinshasa\u00a0cr\u00e9e un univers singulier qu&rsquo;elle partagera avec la chanteuse et musicienne d&rsquo;origine n\u00e9erlandaise Natascha Rogers. Le chanteur parisien Tiwayo compl\u00e9tera ce panorama des musiques m\u00e9tiss\u00e9es.<\/p>\n<p>L&rsquo;Epicentre, avec sa petite capacit\u00e9 et son acoustique exceptionnelle, offre en tout cas un cadre intimiste qui favorise la rencontre entre les artistes et le public. \u00ab\u00a0Le contact direct avec les musiciens est essentiel. Cela cr\u00e9e une atmosph\u00e8re chaleureuse et unique\u00a0\u00bb, souligne le programmateur qui collabore aussi r\u00e9guli\u00e8rement avec les festivals genevois comme Antigel, Voix de F\u00eate et La B\u00e2tie.<\/p>\n<p class=\"sources\">Propos recueillis par Eric Grosjean<\/p>\n<p class=\"credit\">Adaptation web: olhor<\/p>\n<p class=\"article-footnote\">Les 25 ans de L&rsquo;Epicentre, Collonges-Bellerive (GE), les 25 avril et 2 mai 2026.<\/p>\n","protected":false},"excerpt":{"rendered":"La salle culturelle de Collonge-Bellerive (GE) f\u00eate ses vingt-cinq ans avec deux soir\u00e9es musicales \u00e9clectiques et festives les&hellip;\n","protected":false},"author":2,"featured_media":46475,"comment_status":"","ping_status":"","sticky":false,"template":"","format":"standard","meta":{"footnotes":"","_share_on_mastodon":"0"},"categories":[10],"tags":[1366,380,1511,648,172,16046,113,112,16047,3719,141,654,16048,3673,23],"class_list":["post-46474","post","type-post","status-publish","format-standard","has-post-thumbnail","category-divertissement","tag-artiste","tag-arts-et-divertissement","tag-chanteur","tag-concert","tag-culture","tag-david-walters","tag-divertissement","tag-entertainment","tag-epicentre","tag-musicien","tag-musique","tag-musiques","tag-raul-midon","tag-salle","tag-suisse"],"share_on_mastodon":{"url":"https:\/\/pubeurope.com\/@ch_fr\/116222676606796929","error":""},"_links":{"self":[{"href":"https:\/\/www.europesays.com\/ch-fr\/wp-json\/wp\/v2\/posts\/46474","targetHints":{"allow":["GET"]}}],"collection":[{"href":"https:\/\/www.europesays.com\/ch-fr\/wp-json\/wp\/v2\/posts"}],"about":[{"href":"https:\/\/www.europesays.com\/ch-fr\/wp-json\/wp\/v2\/types\/post"}],"author":[{"embeddable":true,"href":"https:\/\/www.europesays.com\/ch-fr\/wp-json\/wp\/v2\/users\/2"}],"replies":[{"embeddable":true,"href":"https:\/\/www.europesays.com\/ch-fr\/wp-json\/wp\/v2\/comments?post=46474"}],"version-history":[{"count":0,"href":"https:\/\/www.europesays.com\/ch-fr\/wp-json\/wp\/v2\/posts\/46474\/revisions"}],"wp:featuredmedia":[{"embeddable":true,"href":"https:\/\/www.europesays.com\/ch-fr\/wp-json\/wp\/v2\/media\/46475"}],"wp:attachment":[{"href":"https:\/\/www.europesays.com\/ch-fr\/wp-json\/wp\/v2\/media?parent=46474"}],"wp:term":[{"taxonomy":"category","embeddable":true,"href":"https:\/\/www.europesays.com\/ch-fr\/wp-json\/wp\/v2\/categories?post=46474"},{"taxonomy":"post_tag","embeddable":true,"href":"https:\/\/www.europesays.com\/ch-fr\/wp-json\/wp\/v2\/tags?post=46474"}],"curies":[{"name":"wp","href":"https:\/\/api.w.org\/{rel}","templated":true}]}}