{"id":53171,"date":"2026-03-18T01:51:20","date_gmt":"2026-03-18T01:51:20","guid":{"rendered":"https:\/\/www.europesays.com\/ch-fr\/53171\/"},"modified":"2026-03-18T01:51:20","modified_gmt":"2026-03-18T01:51:20","slug":"mario-pelchat-prend-parole-publiquement","status":"publish","type":"post","link":"https:\/\/www.europesays.com\/ch-fr\/53171\/","title":{"rendered":"Mario Pelchat prend parole publiquement"},"content":{"rendered":"<p class=\"c-paragraph\">Mario Pelchat a senti le besoin de justifier sa r\u00e9cente d\u00e9cision \u00e0 La Voix au lendemain de l\u2019\u00e9mission.<\/p>\n<p class=\"c-paragraph\">Dimanche soir dernier, le coach a utilis\u00e9 le bouton \u00abVol\u00bb pour sauver Ma\u00efka de justesse. Cette maneovure lui a permis de continuer l\u2019aventure. <\/p>\n<p class=\"c-paragraph\">Seul b\u00e9mol: cette participante est <a href=\"https:\/\/www.noovomoi.ca\/en-vedette\/maika-pelchat-en-direct-de-l-univers.html\" target=\"_self\" rel=\"nofollow noopener\" title=\"https:\/\/www.noovomoi.ca\/en-vedette\/maika-pelchat-en-direct-de-l-univers.html\">la ni\u00e8ce de Mario Pelchat<\/a>!<\/p>\n<p class=\"c-paragraph\">Des t\u00e9l\u00e9spectateurs, qui auraient pr\u00e9f\u00e9r\u00e9 voir les jumeaux Thibault rester \u00e0 <a href=\"https:\/\/www.noovomoi.ca\/en-vedette\/mitsou-donne-tout-la-voix.html\" target=\"_self\" rel=\"nofollow noopener\" title=\"https:\/\/www.noovomoi.ca\/en-vedette\/mitsou-donne-tout-la-voix.html\">La Voix<\/a>, ont donc soup\u00e7onn\u00e9 le c\u00e9l\u00e8bre chanteur de faire preuve de favoritisme. <\/p>\n<p><img decoding=\"async\" data-chromatic=\"ignore\" alt=\"\" class=\"c-image\" loading=\"lazy\" src=\"https:\/\/www.europesays.com\/ch-fr\/wp-content\/uploads\/2026\/03\/KVNIIJ7K2JG73AXDAPS34762OY.jpg\"  width=\"800\" height=\"450\"\/>Mario Pelchat Mario Pelchat (Mario Pelchat\/Facebook) <\/p>\n<p class=\"c-paragraph\">Devant cette saga, Mario Pelchat a choisi de commenter l\u2019affaire publiquement:<\/p>\n<p class=\"c-paragraph\">\u00abJe tiens \u00e0 dire une chose clairement: toutes les d\u00e9cisions que je prends comme coach sont bas\u00e9es uniquement sur mon ressenti artistique et mon exp\u00e9rience. Maika est ma ni\u00e8ce, oui, mais elle n\u2019a b\u00e9n\u00e9fici\u00e9 d\u2019aucun traitement de faveur. Comme tous les participants, elle est venue vivre une exp\u00e9rience, se d\u00e9passer et voir si cette voie est vraiment la sienne.\u00bb<\/p>\n<p class=\"c-paragraph\">Le coach de <a href=\"https:\/\/www.noovomoi.ca\/en-vedette\/charles-lafortune-audition-la-voix.html\" target=\"_self\" rel=\"nofollow noopener\" title=\"https:\/\/www.noovomoi.ca\/en-vedette\/charles-lafortune-audition-la-voix.html\">La Voix<\/a> ajoute qu\u2019il comprend \u00abqu\u2019on puisse \u00eatre en d\u00e9saccord\u00bb avec ses choix, mais que cela \u00abfait partie du jeu\u00bb. <\/p>\n<p class=\"c-paragraph\">Il conclut en demandant aux fans de l\u2019\u00e9mission d\u2019\u00eatre respectueux dans leurs commentaires.<\/p>\n<p class=\"c-paragraph\">Dans la section des commentaires sous la publication de Mario Pelchat, les gens font preuve d\u2019ouverture. <\/p>\n<p class=\"c-paragraph\">Plusieurs le confortent dans sa d\u00e9cision en disant que Ma\u00efka a \u00e9norm\u00e9ment de talent et qu\u2019il a fait le bon choix. <\/p>\n<p class=\"c-paragraph\">D\u2019autres sont d\u00e9\u00e7us de voir les jumeaux quitter le concours, mais ils comprennent qu\u2019il a d\u00fb trancher. <\/p>\n<p><img decoding=\"async\" data-chromatic=\"ignore\" alt=\"\" class=\"c-image\" loading=\"lazy\" src=\"https:\/\/www.europesays.com\/ch-fr\/wp-content\/uploads\/2026\/03\/1773798680_17_CVXJVJUYBN4BJV6QCQ7KWIHFT4.jpg\"  width=\"800\" height=\"533\"\/>Mario Pelchat  Mario Pelchat  (Bertrand Exertier) <\/p>\n<p class=\"c-paragraph\">Sur une autre note,\u00a0<a href=\"https:\/\/www.noovomoi.ca\/en-vedette\/artistes\/article\/mario-pelchat\/\" rel=\"nofollow noopener\" title=\"https:\/\/www.noovomoi.ca\/en-vedette\/artistes\/article\/mario-pelchat\/\" target=\"_blank\">Mario Pelchat<\/a>\u00a0a eu une bonne nouvelle concernant les spectacles sur son vignoble!<\/p>\n<p class=\"c-paragraph\">Apr\u00e8s des mois de d\u00e9bats et de tensions, le chanteur\u00a0peut enfin souffler un peu. Qu\u00e9bec a d\u00e9cid\u00e9 d\u2019assouplir les r\u00e8gles entourant les \u00e9v\u00e9nements organis\u00e9s sur les terres agricoles, ce qui repr\u00e9sente une petite victoire pour le chanteur et propri\u00e9taire du Domaine Pelchat Lema\u00eetre-Auger.<\/p>\n<p class=\"c-paragraph\"><a href=\"https:\/\/www.noovomoi.ca\/en-vedette\/article\/bonne-nouvelle-pour-mario-pelchat\/\" target=\"_self\" rel=\"nofollow noopener\" title=\"https:\/\/www.noovomoi.ca\/en-vedette\/article\/bonne-nouvelle-pour-mario-pelchat\/\">En savoir plus<\/a><\/p>\n<p>Articles connexes\u00a0\u00bb,\u00a0\u00bbtype\u00a0\u00bb:\u00a0\u00bbfacebook-post\u00a0\u00bb,\u00a0\u00bbversion\u00a0\u00bb:\u00a0\u00bb1.0&Prime;,\u00a0\u00bbwidth\u00a0\u00bb:552,\u00a0\u00bb_id\u00a0\u00bb:\u00a0\u00bbhttps:\/\/www.facebook.com\/mario.pelchat.7\/posts\/pfbid02pxstyYZyhaRR8n7PsaubpM7xcMBE2eyaUhnxtP9bkfXCHbbcmfvWz7TkfCq8c9wsl\u00a0\u00bb,\u00a0\u00bblocale\u00a0\u00bb:\u00a0\u00bbfr_FR\u00a0\u00bb},\u00a0\u00bbreferent\u00a0\u00bb:{\u00ab\u00a0id\u00a0\u00bb:\u00a0\u00bbhttps:\/\/www.facebook.com\/mario.pelchat.7\/posts\/pfbid02pxstyYZyhaRR8n7PsaubpM7xcMBE2eyaUhnxtP9bkfXCHbbcmfvWz7TkfCq8c9wsl\u00a0\u00bb,\u00a0\u00bbprovider\u00a0\u00bb:\u00a0\u00bbhttps:\/\/graph.facebook.com\/v8.0\/oembed_post?url=\u00a0\u00bb,\u00a0\u00bbreferent_properties\u00a0\u00bb:{\u00ab\u00a0locale\u00a0\u00bb:\u00a0\u00bbfr_FR\u00a0\u00bb},\u00a0\u00bbservice\u00a0\u00bb:\u00a0\u00bboembed\u00a0\u00bb,\u00a0\u00bbtype\u00a0\u00bb:\u00a0\u00bbfacebook-post\u00a0\u00bb}},{\u00ab\u00a0_id\u00a0\u00bb:\u00a0\u00bbFFSADFARY5DSRLLZQYC4LIYGOQ\u00a0\u00bb,\u00a0\u00bbadditional_properties\u00a0\u00bb:{},\u00a0\u00bbcontent\u00a0\u00bb:\u00a0\u00bbDans la section des commentaires sous la publication de Mario Pelchat, les gens font preuve d\u2019ouverture. \u00ab\u00a0,\u00a0\u00bbtype\u00a0\u00bb:\u00a0\u00bbtext\u00a0\u00bb},{\u00ab\u00a0_id\u00a0\u00bb:\u00a0\u00bbQQYAWDFBQBF7VCIJGCVWBRKZL4&Prime;,\u00a0\u00bbadditional_properties\u00a0\u00bb:{},\u00a0\u00bbcontent\u00a0\u00bb:\u00a0\u00bbPlusieurs le confortent dans sa d\u00e9cision en disant que Ma\u00efka a \u00e9norm\u00e9ment de talent et qu\u2019il a fait le bon choix. \u00ab\u00a0,\u00a0\u00bbtype\u00a0\u00bb:\u00a0\u00bbtext\u00a0\u00bb},{\u00ab\u00a0_id\u00a0\u00bb:\u00a0\u00bbBQC6PTTEYZFUPE7ROGVMATGWEE\u00a0\u00bb,\u00a0\u00bbadditional_properties\u00a0\u00bb:{},\u00a0\u00bbcontent\u00a0\u00bb:\u00a0\u00bbD\u2019autres sont d\u00e9\u00e7us de voir les jumeaux quitter le concours, mais ils comprennent qu\u2019il a d\u00fb trancher. \u00ab\u00a0,\u00a0\u00bbtype\u00a0\u00bb:\u00a0\u00bbtext\u00a0\u00bb},{\u00ab\u00a0_id\u00a0\u00bb:\u00a0\u00bbQRPNZCKRSVAF7HB6TJBHAPVQWM\u00a0\u00bb,\u00a0\u00bbadditional_properties\u00a0\u00bb:{},\u00a0\u00bbcontent\u00a0\u00bb:\u00a0\u00bb<a href=\\\"https:\/\/www.noovomoi.ca\/en-vedette\/article\/bonne-nouvelle-pour-mario-pelchat\/\\\" target=\\\"_self\\\" rel=\\\"\\\" title=\\\"https:\/\/www.noovomoi.ca\/en-vedette\/article\/bonne-nouvelle-pour-mario-pelchat\/\\\">Bonne nouvelle pour Mario Pelchat!<\/a>\u00ab\u00a0,\u00a0\u00bblevel\u00a0\u00bb:2,\u00a0\u00bbtype\u00a0\u00bb:\u00a0\u00bbheader\u00a0\u00bb},{\u00ab\u00a0_id\u00a0\u00bb:\u00a0\u00bbCVXJVJUYBN4BJV6QCQ7KWIHFT4&Prime;,\u00a0\u00bbadditional_properties\u00a0\u00bb:{\u00ab\u00a0fullSizeResizeUrl\u00a0\u00bb:\u00a0\u00bb\/resizer\/v2\/CVXJVJUYBN4BJV6QCQ7KWIHFT4.jpg?auth=9b4a9de08ddd0a1598c6880f32ca7b2aaf8b923145d27d88a05f947fbc7f5b58&Prime;,\u00a0\u00bbgalleries\u00a0\u00bb:[],\u00a0\u00bbmime_type\u00a0\u00bb:\u00a0\u00bbimage\/jpeg\u00a0\u00bb,\u00a0\u00bboriginalName\u00a0\u00bb:\u00a0\u00bbLancement%20Mario%20Pelchat23.JPG\u00a0\u00bb,\u00a0\u00bboriginalUrl\u00a0\u00bb:\u00a0\u00bbhttps:\/\/cloudfront-us-east-1.images.arcpublishing.com\/bellmediainc\/CVXJVJUYBN4BJV6QCQ7KWIHFT4.jpg\u00a0\u00bb,\u00a0\u00bbproxyUrl\u00a0\u00bb:\u00a0\u00bb\/resizer\/v2\/CVXJVJUYBN4BJV6QCQ7KWIHFT4.jpg?auth=9b4a9de08ddd0a1598c6880f32ca7b2aaf8b923145d27d88a05f947fbc7f5b58&Prime;,\u00a0\u00bbpublished\u00a0\u00bb:true,\u00a0\u00bbresizeUrl\u00a0\u00bb:\u00a0\u00bb\/resizer\/v2\/CVXJVJUYBN4BJV6QCQ7KWIHFT4.jpg?auth=9b4a9de08ddd0a1598c6880f32ca7b2aaf8b923145d27d88a05f947fbc7f5b58&Prime;,\u00a0\u00bbrestricted\u00a0\u00bb:false,\u00a0\u00bbtakenOn\u00a0\u00bb:\u00a0\u00bb2021-09-30T20:23:24Z\u00a0\u00bb,\u00a0\u00bbthumbnailResizeUrl\u00a0\u00bb:\u00a0\u00bb\/resizer\/v2\/CVXJVJUYBN4BJV6QCQ7KWIHFT4.jpg?auth=9b4a9de08ddd0a1598c6880f32ca7b2aaf8b923145d27d88a05f947fbc7f5b58&#038;width=300&Prime;,\u00a0\u00bbversion\u00a0\u00bb:1},\u00a0\u00bbaddress\u00a0\u00bb:{},\u00a0\u00bbauth\u00a0\u00bb:{\u00ab\u00a01&Prime;:\u00a0\u00bb9b4a9de08ddd0a1598c6880f32ca7b2aaf8b923145d27d88a05f947fbc7f5b58&Prime;},\u00a0\u00bbcaption\u00a0\u00bb:\u00a0\u00bbMario Pelchat \u00ab\u00a0,\u00a0\u00bbcreated_date\u00a0\u00bb:\u00a0\u00bb2026-01-26T21:42:19Z\u00a0\u00bb,\u00a0\u00bbcredits\u00a0\u00bb:{\u00ab\u00a0affiliation\u00a0\u00bb:[{\u00ab\u00a0name\u00a0\u00bb:\u00a0\u00bbBertrand Exertier\u00a0\u00bb,\u00a0\u00bbtype\u00a0\u00bb:\u00a0\u00bbauthor\u00a0\u00bb}]},\u00a0\u00bbheight\u00a0\u00bb:1000,\u00a0\u00bblast_updated_date\u00a0\u00bb:\u00a0\u00bb2026-01-28T22:14:59Z\u00a0\u00bb,\u00a0\u00bblicensable\u00a0\u00bb:false,\u00a0\u00bbowner\u00a0\u00bb:{\u00ab\u00a0id\u00a0\u00bb:\u00a0\u00bbbellmediainc\u00a0\u00bb},\u00a0\u00bbsource\u00a0\u00bb:{\u00ab\u00a0source_id\u00a0\u00bb:\u00a0\u00bb\/content\/dam\/style-de-vie\/uploadImg\/2021\/10\/7\/Lancement%20Mario%20Pelchat23.JPG\u00a0\u00bb,\u00a0\u00bbsource_type\u00a0\u00bb:\u00a0\u00bbother\u00a0\u00bb,\u00a0\u00bbadditional_properties\u00a0\u00bb:{\u00ab\u00a0editor\u00a0\u00bb:\u00a0\u00bbphoto center\u00a0\u00bb},\u00a0\u00bbsystem\u00a0\u00bb:\u00a0\u00bbnoovo-moi\u00a0\u00bb},\u00a0\u00bbsubtitle\u00a0\u00bb:\u00a0\u00bbMario Pelchat \u00ab\u00a0,\u00a0\u00bbtaxonomy\u00a0\u00bb:{},\u00a0\u00bbtype\u00a0\u00bb:\u00a0\u00bbimage\u00a0\u00bb,\u00a0\u00bburl\u00a0\u00bb:\u00a0\u00bbhttps:\/\/cloudfront-us-east-1.images.arcpublishing.com\/bellmediainc\/CVXJVJUYBN4BJV6QCQ7KWIHFT4.jpg\u00a0\u00bb,\u00a0\u00bbversion\u00a0\u00bb:\u00a0\u00bb0.10.9&Prime;,\u00a0\u00bbwidth\u00a0\u00bb:1500},{\u00ab\u00a0_id\u00a0\u00bb:\u00a0\u00bbOP7UVF7HY5BJLOMDET3EIVEERE\u00a0\u00bb,\u00a0\u00bbadditional_properties\u00a0\u00bb:{},\u00a0\u00bbcontent\u00a0\u00bb:\u00a0\u00bbSur une autre note,&nbsp;<a href=\\\"https:\/\/www.noovomoi.ca\/en-vedette\/artistes\/article\/mario-pelchat\/\\\" rel=\\\"\\\" title=\\\"https:\/\/www.noovomoi.ca\/en-vedette\/artistes\/article\/mario-pelchat\/\\\">Mario Pelchat<\/a>&nbsp;a eu une bonne nouvelle concernant les spectacles sur son vignoble!\u00a0\u00bb,\u00a0\u00bbtype\u00a0\u00bb:\u00a0\u00bbtext\u00a0\u00bb},{\u00ab\u00a0_id\u00a0\u00bb:\u00a0\u00bbJSUQ3ZDTU5G27H5IPUR2A7VURY\u00a0\u00bb,\u00a0\u00bbadditional_properties\u00a0\u00bb:{},\u00a0\u00bbcontent\u00a0\u00bb:\u00a0\u00bbApr\u00e8s des mois de d\u00e9bats et de tensions, le chanteur&nbsp;peut enfin souffler un peu. Qu\u00e9bec a d\u00e9cid\u00e9 d\u2019assouplir les r\u00e8gles entourant les \u00e9v\u00e9nements organis\u00e9s sur les terres agricoles, ce qui repr\u00e9sente une petite victoire pour le chanteur et propri\u00e9taire du Domaine Pelchat Lema\u00eetre-Auger.\u00a0\u00bb,\u00a0\u00bbtype\u00a0\u00bb:\u00a0\u00bbtext\u00a0\u00bb},{\u00ab\u00a0_id\u00a0\u00bb:\u00a0\u00bb2LCSZY3FM5EZPJGWTJMHZRBFVI\u00a0\u00bb,\u00a0\u00bbadditional_properties\u00a0\u00bb:{},\u00a0\u00bbcontent\u00a0\u00bb:\u00a0\u00bb<a href=\\\"https:\/\/www.noovomoi.ca\/en-vedette\/article\/bonne-nouvelle-pour-mario-pelchat\/\\\" target=\\\"_self\\\" rel=\\\"\\\" title=\\\"https:\/\/www.noovomoi.ca\/en-vedette\/article\/bonne-nouvelle-pour-mario-pelchat\/\\\">En savoir plus<\/a>\u00ab\u00a0,\u00a0\u00bbtype\u00a0\u00bb:\u00a0\u00bbtext\u00a0\u00bb}],\u00a0\u00bbcreated_date\u00a0\u00bb:\u00a0\u00bb2026-03-17T17:03:11.645Z\u00a0\u00bb,\u00a0\u00bbcredits\u00a0\u00bb:{\u00ab\u00a0by\u00a0\u00bb:[{\u00ab\u00a0_id\u00a0\u00bb:\u00a0\u00bben.vedette\u00a0\u00bb,\u00a0\u00bbtype\u00a0\u00bb:\u00a0\u00bbauthor\u00a0\u00bb,\u00a0\u00bbversion\u00a0\u00bb:\u00a0\u00bb0.5.8&Prime;,\u00a0\u00bbname\u00a0\u00bb:\u00a0\u00bbEn Vedette\u00a0\u00bb,\u00a0\u00bbimage\u00a0\u00bb:{\u00ab\u00a0url\u00a0\u00bb:\u00a0\u00bbhttps:\/\/author-service-images-prod-us-east-1.publishing.aws.arc.pub\/bellmediainc\/FO7GHMD6NRGRJNH2BBQ7PGO3SA.png\u00a0\u00bb,\u00a0\u00bbversion\u00a0\u00bb:\u00a0\u00bb0.5.8&Prime;,\u00a0\u00bbtype\u00a0\u00bb:\u00a0\u00bbimage\u00a0\u00bb,\u00a0\u00bbauth\u00a0\u00bb:{\u00ab\u00a01&Prime;:\u00a0\u00bbce2f7704437e963204953f2afc57512da2faadb3b6a6eac9f98625699cbf37cf\u00a0\u00bb}},\u00a0\u00bburl\u00a0\u00bb:\u00a0\u00bbhttps:\/\/www.noovomoi.ca\/auteurs\/en-vedette\u00a0\u00bb,\u00a0\u00bbslug\u00a0\u00bb:\u00a0\u00bben-vedette\u00a0\u00bb,\u00a0\u00bbsocial_links\u00a0\u00bb:[{\u00ab\u00a0site\u00a0\u00bb:\u00a0\u00bbfacebook\u00a0\u00bb,\u00a0\u00bburl\u00a0\u00bb:\u00a0\u00bbhttps:\/\/www.facebook.com\/enVedette.ca\u00a0\u00bb},{\u00ab\u00a0site\u00a0\u00bb:\u00a0\u00bbinstagram\u00a0\u00bb,\u00a0\u00bburl\u00a0\u00bb:\u00a0\u00bbhttps:\/\/www.instagram.com\/envedette.ca\/\u00a0\u00bb}],\u00a0\u00bbsocialLinks\u00a0\u00bb:[{\u00ab\u00a0site\u00a0\u00bb:\u00a0\u00bbfacebook\u00a0\u00bb,\u00a0\u00bburl\u00a0\u00bb:\u00a0\u00bbhttps:\/\/www.facebook.com\/enVedette.ca\u00a0\u00bb,\u00a0\u00bbdeprecated\u00a0\u00bb:true,\u00a0\u00bbdeprecation_msg\u00a0\u00bb:\u00a0\u00bbPlease use social_links.\u00a0\u00bb},{\u00ab\u00a0site\u00a0\u00bb:\u00a0\u00bbinstagram\u00a0\u00bb,\u00a0\u00bburl\u00a0\u00bb:\u00a0\u00bbhttps:\/\/www.instagram.com\/envedette.ca\/\u00a0\u00bb,\u00a0\u00bbdeprecated\u00a0\u00bb:true,\u00a0\u00bbdeprecation_msg\u00a0\u00bb:\u00a0\u00bbPlease use social_links.\u00a0\u00bb}],\u00a0\u00bbadditional_properties\u00a0\u00bb:{\u00ab\u00a0original\u00a0\u00bb:{\u00ab\u00a0_id\u00a0\u00bb:\u00a0\u00bben.vedette\u00a0\u00bb,\u00a0\u00bbslug\u00a0\u00bb:\u00a0\u00bben-vedette\u00a0\u00bb,\u00a0\u00bbfirstName\u00a0\u00bb:\u00a0\u00bbEn\u00a0\u00bb,\u00a0\u00bblastName\u00a0\u00bb:\u00a0\u00bbVedette\u00a0\u00bb,\u00a0\u00bbbyline\u00a0\u00bb:\u00a0\u00bbEn Vedette\u00a0\u00bb,\u00a0\u00bbimage\u00a0\u00bb:\u00a0\u00bbhttps:\/\/author-service-images-prod-us-east-1.publishing.aws.arc.pub\/bellmediainc\/FO7GHMD6NRGRJNH2BBQ7PGO3SA.png\u00a0\u00bb,\u00a0\u00bblongBio\u00a0\u00bb:\u00a0\u00bbDepuis 2015, En Vedette regroupe les meilleurs potins et les plus r\u00e9centes nouvelles sur vos vedettes pr\u00e9f\u00e9r\u00e9es. L&rsquo;\u00e9quipe d&rsquo;En Vedette s&rsquo;occupe de vous faire d\u00e9couvrir les nouveaut\u00e9s chez les c\u00e9l\u00e9brit\u00e9s, les \u00e9missions du moment, les spectacles \u00e0 venir, les galas, les tapis rouges et plus encore.&nbsp;\\n\\nEn 2021, En Vedette s\u2019est joint \u00e0 la grande famille de&nbsp;Noovo Moi, la nouvelle destination style de vie par excellence pour vous inspirer et vous aider dans votre quotidien. En Vedette se taille une place de choix sur cette plateforme, les nouvelles sur les c\u00e9l\u00e9brit\u00e9s \u00e9tant tr\u00e8s pris\u00e9es du public.\\nQue ce soit les meilleures s\u00e9ries \u00e0 voir ou la derni\u00e8re nouveaut\u00e9 musicale, l&rsquo;\u00e9quipe d\u2019En Vedette garde l&rsquo;\u0153il ouvert en permanence sur tout ce qui se passe dans l&rsquo;univers culturel, et vous en informe le plus rapidement possible.&nbsp;\\nNos collaborateurs et collaboratrices chevronn\u00e9s&nbsp;sont toujours \u00e0 l\u2019aff\u00fbt de ce qui se passe sur la sc\u00e8ne culturelle, et ce autant pour les c\u00e9l\u00e9brit\u00e9s internationales que nos vedettes bien qu\u00e9b\u00e9coises, auxquelles on souhaite donner une place de choix.\\n\\nChaque jour, nous publions de nombreux articles ainsi que deux vid\u00e9os pour divertir les gens et leur permettre d\u2019en savoir plus sur la vie de leurs artistes pr\u00e9f\u00e9r\u00e9s. Nous essayons de les sortir de leur quotidien pendant un moment, en leur parlant des choses qu\u2019ils aiment en lien avec le star syst\u00e8me.\u00a0\u00bb,\u00a0\u00bblast_updated_date\u00a0\u00bb:\u00a0\u00bb2026-01-23T16:19:14.182Z\u00a0\u00bb,\u00a0\u00bbbooks\u00a0\u00bb:[],\u00a0\u00bbpodcasts\u00a0\u00bb:[],\u00a0\u00bbeducation\u00a0\u00bb:[],\u00a0\u00bbawards\u00a0\u00bb:[],\u00a0\u00bbstatus\u00a0\u00bb:true,\u00a0\u00bbbio_page\u00a0\u00bb:\u00a0\u00bbhttps:\/\/www.noovomoi.ca\/auteurs\/en-vedette\u00a0\u00bb,\u00a0\u00bbpersonal_website\u00a0\u00bb:\u00a0\u00bbhttps:\/\/www.noovomoi.ca\/en-vedette.html\u00a0\u00bb,\u00a0\u00bbfacebook\u00a0\u00bb:\u00a0\u00bbhttps:\/\/www.facebook.com\/enVedette.ca\u00a0\u00bb,\u00a0\u00bbinstagram\u00a0\u00bb:\u00a0\u00bbhttps:\/\/www.instagram.com\/envedette.ca\/\u00a0\u00bb}}}]},\u00a0\u00bbdescription\u00a0\u00bb:{\u00ab\u00a0basic\u00a0\u00bb:\u00a0\u00bbMario Pelchat a senti le besoin de pr\u00e9ciser sa r\u00e9cente d\u00e9cision \u00e0 l&rsquo;\u00e9mission La Voix. Voyez le message du c\u00e9l\u00e8bre chanteur.\u00a0\u00bb},\u00a0\u00bbdisplay_date\u00a0\u00bb:\u00a0\u00bb2026-03-17T17:36:56.388Z\u00a0\u00bb,\u00a0\u00bbdistributor\u00a0\u00bb:{\u00ab\u00a0category\u00a0\u00bb:\u00a0\u00bbstaff\u00a0\u00bb,\u00a0\u00bbname\u00a0\u00bb:\u00a0\u00bbbellmediainc\u00a0\u00bb,\u00a0\u00bbsubcategory\u00a0\u00bb:\u00a0\u00bb\u00a0\u00bb},\u00a0\u00bbfirst_publish_date\u00a0\u00bb:\u00a0\u00bb2026-03-17T17:36:56.388Z\u00a0\u00bb,\u00a0\u00bbheadlines\u00a0\u00bb:{\u00ab\u00a0basic\u00a0\u00bb:\u00a0\u00bbSaga La Voix: Mario Pelchat prend parole publiquement\u00a0\u00bb,\u00a0\u00bbmeta_title\u00a0\u00bb:\u00a0\u00bbSaga La Voix: Mario Pelchat prend parole publiquement\u00a0\u00bb,\u00a0\u00bbmobile\u00a0\u00bb:\u00a0\u00bb\u00a0\u00bb,\u00a0\u00bbnative\u00a0\u00bb:\u00a0\u00bb\u00a0\u00bb,\u00a0\u00bbprint\u00a0\u00bb:\u00a0\u00bb\u00a0\u00bb,\u00a0\u00bbtablet\u00a0\u00bb:\u00a0\u00bb\u00a0\u00bb,\u00a0\u00bbweb\u00a0\u00bb:\u00a0\u00bb\u00a0\u00bb},\u00a0\u00bblast_updated_date\u00a0\u00bb:\u00a0\u00bb2026-03-17T17:38:54.366Z\u00a0\u00bb,\u00a0\u00bbowner\u00a0\u00bb:{\u00ab\u00a0id\u00a0\u00bb:\u00a0\u00bbbellmediainc\u00a0\u00bb,\u00a0\u00bbsponsored\u00a0\u00bb:false},\u00a0\u00bbplanning\u00a0\u00bb:{\u00ab\u00a0story_length\u00a0\u00bb:{\u00ab\u00a0character_count_actual\u00a0\u00bb:1874,\u00a0\u00bbinch_count_actual\u00a0\u00bb:3,\u00a0\u00bbline_count_actual\u00a0\u00bb:17,\u00a0\u00bbword_count_actual\u00a0\u00bb:304}},\u00a0\u00bbpromo_items\u00a0\u00bb:{\u00ab\u00a0basic\u00a0\u00bb:{\u00ab\u00a0_id\u00a0\u00bb:\u00a0\u00bbKVNIIJ7K2JG73AXDAPS34762OY\u00a0\u00bb,\u00a0\u00bbadditional_properties\u00a0\u00bb:{\u00ab\u00a0fullSizeResizeUrl\u00a0\u00bb:\u00a0\u00bb\/resizer\/v2\/KVNIIJ7K2JG73AXDAPS34762OY.jpg?auth=32debf316d597b04a77e58421e687eaa48a069071717bee225dc06b0aac7ddb6&Prime;,\u00a0\u00bbgalleries\u00a0\u00bb:[],\u00a0\u00bbingestionMethod\u00a0\u00bb:\u00a0\u00bbmanual\u00a0\u00bb,\u00a0\u00bbmime_type\u00a0\u00bb:\u00a0\u00bbimage\/jpeg\u00a0\u00bb,\u00a0\u00bboriginalName\u00a0\u00bb:\u00a0\u00bbmario-pelchat.jpg\u00a0\u00bb,\u00a0\u00bboriginalUrl\u00a0\u00bb:\u00a0\u00bbhttps:\/\/cloudfront-us-east-1.images.arcpublishing.com\/bellmediainc\/KVNIIJ7K2JG73AXDAPS34762OY.jpg\u00a0\u00bb,\u00a0\u00bbproxyUrl\u00a0\u00bb:\u00a0\u00bb\/resizer\/v2\/KVNIIJ7K2JG73AXDAPS34762OY.jpg?auth=32debf316d597b04a77e58421e687eaa48a069071717bee225dc06b0aac7ddb6&Prime;,\u00a0\u00bbpublished\u00a0\u00bb:true,\u00a0\u00bbresizeUrl\u00a0\u00bb:\u00a0\u00bb\/resizer\/v2\/KVNIIJ7K2JG73AXDAPS34762OY.jpg?auth=32debf316d597b04a77e58421e687eaa48a069071717bee225dc06b0aac7ddb6&Prime;,\u00a0\u00bbrestricted\u00a0\u00bb:false,\u00a0\u00bbthumbnailResizeUrl\u00a0\u00bb:\u00a0\u00bb\/resizer\/v2\/KVNIIJ7K2JG73AXDAPS34762OY.jpg?auth=32debf316d597b04a77e58421e687eaa48a069071717bee225dc06b0aac7ddb6&#038;width=300&Prime;,\u00a0\u00bbversion\u00a0\u00bb:0,\u00a0\u00bbtemplate_id\u00a0\u00bb:1252},\u00a0\u00bbaddress\u00a0\u00bb:{},\u00a0\u00bbauth\u00a0\u00bb:{\u00ab\u00a01&Prime;:\u00a0\u00bb32debf316d597b04a77e58421e687eaa48a069071717bee225dc06b0aac7ddb6&Prime;},\u00a0\u00bbcaption\u00a0\u00bb:\u00a0\u00bbMario Pelchat\u00a0\u00bb,\u00a0\u00bbcreated_date\u00a0\u00bb:\u00a0\u00bb2026-03-17T16:59:39Z\u00a0\u00bb,\u00a0\u00bbcredits\u00a0\u00bb:{\u00ab\u00a0affiliation\u00a0\u00bb:[{\u00ab\u00a0name\u00a0\u00bb:\u00a0\u00bbMario Pelchat\/Facebook\u00a0\u00bb,\u00a0\u00bbtype\u00a0\u00bb:\u00a0\u00bbauthor\u00a0\u00bb}]},\u00a0\u00bbheight\u00a0\u00bb:1080,\u00a0\u00bbimage_type\u00a0\u00bb:\u00a0\u00bbphotograph\u00a0\u00bb,\u00a0\u00bblast_updated_date\u00a0\u00bb:\u00a0\u00bb2026-03-17T16:59:39Z\u00a0\u00bb,\u00a0\u00bblicensable\u00a0\u00bb:false,\u00a0\u00bbowner\u00a0\u00bb:{\u00ab\u00a0id\u00a0\u00bb:\u00a0\u00bbbellmediainc\u00a0\u00bb,\u00a0\u00bbsponsored\u00a0\u00bb:false},\u00a0\u00bbsource\u00a0\u00bb:{\u00ab\u00a0additional_properties\u00a0\u00bb:{\u00ab\u00a0editor\u00a0\u00bb:\u00a0\u00bbphoto center\u00a0\u00bb},\u00a0\u00bbedit_url\u00a0\u00bb:\u00a0\u00bb\u00a0\u00bb,\u00a0\u00bbsystem\u00a0\u00bb:\u00a0\u00bbphoto center\u00a0\u00bb},\u00a0\u00bbsubtitle\u00a0\u00bb:\u00a0\u00bbMario Pelchat\u00a0\u00bb,\u00a0\u00bbtaxonomy\u00a0\u00bb:{\u00ab\u00a0associated_tasks\u00a0\u00bb:[]},\u00a0\u00bbtype\u00a0\u00bb:\u00a0\u00bbimage\u00a0\u00bb,\u00a0\u00bburl\u00a0\u00bb:\u00a0\u00bbhttps:\/\/cloudfront-us-east-1.images.arcpublishing.com\/bellmediainc\/KVNIIJ7K2JG73AXDAPS34762OY.jpg\u00a0\u00bb,\u00a0\u00bbversion\u00a0\u00bb:\u00a0\u00bb0.10.9&Prime;,\u00a0\u00bbwidth\u00a0\u00bb:1920,\u00a0\u00bbsyndication\u00a0\u00bb:{},\u00a0\u00bbcreditIPTC\u00a0\u00bb:\u00a0\u00bbMario Pelchat\/Facebook\u00a0\u00bb},\u00a0\u00bblead_art\u00a0\u00bb:{\u00ab\u00a0type\u00a0\u00bb:\u00a0\u00bbvideo\u00a0\u00bb,\u00a0\u00bb_id\u00a0\u00bb:\u00a0\u00bbb83e454f-7d73-42c1-ad3c-f2898e867046&Prime;,\u00a0\u00bbversion\u00a0\u00bb:\u00a0\u00bb0.8.0&Prime;,\u00a0\u00bbsubtype\u00a0\u00bb:\u00a0\u00bbaxis\u00a0\u00bb,\u00a0\u00bblanguage\u00a0\u00bb:\u00a0\u00bbfr\u00a0\u00bb,\u00a0\u00bbcanonical_url\u00a0\u00bb:\u00a0\u00bb\/videos\/2026\/02\/12\/roxane-bruneau-surprend-mario-pelchat-avec-son-interpretation-de-je-ntaime-plus\/\u00a0\u00bb,\u00a0\u00bbcanonical_website\u00a0\u00bb:\u00a0\u00bbnoovo-moi\u00a0\u00bb,\u00a0\u00bbshort_url\u00a0\u00bb:\u00a0\u00bb\/videos\/2026\/02\/12\/roxane-bruneau-surprend-mario-pelchat-avec-son-interpretation-de-je-ntaime-plus\/\u00a0\u00bb,\u00a0\u00bbcreated_date\u00a0\u00bb:\u00a0\u00bb2026-02-12T16:52:19Z\u00a0\u00bb,\u00a0\u00bblast_updated_date\u00a0\u00bb:\u00a0\u00bb2026-02-12T16:52:19Z\u00a0\u00bb,\u00a0\u00bbpublish_date\u00a0\u00bb:\u00a0\u00bb2026-02-12T16:52:42Z\u00a0\u00bb,\u00a0\u00bbfirst_publish_date\u00a0\u00bb:\u00a0\u00bb2026-02-12T16:52:19Z\u00a0\u00bb,\u00a0\u00bbdisplay_date\u00a0\u00bb:\u00a0\u00bb2024-02-26T19:28:47Z\u00a0\u00bb,\u00a0\u00bbheadlines\u00a0\u00bb:{\u00ab\u00a0basic\u00a0\u00bb:\u00a0\u00bbRoxane Bruneau surprend Mario Pelchat avec son interpr\u00e9tation de Je n&rsquo;t&rsquo;aime plus.\u00a0\u00bb,\u00a0\u00bbmeta_title\u00a0\u00bb:\u00a0\u00bbRoxane Bruneau a surpris tout le monde y compris Mario Pelchat avec son interpr\u00e9tation du grand succ\u00e8s Je n&rsquo;t&rsquo;aime plus.\u00a0\u00bb},\u00a0\u00bbsubheadlines\u00a0\u00bb:{\u00ab\u00a0basic\u00a0\u00bb:\u00a0\u00bbHier avait lieu le d\u00e9but des duels \u00e0 La Voix et la coach Roxane Bruneau a surpris tout le monde y compris Mario Pelchat avec sa brillante et puissante interpr\u00e9tation du grand succ\u00e8s Je n&rsquo;t&rsquo;aime plus.\u00a0\u00bb},\u00a0\u00bbdescription\u00a0\u00bb:{\u00ab\u00a0basic\u00a0\u00bb:\u00a0\u00bbHier avait lieu le d\u00e9but des duels \u00e0 La Voix et la coach Roxane Bruneau a surpris tout le monde y compris Mario Pelchat avec sa brillante et puissante interpr\u00e9tation du grand succ\u00e8s Je n&rsquo;t&rsquo;aime plus.\u00a0\u00bb},\u00a0\u00bbcredits\u00a0\u00bb:{},\u00a0\u00bbtaxonomy\u00a0\u00bb:{\u00ab\u00a0tags\u00a0\u00bb:[{\u00ab\u00a0text\u00a0\u00bb:\u00a0\u00bbEn vedette\u00a0\u00bb}],\u00a0\u00bbprimary_site\u00a0\u00bb:{\u00ab\u00a0type\u00a0\u00bb:\u00a0\u00bbreference\u00a0\u00bb,\u00a0\u00bbadditional_properties\u00a0\u00bb:{\u00ab\u00a0primary\u00a0\u00bb:true},\u00a0\u00bb_id\u00a0\u00bb:\u00a0\u00bbhttps:\/\/www.noovomoi.ca\/videos\u00a0\u00bb,\u00a0\u00bbreferent\u00a0\u00bb:{\u00ab\u00a0type\u00a0\u00bb:\u00a0\u00bbsite\u00a0\u00bb,\u00a0\u00bbid\u00a0\u00bb:\u00a0\u00bbhttps:\/\/www.noovomoi.ca\/videos\u00a0\u00bb,\u00a0\u00bbprovider\u00a0\u00bb:\u00a0\u00bb\u00a0\u00bb}},\u00a0\u00bbsites\u00a0\u00bb:[{\u00ab\u00a0type\u00a0\u00bb:\u00a0\u00bbreference\u00a0\u00bb,\u00a0\u00bbadditional_properties\u00a0\u00bb:{\u00ab\u00a0primary\u00a0\u00bb:true},\u00a0\u00bb_id\u00a0\u00bb:\u00a0\u00bbhttps:\/\/www.noovomoi.ca\/videos\u00a0\u00bb,\u00a0\u00bbreferent\u00a0\u00bb:{\u00ab\u00a0type\u00a0\u00bb:\u00a0\u00bbsite\u00a0\u00bb,\u00a0\u00bbid\u00a0\u00bb:\u00a0\u00bbhttps:\/\/www.noovomoi.ca\/videos\u00a0\u00bb,\u00a0\u00bbprovider\u00a0\u00bb:\u00a0\u00bb\u00a0\u00bb}}],\u00a0\u00bbprimary_section\u00a0\u00bb:{\u00ab\u00a0type\u00a0\u00bb:\u00a0\u00bbreference\u00a0\u00bb,\u00a0\u00bbadditional_properties\u00a0\u00bb:{\u00ab\u00a0primary\u00a0\u00bb:true},\u00a0\u00bb_id\u00a0\u00bb:\u00a0\u00bbhttps:\/\/www.noovomoi.ca\/videos\u00a0\u00bb,\u00a0\u00bbreferent\u00a0\u00bb:{\u00ab\u00a0type\u00a0\u00bb:\u00a0\u00bbsection\u00a0\u00bb,\u00a0\u00bbid\u00a0\u00bb:\u00a0\u00bbhttps:\/\/www.noovomoi.ca\/videos\u00a0\u00bb,\u00a0\u00bbprovider\u00a0\u00bb:\u00a0\u00bb\u00a0\u00bb,\u00a0\u00bbwebsite\u00a0\u00bb:\u00a0\u00bbnoovo-moi\u00a0\u00bb}},\u00a0\u00bbsections\u00a0\u00bb:[{\u00ab\u00a0type\u00a0\u00bb:\u00a0\u00bbreference\u00a0\u00bb,\u00a0\u00bbadditional_properties\u00a0\u00bb:{\u00ab\u00a0primary\u00a0\u00bb:true},\u00a0\u00bb_id\u00a0\u00bb:\u00a0\u00bbhttps:\/\/www.noovomoi.ca\/videos\u00a0\u00bb,\u00a0\u00bbreferent\u00a0\u00bb:{\u00ab\u00a0type\u00a0\u00bb:\u00a0\u00bbsection\u00a0\u00bb,\u00a0\u00bbid\u00a0\u00bb:\u00a0\u00bbhttps:\/\/www.noovomoi.ca\/videos\u00a0\u00bb,\u00a0\u00bbprovider\u00a0\u00bb:\u00a0\u00bb\u00a0\u00bb,\u00a0\u00bbwebsite\u00a0\u00bb:\u00a0\u00bbnoovo-moi\u00a0\u00bb}}],\u00a0\u00bbseo_keywords\u00a0\u00bb:[\u00ab\u00a0En vedette\u00a0\u00bb]},\u00a0\u00bbpromo_items\u00a0\u00bb:{\u00ab\u00a0basic\u00a0\u00bb:{\u00ab\u00a0type\u00a0\u00bb:\u00a0\u00bbimage\u00a0\u00bb,\u00a0\u00bbversion\u00a0\u00bb:\u00a0\u00bb0.5.8&Prime;,\u00a0\u00bbcredits\u00a0\u00bb:{},\u00a0\u00bburl\u00a0\u00bb:\u00a0\u00bbhttps:\/\/d3g70guqh4mw9g.cloudfront.net\/02-12-2026\/t_03f1cc2f42e74b08934b0a2217c1843f_name_2024_2_26_10b136b5_5818_4474_8040_274f27d416d9_jpg_2000x1125_scaled.jpg\u00a0\u00bb,\u00a0\u00bbwidth\u00a0\u00bb:1920,\u00a0\u00bbheight\u00a0\u00bb:1080,\u00a0\u00bbauth\u00a0\u00bb:{\u00ab\u00a01&Prime;:\u00a0\u00bbd32448d3e79ad329814d27d1f8ebe8818852eff22649888340738543575386fc\u00a0\u00bb}}},\u00a0\u00bbrelated_content\u00a0\u00bb:{\u00ab\u00a0redirect\u00a0\u00bb:[],\u00a0\u00bbbasic\u00a0\u00bb:[]},\u00a0\u00bbplanning\u00a0\u00bb:{\u00ab\u00a0scheduling\u00a0\u00bb:{}},\u00a0\u00bbrevision\u00a0\u00bb:{\u00ab\u00a0published\u00a0\u00bb:true},\u00a0\u00bbsyndication\u00a0\u00bb:{\u00ab\u00a0search\u00a0\u00bb:false},\u00a0\u00bbsource\u00a0\u00bb:{\u00ab\u00a0source_id\u00a0\u00bb:\u00a0\u00bb2873884&Prime;,\u00a0\u00bbsystem\u00a0\u00bb:\u00a0\u00bbaxis\u00a0\u00bb,\u00a0\u00bbedit_url\u00a0\u00bb:\u00a0\u00bb\u00a0\u00bb},\u00a0\u00bbdistributor\u00a0\u00bb:{\u00ab\u00a0category\u00a0\u00bb:\u00a0\u00bbwires\u00a0\u00bb},\u00a0\u00bbtracking\u00a0\u00bb:{\u00ab\u00a0in_url_headline\u00a0\u00bb:\u00a0\u00bb12&Prime;},\u00a0\u00bbadditional_properties\u00a0\u00bb:{\u00ab\u00a0subsection\u00a0\u00bb:\u00a0\u00bbVid\u00e9os\u00a0\u00bb,\u00a0\u00bbvideoCategory\u00a0\u00bb:\u00a0\u00bbaxis\u00a0\u00bb,\u00a0\u00bbaxisContentPackageId\u00a0\u00bb:\u00a0\u00bb6466643&Prime;,\u00a0\u00bbworkflowStatus\u00a0\u00bb:\u00a0\u00bbPUBLISHED\u00a0\u00bb,\u00a0\u00bbvideoId\u00a0\u00bb:\u00a0\u00bb698e0543dfdde91a48122fe1&Prime;,\u00a0\u00bbvertical\u00a0\u00bb:false,\u00a0\u00bbembedContinuousPlay\u00a0\u00bb:true,\u00a0\u00bbimageResizerUrls\u00a0\u00bb:[{\u00ab\u00a0width\u00a0\u00bb:576,\u00a0\u00bbheight\u00a0\u00bb:324,\u00a0\u00bburl\u00a0\u00bb:\u00a0\u00bbhttps:\/\/bellmediainc-bnn-bloomberg-prod.web.arc-cdn.net\/resizer\/v2\/https%3A%2F%2Farc-goldfish-bellmediainc-thumbnails.s3.amazonaws.com%2F02-12-2026%2Ft_03f1cc2f42e74b08934b0a2217c1843f_name_2024_2_26_10b136b5_5818_4474_8040_274f27d416d9_jpg_2000x1125_scaled.jpg?auth=7ce49e82a1a5bc0536702e21a2dfeb08fa679ddc73fdde28ec5ff946c3fc33ac&#038;width=576&#038;height=324&#038;smart=true&#038;quality=80&Prime;,\u00a0\u00bbsize\u00a0\u00bb:\u00a0\u00bbsmall\u00a0\u00bb},{\u00ab\u00a0width\u00a0\u00bb:960,\u00a0\u00bbheight\u00a0\u00bb:540,\u00a0\u00bburl\u00a0\u00bb:\u00a0\u00bbhttps:\/\/bellmediainc-bnn-bloomberg-prod.web.arc-cdn.net\/resizer\/v2\/https%3A%2F%2Farc-goldfish-bellmediainc-thumbnails.s3.amazonaws.com%2F02-12-2026%2Ft_03f1cc2f42e74b08934b0a2217c1843f_name_2024_2_26_10b136b5_5818_4474_8040_274f27d416d9_jpg_2000x1125_scaled.jpg?auth=7ce49e82a1a5bc0536702e21a2dfeb08fa679ddc73fdde28ec5ff946c3fc33ac&#038;width=960&#038;height=540&#038;smart=true&#038;quality=80&Prime;,\u00a0\u00bbsize\u00a0\u00bb:\u00a0\u00bbmedium\u00a0\u00bb},{\u00ab\u00a0width\u00a0\u00bb:1536,\u00a0\u00bbheight\u00a0\u00bb:864,\u00a0\u00bburl\u00a0\u00bb:\u00a0\u00bbhttps:\/\/bellmediainc-bnn-bloomberg-prod.web.arc-cdn.net\/resizer\/v2\/https%3A%2F%2Farc-goldfish-bellmediainc-thumbnails.s3.amazonaws.com%2F02-12-2026%2Ft_03f1cc2f42e74b08934b0a2217c1843f_name_2024_2_26_10b136b5_5818_4474_8040_274f27d416d9_jpg_2000x1125_scaled.jpg?auth=7ce49e82a1a5bc0536702e21a2dfeb08fa679ddc73fdde28ec5ff946c3fc33ac&#038;width=1536&#038;height=864&#038;smart=true&#038;quality=80&Prime;,\u00a0\u00bbsize\u00a0\u00bb:\u00a0\u00bblarge\u00a0\u00bb}],\u00a0\u00bbadvertising\u00a0\u00bb:{\u00ab\u00a0allowPrerollOnDomain\u00a0\u00bb:false,\u00a0\u00bbautoPlayPreroll\u00a0\u00bb:false,\u00a0\u00bbenableAdInsertion\u00a0\u00bb:false,\u00a0\u00bbenableAutoPreview\u00a0\u00bb:false,\u00a0\u00bbenableServerSideFallback\u00a0\u00bb:false,\u00a0\u00bbforceAd\u00a0\u00bb:false,\u00a0\u00bbplayAds\u00a0\u00bb:false,\u00a0\u00bbplayVideoAds\u00a0\u00bb:true,\u00a0\u00bbvideoAdZone\u00a0\u00bb:\u00a0\u00bbwpni.video.oodef\u00a0\u00bb},\u00a0\u00bbdisableUpNext\u00a0\u00bb:false,\u00a0\u00bbvideoAdZone\u00a0\u00bb:\u00a0\u00bbwpni.video.oodef\u00a0\u00bb,\u00a0\u00bbplatform\u00a0\u00bb:\u00a0\u00bbdesktop\u00a0\u00bb,\u00a0\u00bbaxisId\u00a0\u00bb:\u00a0\u00bb2873884&Prime;,\u00a0\u00bbplayVideoAds\u00a0\u00bb:true,\u00a0\u00bbisLive\u00a0\u00bb:false,\u00a0\u00bbuseVariants\u00a0\u00bb:false,\u00a0\u00bbum_entitlement\u00a0\u00bb:\u00a0\u00bb\u00a0\u00bb,\u00a0\u00bbplaylistTags\u00a0\u00bb:[],\u00a0\u00bbisWire\u00a0\u00bb:true,\u00a0\u00bbgifAsThumbnail\u00a0\u00bb:false,\u00a0\u00bbpublished\u00a0\u00bb:true,\u00a0\u00bbaxis_duration\u00a0\u00bb:82.817,\u00a0\u00bbpermalinkUrl\u00a0\u00bb:\u00a0\u00bb\/videos\/2026\/02\/12\/roxane-bruneau-surprend-mario-pelchat-avec-son-interpretation-de-je-ntaime-plus\/\u00a0\u00bb,\u00a0\u00bbforceClosedCaptionsOn\u00a0\u00bb:false,\u00a0\u00bbdoNotShowTranscripts\u00a0\u00bb:true,\u00a0\u00bbpublicationEndDate\u00a0\u00bb:\u00a0\u00bb\u00a0\u00bb},\u00a0\u00bbduration\u00a0\u00bb:66,\u00a0\u00bbvideo_type\u00a0\u00bb:\u00a0\u00bbclip\u00a0\u00bb,\u00a0\u00bbstreams\u00a0\u00bb:[{\u00ab\u00a0height\u00a0\u00bb:72,\u00a0\u00bbwidth\u00a0\u00bb:128,\u00a0\u00bbfilesize\u00a0\u00bb:8542,\u00a0\u00bbstream_type\u00a0\u00bb:\u00a0\u00bbmp4&Prime;,\u00a0\u00bburl\u00a0\u00bb:\u00a0\u00bbhttps:\/\/d35q85qtwj799z.cloudfront.net\/bellmediainc\/2026\/02\/12\/698e054c766f5d3ea55ff0c5\/Placeholder.mp4&Prime;,\u00a0\u00bbbitrate\u00a0\u00bb:1024,\u00a0\u00bbprovider\u00a0\u00bb:\u00a0\u00bbmediaconvert\u00a0\u00bb}],\u00a0\u00bbsubtitles\u00a0\u00bb:{},\u00a0\u00bbpromo_image\u00a0\u00bb:{\u00ab\u00a0type\u00a0\u00bb:\u00a0\u00bbimage\u00a0\u00bb,\u00a0\u00bbversion\u00a0\u00bb:\u00a0\u00bb0.5.8&Prime;,\u00a0\u00bbcredits\u00a0\u00bb:{},\u00a0\u00bburl\u00a0\u00bb:\u00a0\u00bbhttps:\/\/d3g70guqh4mw9g.cloudfront.net\/02-12-2026\/t_03f1cc2f42e74b08934b0a2217c1843f_name_2024_2_26_10b136b5_5818_4474_8040_274f27d416d9_jpg_2000x1125_scaled.jpg\u00a0\u00bb,\u00a0\u00bbwidth\u00a0\u00bb:1920,\u00a0\u00bbheight\u00a0\u00bb:1080,\u00a0\u00bbauth\u00a0\u00bb:{\u00ab\u00a01&Prime;:\u00a0\u00bbd32448d3e79ad329814d27d1f8ebe8818852eff22649888340738543575386fc\u00a0\u00bb}},\u00a0\u00bbembed_html\u00a0\u00bb:\u00a0\u00bb\u00a0\u00bb,\u00a0\u00bbwebsites\u00a0\u00bb:{\u00ab\u00a0noovo-moi\u00a0\u00bb:{\u00ab\u00a0website_section\u00a0\u00bb:{\u00ab\u00a0path\u00a0\u00bb:\u00a0\u00bbhttps:\/\/www.noovomoi.ca\/videos\u00a0\u00bb,\u00a0\u00bb_website\u00a0\u00bb:\u00a0\u00bbnoovo-moi\u00a0\u00bb,\u00a0\u00bbname\u00a0\u00bb:\u00a0\u00bbVid\u00e9os\u00a0\u00bb,\u00a0\u00bb_id\u00a0\u00bb:\u00a0\u00bbhttps:\/\/www.noovomoi.ca\/videos\u00a0\u00bb,\u00a0\u00bbtype\u00a0\u00bb:\u00a0\u00bbsection\u00a0\u00bb,\u00a0\u00bbversion\u00a0\u00bb:\u00a0\u00bb0.6.0&Prime;,\u00a0\u00bbprimary\u00a0\u00bb:true},\u00a0\u00bbwebsite_url\u00a0\u00bb:\u00a0\u00bb\/videos\/2026\/02\/12\/roxane-bruneau-surprend-mario-pelchat-avec-son-interpretation-de-je-ntaime-plus\/\u00a0\u00bb}},\u00a0\u00bbpowaConfig\u00a0\u00bb:{\u00ab\u00a0sampleRate\u00a0\u00bb:1}}},\u00a0\u00bbpublish_date\u00a0\u00bb:\u00a0\u00bb2026-03-17T17:38:54.234Z\u00a0\u00bb,\u00a0\u00bbrelated_content\u00a0\u00bb:{\u00ab\u00a0basic\u00a0\u00bb:[{\u00ab\u00a0_id\u00a0\u00bb:\u00a0\u00bbXUVIEIEIKFBCVAKX54YRZ2MUK4&Prime;,\u00a0\u00bbreferent\u00a0\u00bb:{\u00ab\u00a0id\u00a0\u00bb:\u00a0\u00bbXUVIEIEIKFBCVAKX54YRZ2MUK4&Prime;,\u00a0\u00bbprovider\u00a0\u00bb:\u00a0\u00bb\u00a0\u00bb,\u00a0\u00bbtype\u00a0\u00bb:\u00a0\u00bbstory\u00a0\u00bb},\u00a0\u00bbtype\u00a0\u00bb:\u00a0\u00bbreference\u00a0\u00bb},{\u00ab\u00a0_id\u00a0\u00bb:\u00a0\u00bbABKPCAEG33IBF5PHEIZIEI6TFU\u00a0\u00bb,\u00a0\u00bbreferent\u00a0\u00bb:{\u00ab\u00a0id\u00a0\u00bb:\u00a0\u00bbABKPCAEG33IBF5PHEIZIEI6TFU\u00a0\u00bb,\u00a0\u00bbprovider\u00a0\u00bb:\u00a0\u00bb\u00a0\u00bb,\u00a0\u00bbtype\u00a0\u00bb:\u00a0\u00bbstory\u00a0\u00bb},\u00a0\u00bbtype\u00a0\u00bb:\u00a0\u00bbreference\u00a0\u00bb},{\u00ab\u00a0_id\u00a0\u00bb:\u00a0\u00bb6QRMQJXROTJJQHNHJQJW32OLQU\u00a0\u00bb,\u00a0\u00bbreferent\u00a0\u00bb:{\u00ab\u00a0id\u00a0\u00bb:\u00a0\u00bb6QRMQJXROTJJQHNHJQJW32OLQU\u00a0\u00bb,\u00a0\u00bbprovider\u00a0\u00bb:\u00a0\u00bb\u00a0\u00bb,\u00a0\u00bbtype\u00a0\u00bb:\u00a0\u00bbstory\u00a0\u00bb},\u00a0\u00bbtype\u00a0\u00bb:\u00a0\u00bbreference\u00a0\u00bb}],\u00a0\u00bbclonedChildren\u00a0\u00bb:[],\u00a0\u00bbclonedFromParent\u00a0\u00bb:[]},\u00a0\u00bbrevision\u00a0\u00bb:{\u00ab\u00a0branch\u00a0\u00bb:\u00a0\u00bbdefault\u00a0\u00bb,\u00a0\u00bbeditions\u00a0\u00bb:[\u00ab\u00a0default\u00a0\u00bb],\u00a0\u00bbparent_id\u00a0\u00bb:\u00a0\u00bb7QDWUVR6TFEHDFVALUCESP2A7I\u00a0\u00bb,\u00a0\u00bbpublished\u00a0\u00bb:true,\u00a0\u00bbrevision_id\u00a0\u00bb:\u00a0\u00bbTKQ6OPD5FBB4FLQSRTQD7IZ7CI\u00a0\u00bb},\u00a0\u00bbsource\u00a0\u00bb:{\u00ab\u00a0name\u00a0\u00bb:\u00a0\u00bbbellmediainc\u00a0\u00bb,\u00a0\u00bbsource_type\u00a0\u00bb:\u00a0\u00bbstaff\u00a0\u00bb,\u00a0\u00bbsystem\u00a0\u00bb:\u00a0\u00bbcomposer\u00a0\u00bb},\u00a0\u00bbsubtype\u00a0\u00bb:\u00a0\u00bbsubtype-standard\u00a0\u00bb,\u00a0\u00bbtaxonomy\u00a0\u00bb:{\u00ab\u00a0primary_section\u00a0\u00bb:{\u00ab\u00a0_id\u00a0\u00bb:\u00a0\u00bbhttps:\/\/www.noovomoi.ca\/en-vedette\/actualites-potins\u00a0\u00bb,\u00a0\u00bb_website\u00a0\u00bb:\u00a0\u00bbnoovo-moi\u00a0\u00bb,\u00a0\u00bbtype\u00a0\u00bb:\u00a0\u00bbsection\u00a0\u00bb,\u00a0\u00bbversion\u00a0\u00bb:\u00a0\u00bb0.6.0&Prime;,\u00a0\u00bbname\u00a0\u00bb:\u00a0\u00bbActualit\u00e9s et potins\u00a0\u00bb,\u00a0\u00bbdescription\u00a0\u00bb:\u00a0\u00bbToutes les actualit\u00e9s et les potins du Qu\u00e9bec et d&rsquo;ailleurs\u00a0\u00bb,\u00a0\u00bbpath\u00a0\u00bb:\u00a0\u00bbhttps:\/\/www.noovomoi.ca\/en-vedette\/actualites-potins\u00a0\u00bb,\u00a0\u00bbparent_id\u00a0\u00bb:\u00a0\u00bbhttps:\/\/www.noovomoi.ca\/en-vedette\u00a0\u00bb,\u00a0\u00bbparent\u00a0\u00bb:{\u00ab\u00a0default\u00a0\u00bb:\u00a0\u00bbhttps:\/\/www.noovomoi.ca\/en-vedette\u00a0\u00bb},\u00a0\u00bbadditional_properties\u00a0\u00bb:{\u00ab\u00a0original\u00a0\u00bb:{\u00ab\u00a0_id\u00a0\u00bb:\u00a0\u00bbhttps:\/\/www.noovomoi.ca\/en-vedette\/actualites-potins\u00a0\u00bb,\u00a0\u00bb_website\u00a0\u00bb:\u00a0\u00bbnoovo-moi\u00a0\u00bb,\u00a0\u00bbname\u00a0\u00bb:\u00a0\u00bbActualit\u00e9s et potins\u00a0\u00bb,\u00a0\u00bbinactive\u00a0\u00bb:false,\u00a0\u00bbancestors\u00a0\u00bb:{\u00ab\u00a0default\u00a0\u00bb:[\u00ab\u00a0https:\/\/www.noovomoi.ca\/en-vedette\u00a0\u00bb],\u00a0\u00bbnoovo-moi-principal\u00a0\u00bb:[\u00ab\u00a0https:\/\/www.noovomoi.ca\/en-vedette\u00a0\u00bb,\u00a0\u00bb\/\u00a0\u00bb],\u00a0\u00bbnoovomoi-footer-nav\u00a0\u00bb:[\u00ab\u00a0https:\/\/www.noovomoi.ca\/en-vedette\u00a0\u00bb,\u00a0\u00bb\/\u00a0\u00bb]},\u00a0\u00bbparent\u00a0\u00bb:{\u00ab\u00a0default\u00a0\u00bb:\u00a0\u00bbhttps:\/\/www.noovomoi.ca\/en-vedette\u00a0\u00bb,\u00a0\u00bbnoovo-moi-principal\u00a0\u00bb:\u00a0\u00bbhttps:\/\/www.noovomoi.ca\/en-vedette\u00a0\u00bb,\u00a0\u00bbnoovomoi-footer-nav\u00a0\u00bb:\u00a0\u00bbhttps:\/\/www.noovomoi.ca\/en-vedette\u00a0\u00bb},\u00a0\u00bborder\u00a0\u00bb:{\u00ab\u00a0noovo-moi-principal\u00a0\u00bb:2001,\u00a0\u00bbnoovomoi-footer-nav\u00a0\u00bb:2001},\u00a0\u00bbadverts\u00a0\u00bb:{\u00ab\u00a0disable_fluid_advert\u00a0\u00bb:\u00a0\u00bbfalse\u00a0\u00bb,\u00a0\u00bbdisable_leaderboard_adverts\u00a0\u00bb:\u00a0\u00bbfalse\u00a0\u00bb},\u00a0\u00bbjasper\u00a0\u00bb:{\u00ab\u00a0jasper_autoplay_desktop\u00a0\u00bb:\u00a0\u00bbalways\u00a0\u00bb,\u00a0\u00bbjasper_autoplay_mobile\u00a0\u00bb:\u00a0\u00bbalways\u00a0\u00bb,\u00a0\u00bbjasper_player_float_desktop\u00a0\u00bb:\u00a0\u00bbfloat\u00a0\u00bb,\u00a0\u00bbjasper_player_float_mobile\u00a0\u00bb:\u00a0\u00bbfloat\u00a0\u00bb},\u00a0\u00bbnavigation\u00a0\u00bb:{\u00ab\u00a0nav_title\u00a0\u00bb:\u00a0\u00bbActualit\u00e9s et potins\u00a0\u00bb},\u00a0\u00bbsite\u00a0\u00bb:{\u00ab\u00a0pagebuilder_path_for_native_apps\u00a0\u00bb:null,\u00a0\u00bbsite_about\u00a0\u00bb:null,\u00a0\u00bbsite_description\u00a0\u00bb:\u00a0\u00bbToutes les actualit\u00e9s et les potins du Qu\u00e9bec et d&rsquo;ailleurs\u00a0\u00bb,\u00a0\u00bbsite_keywords\u00a0\u00bb:null,\u00a0\u00bbsite_tagline\u00a0\u00bb:null,\u00a0\u00bbsite_title\u00a0\u00bb:\u00a0\u00bbActualit\u00e9s et potins\u00a0\u00bb,\u00a0\u00bbsite_url\u00a0\u00bb:null},\u00a0\u00bbsite_topper\u00a0\u00bb:{\u00ab\u00a0site_logo_image\u00a0\u00bb:null},\u00a0\u00bbsocial\u00a0\u00bb:{\u00ab\u00a0facebook\u00a0\u00bb:null,\u00a0\u00bbinstagram\u00a0\u00bb:null,\u00a0\u00bbrss\u00a0\u00bb:null,\u00a0\u00bbtwitter\u00a0\u00bb:null},\u00a0\u00bbnode_type\u00a0\u00bb:\u00a0\u00bbsection\u00a0\u00bb}}},\u00a0\u00bbsections\u00a0\u00bb:[{\u00ab\u00a0_id\u00a0\u00bb:\u00a0\u00bbhttps:\/\/www.noovomoi.ca\/en-vedette\/actualites-potins\u00a0\u00bb,\u00a0\u00bb_website\u00a0\u00bb:\u00a0\u00bbnoovo-moi\u00a0\u00bb,\u00a0\u00bbtype\u00a0\u00bb:\u00a0\u00bbsection\u00a0\u00bb,\u00a0\u00bbversion\u00a0\u00bb:\u00a0\u00bb0.6.0&Prime;,\u00a0\u00bbname\u00a0\u00bb:\u00a0\u00bbActualit\u00e9s et potins\u00a0\u00bb,\u00a0\u00bbdescription\u00a0\u00bb:\u00a0\u00bbToutes les actualit\u00e9s et les potins du Qu\u00e9bec et d&rsquo;ailleurs\u00a0\u00bb,\u00a0\u00bbpath\u00a0\u00bb:\u00a0\u00bbhttps:\/\/www.noovomoi.ca\/en-vedette\/actualites-potins\u00a0\u00bb,\u00a0\u00bbparent_id\u00a0\u00bb:\u00a0\u00bbhttps:\/\/www.noovomoi.ca\/en-vedette\u00a0\u00bb,\u00a0\u00bbparent\u00a0\u00bb:{\u00ab\u00a0default\u00a0\u00bb:\u00a0\u00bbhttps:\/\/www.noovomoi.ca\/en-vedette\u00a0\u00bb},\u00a0\u00bbadditional_properties\u00a0\u00bb:{\u00ab\u00a0original\u00a0\u00bb:{\u00ab\u00a0_id\u00a0\u00bb:\u00a0\u00bbhttps:\/\/www.noovomoi.ca\/en-vedette\/actualites-potins\u00a0\u00bb,\u00a0\u00bb_website\u00a0\u00bb:\u00a0\u00bbnoovo-moi\u00a0\u00bb,\u00a0\u00bbname\u00a0\u00bb:\u00a0\u00bbActualit\u00e9s et potins\u00a0\u00bb,\u00a0\u00bbinactive\u00a0\u00bb:false,\u00a0\u00bbancestors\u00a0\u00bb:{\u00ab\u00a0default\u00a0\u00bb:[\u00ab\u00a0https:\/\/www.noovomoi.ca\/en-vedette\u00a0\u00bb],\u00a0\u00bbnoovo-moi-principal\u00a0\u00bb:[\u00ab\u00a0https:\/\/www.noovomoi.ca\/en-vedette\u00a0\u00bb,\u00a0\u00bb\/\u00a0\u00bb],\u00a0\u00bbnoovomoi-footer-nav\u00a0\u00bb:[\u00ab\u00a0https:\/\/www.noovomoi.ca\/en-vedette\u00a0\u00bb,\u00a0\u00bb\/\u00a0\u00bb]},\u00a0\u00bbparent\u00a0\u00bb:{\u00ab\u00a0default\u00a0\u00bb:\u00a0\u00bbhttps:\/\/www.noovomoi.ca\/en-vedette\u00a0\u00bb,\u00a0\u00bbnoovo-moi-principal\u00a0\u00bb:\u00a0\u00bbhttps:\/\/www.noovomoi.ca\/en-vedette\u00a0\u00bb,\u00a0\u00bbnoovomoi-footer-nav\u00a0\u00bb:\u00a0\u00bbhttps:\/\/www.noovomoi.ca\/en-vedette\u00a0\u00bb},\u00a0\u00bborder\u00a0\u00bb:{\u00ab\u00a0noovo-moi-principal\u00a0\u00bb:2001,\u00a0\u00bbnoovomoi-footer-nav\u00a0\u00bb:2001},\u00a0\u00bbadverts\u00a0\u00bb:{\u00ab\u00a0disable_fluid_advert\u00a0\u00bb:\u00a0\u00bbfalse\u00a0\u00bb,\u00a0\u00bbdisable_leaderboard_adverts\u00a0\u00bb:\u00a0\u00bbfalse\u00a0\u00bb},\u00a0\u00bbjasper\u00a0\u00bb:{\u00ab\u00a0jasper_autoplay_desktop\u00a0\u00bb:\u00a0\u00bbalways\u00a0\u00bb,\u00a0\u00bbjasper_autoplay_mobile\u00a0\u00bb:\u00a0\u00bbalways\u00a0\u00bb,\u00a0\u00bbjasper_player_float_desktop\u00a0\u00bb:\u00a0\u00bbfloat\u00a0\u00bb,\u00a0\u00bbjasper_player_float_mobile\u00a0\u00bb:\u00a0\u00bbfloat\u00a0\u00bb},\u00a0\u00bbnavigation\u00a0\u00bb:{\u00ab\u00a0nav_title\u00a0\u00bb:\u00a0\u00bbActualit\u00e9s et potins\u00a0\u00bb},\u00a0\u00bbsite\u00a0\u00bb:{\u00ab\u00a0pagebuilder_path_for_native_apps\u00a0\u00bb:null,\u00a0\u00bbsite_about\u00a0\u00bb:null,\u00a0\u00bbsite_description\u00a0\u00bb:\u00a0\u00bbToutes les actualit\u00e9s et les potins du Qu\u00e9bec et d&rsquo;ailleurs\u00a0\u00bb,\u00a0\u00bbsite_keywords\u00a0\u00bb:null,\u00a0\u00bbsite_tagline\u00a0\u00bb:null,\u00a0\u00bbsite_title\u00a0\u00bb:\u00a0\u00bbActualit\u00e9s et potins\u00a0\u00bb,\u00a0\u00bbsite_url\u00a0\u00bb:null},\u00a0\u00bbsite_topper\u00a0\u00bb:{\u00ab\u00a0site_logo_image\u00a0\u00bb:null},\u00a0\u00bbsocial\u00a0\u00bb:{\u00ab\u00a0facebook\u00a0\u00bb:null,\u00a0\u00bbinstagram\u00a0\u00bb:null,\u00a0\u00bbrss\u00a0\u00bb:null,\u00a0\u00bbtwitter\u00a0\u00bb:null},\u00a0\u00bbnode_type\u00a0\u00bb:\u00a0\u00bbsection\u00a0\u00bb}},\u00a0\u00bb_website_section_id\u00a0\u00bb:\u00a0\u00bbnoovo-moi.\/en-vedette\/actualites-potins\u00a0\u00bb},{\u00ab\u00a0_id\u00a0\u00bb:\u00a0\u00bbhttps:\/\/www.noovomoi.ca\/en-vedette\u00a0\u00bb,\u00a0\u00bb_website\u00a0\u00bb:\u00a0\u00bbnoovo-moi\u00a0\u00bb,\u00a0\u00bbtype\u00a0\u00bb:\u00a0\u00bbsection\u00a0\u00bb,\u00a0\u00bbversion\u00a0\u00bb:\u00a0\u00bb0.6.0&Prime;,\u00a0\u00bbname\u00a0\u00bb:\u00a0\u00bbEn Vedette\u00a0\u00bb,\u00a0\u00bbdescription\u00a0\u00bb:null,\u00a0\u00bbpath\u00a0\u00bb:\u00a0\u00bbhttps:\/\/www.noovomoi.ca\/en-vedette\u00a0\u00bb,\u00a0\u00bbparent_id\u00a0\u00bb:\u00a0\u00bb\/\u00a0\u00bb,\u00a0\u00bbparent\u00a0\u00bb:{\u00ab\u00a0default\u00a0\u00bb:\u00a0\u00bb\/\u00a0\u00bb},\u00a0\u00bbadditional_properties\u00a0\u00bb:{\u00ab\u00a0original\u00a0\u00bb:{\u00ab\u00a0_id\u00a0\u00bb:\u00a0\u00bbhttps:\/\/www.noovomoi.ca\/en-vedette\u00a0\u00bb,\u00a0\u00bb_website\u00a0\u00bb:\u00a0\u00bbnoovo-moi\u00a0\u00bb,\u00a0\u00bbname\u00a0\u00bb:\u00a0\u00bbEn Vedette\u00a0\u00bb,\u00a0\u00bbinactive\u00a0\u00bb:false,\u00a0\u00bbancestors\u00a0\u00bb:{\u00ab\u00a0default\u00a0\u00bb:[\u00ab\u00a0\/\u00a0\u00bb],\u00a0\u00bbmain-nav-desktop\u00a0\u00bb:[\u00ab\u00a0\/\u00a0\u00bb],\u00a0\u00bbnoovo-moi-topnav\u00a0\u00bb:[\u00ab\u00a0\/\u00a0\u00bb],\u00a0\u00bbnoovo-moi-principal\u00a0\u00bb:[\u00ab\u00a0\/\u00a0\u00bb],\u00a0\u00bbFooter-linksbar\u00a0\u00bb:[\u00ab\u00a0\/\u00a0\u00bb],\u00a0\u00bbnovomoi-footer-nav\u00a0\u00bb:[\u00ab\u00a0\/\u00a0\u00bb],\u00a0\u00bbnoovomoi-footer-nav\u00a0\u00bb:[\u00ab\u00a0\/\u00a0\u00bb]},\u00a0\u00bbparent\u00a0\u00bb:{\u00ab\u00a0default\u00a0\u00bb:\u00a0\u00bb\/\u00a0\u00bb,\u00a0\u00bbmain-nav-desktop\u00a0\u00bb:\u00a0\u00bb\/\u00a0\u00bb,\u00a0\u00bbnoovo-moi-topnav\u00a0\u00bb:\u00a0\u00bb\/\u00a0\u00bb,\u00a0\u00bbnoovo-moi-principal\u00a0\u00bb:\u00a0\u00bb\/\u00a0\u00bb,\u00a0\u00bbFooter-linksbar\u00a0\u00bb:\u00a0\u00bb\/\u00a0\u00bb,\u00a0\u00bbnovomoi-footer-nav\u00a0\u00bb:\u00a0\u00bb\/\u00a0\u00bb,\u00a0\u00bbnoovomoi-footer-nav\u00a0\u00bb:\u00a0\u00bb\/\u00a0\u00bb},\u00a0\u00bborder\u00a0\u00bb:{\u00ab\u00a0default\u00a0\u00bb:1002,\u00a0\u00bbmain-nav-desktop\u00a0\u00bb:1001,\u00a0\u00bbnoovo-moi-topnav\u00a0\u00bb:1001,\u00a0\u00bbnoovo-moi-principal\u00a0\u00bb:1001,\u00a0\u00bbFooter-linksbar\u00a0\u00bb:1001,\u00a0\u00bbnovomoi-footer-nav\u00a0\u00bb:1001,\u00a0\u00bbnoovomoi-footer-nav\u00a0\u00bb:1001},\u00a0\u00bbadverts\u00a0\u00bb:{\u00ab\u00a0disable_fluid_advert\u00a0\u00bb:\u00a0\u00bbfalse\u00a0\u00bb,\u00a0\u00bbdisable_leaderboard_adverts\u00a0\u00bb:\u00a0\u00bbfalse\u00a0\u00bb},\u00a0\u00bbjasper\u00a0\u00bb:{\u00ab\u00a0jasper_autoplay_desktop\u00a0\u00bb:\u00a0\u00bbalways\u00a0\u00bb,\u00a0\u00bbjasper_autoplay_mobile\u00a0\u00bb:\u00a0\u00bbalways\u00a0\u00bb,\u00a0\u00bbjasper_player_float_desktop\u00a0\u00bb:\u00a0\u00bbfloat\u00a0\u00bb,\u00a0\u00bbjasper_player_float_mobile\u00a0\u00bb:\u00a0\u00bbfloat\u00a0\u00bb},\u00a0\u00bbnavigation\u00a0\u00bb:{\u00ab\u00a0nav_title\u00a0\u00bb:\u00a0\u00bbEn Vedette : les derniers potins et nouvelles des stars | Noovo Moi\u00a0\u00bb},\u00a0\u00bbsite\u00a0\u00bb:{\u00ab\u00a0pagebuilder_path_for_native_apps\u00a0\u00bb:null,\u00a0\u00bbsite_about\u00a0\u00bb:null,\u00a0\u00bbsite_description\u00a0\u00bb:null,\u00a0\u00bbsite_keywords\u00a0\u00bb:null,\u00a0\u00bbsite_tagline\u00a0\u00bb:null,\u00a0\u00bbsite_title\u00a0\u00bb:\u00a0\u00bbEn Vedette : les derniers potins et nouvelles des stars | Noovo Moi\u00a0\u00bb,\u00a0\u00bbsite_url\u00a0\u00bb:null},\u00a0\u00bbsite_topper\u00a0\u00bb:{\u00ab\u00a0site_logo_image\u00a0\u00bb:null},\u00a0\u00bbsocial\u00a0\u00bb:{\u00ab\u00a0facebook\u00a0\u00bb:null,\u00a0\u00bbinstagram\u00a0\u00bb:null,\u00a0\u00bbrss\u00a0\u00bb:null,\u00a0\u00bbtwitter\u00a0\u00bb:null},\u00a0\u00bbnode_type\u00a0\u00bb:\u00a0\u00bbsection\u00a0\u00bb}},\u00a0\u00bb_website_section_id\u00a0\u00bb:\u00a0\u00bbnoovo-moi.\/en-vedette\u00a0\u00bb}],\u00a0\u00bbseo_keywords\u00a0\u00bb:[\u00ab\u00a0Mario Pelchat\u00a0\u00bb,\u00a0\u00bbLa Voix\u00a0\u00bb],\u00a0\u00bbtags\u00a0\u00bb:[{\u00ab\u00a0_id\u00a0\u00bb:\u00a0\u00bb664QVKMTQVEQVLJSOXMHZNU7CA\u00a0\u00bb,\u00a0\u00bbdescription\u00a0\u00bb:\u00a0\u00bbTelevision \/ art-and-entertainment \/ television\u00a0\u00bb,\u00a0\u00bbslug\u00a0\u00bb:\u00a0\u00bbtelevision&#8211;art-and-entertainment&#8211;television\u00a0\u00bb,\u00a0\u00bbtext\u00a0\u00bb:\u00a0\u00bbTelevision \/ art-and-entertainment \/ television\u00a0\u00bb},{\u00ab\u00a0_id\u00a0\u00bb:\u00a0\u00bbTEUN7QM2WJFHPO4PEDC5KO2ATY\u00a0\u00bb,\u00a0\u00bbdescription\u00a0\u00bb:\u00a0\u00bbArt and Entertainment \/ art-and-entertainment\u00a0\u00bb,\u00a0\u00bbslug\u00a0\u00bb:\u00a0\u00bbart-and-entertainment&#8211;art-and-entertainment\u00a0\u00bb,\u00a0\u00bbtext\u00a0\u00bb:\u00a0\u00bbArt and Entertainment \/ art-and-entertainment\u00a0\u00bb},{\u00ab\u00a0_id\u00a0\u00bb:\u00a0\u00bb7NVDVEQ5J5CMXJS5ON3MWLHB2Y\u00a0\u00bb,\u00a0\u00bbdescription\u00a0\u00bb:\u00a0\u00bbMusic \/ art-and-entertainment \/ music\u00a0\u00bb,\u00a0\u00bbslug\u00a0\u00bb:\u00a0\u00bbmusic&#8211;art-and-entertainment&#8211;music\u00a0\u00bb,\u00a0\u00bbtext\u00a0\u00bb:\u00a0\u00bbMusic \/ art-and-entertainment \/ music\u00a0\u00bb}]},\u00a0\u00bbtype\u00a0\u00bb:\u00a0\u00bbstory\u00a0\u00bb,\u00a0\u00bbversion\u00a0\u00bb:\u00a0\u00bb0.10.11&Prime;,\u00a0\u00bbwebsites\u00a0\u00bb:{\u00ab\u00a0noovo-moi\u00a0\u00bb:{\u00ab\u00a0website_section\u00a0\u00bb:{\u00ab\u00a0_id\u00a0\u00bb:\u00a0\u00bbhttps:\/\/www.noovomoi.ca\/en-vedette\/actualites-potins\u00a0\u00bb,\u00a0\u00bb_website\u00a0\u00bb:\u00a0\u00bbnoovo-moi\u00a0\u00bb,\u00a0\u00bbtype\u00a0\u00bb:\u00a0\u00bbsection\u00a0\u00bb,\u00a0\u00bbversion\u00a0\u00bb:\u00a0\u00bb0.6.0&Prime;,\u00a0\u00bbname\u00a0\u00bb:\u00a0\u00bbActualit\u00e9s et potins\u00a0\u00bb,\u00a0\u00bbdescription\u00a0\u00bb:\u00a0\u00bbToutes les actualit\u00e9s et les potins du Qu\u00e9bec et d&rsquo;ailleurs\u00a0\u00bb,\u00a0\u00bbpath\u00a0\u00bb:\u00a0\u00bbhttps:\/\/www.noovomoi.ca\/en-vedette\/actualites-potins\u00a0\u00bb,\u00a0\u00bbparent_id\u00a0\u00bb:\u00a0\u00bbhttps:\/\/www.noovomoi.ca\/en-vedette\u00a0\u00bb,\u00a0\u00bbparent\u00a0\u00bb:{\u00ab\u00a0default\u00a0\u00bb:\u00a0\u00bbhttps:\/\/www.noovomoi.ca\/en-vedette\u00a0\u00bb},\u00a0\u00bbadditional_properties\u00a0\u00bb:{\u00ab\u00a0original\u00a0\u00bb:{\u00ab\u00a0_id\u00a0\u00bb:\u00a0\u00bbhttps:\/\/www.noovomoi.ca\/en-vedette\/actualites-potins\u00a0\u00bb,\u00a0\u00bb_website\u00a0\u00bb:\u00a0\u00bbnoovo-moi\u00a0\u00bb,\u00a0\u00bbname\u00a0\u00bb:\u00a0\u00bbActualit\u00e9s et potins\u00a0\u00bb,\u00a0\u00bbinactive\u00a0\u00bb:false,\u00a0\u00bbancestors\u00a0\u00bb:{\u00ab\u00a0default\u00a0\u00bb:[\u00ab\u00a0https:\/\/www.noovomoi.ca\/en-vedette\u00a0\u00bb],\u00a0\u00bbnoovo-moi-principal\u00a0\u00bb:[\u00ab\u00a0https:\/\/www.noovomoi.ca\/en-vedette\u00a0\u00bb,\u00a0\u00bb\/\u00a0\u00bb],\u00a0\u00bbnoovomoi-footer-nav\u00a0\u00bb:[\u00ab\u00a0https:\/\/www.noovomoi.ca\/en-vedette\u00a0\u00bb,\u00a0\u00bb\/\u00a0\u00bb]},\u00a0\u00bbparent\u00a0\u00bb:{\u00ab\u00a0default\u00a0\u00bb:\u00a0\u00bbhttps:\/\/www.noovomoi.ca\/en-vedette\u00a0\u00bb,\u00a0\u00bbnoovo-moi-principal\u00a0\u00bb:\u00a0\u00bbhttps:\/\/www.noovomoi.ca\/en-vedette\u00a0\u00bb,\u00a0\u00bbnoovomoi-footer-nav\u00a0\u00bb:\u00a0\u00bbhttps:\/\/www.noovomoi.ca\/en-vedette\u00a0\u00bb},\u00a0\u00bborder\u00a0\u00bb:{\u00ab\u00a0noovo-moi-principal\u00a0\u00bb:2001,\u00a0\u00bbnoovomoi-footer-nav\u00a0\u00bb:2001},\u00a0\u00bbadverts\u00a0\u00bb:{\u00ab\u00a0disable_fluid_advert\u00a0\u00bb:\u00a0\u00bbfalse\u00a0\u00bb,\u00a0\u00bbdisable_leaderboard_adverts\u00a0\u00bb:\u00a0\u00bbfalse\u00a0\u00bb},\u00a0\u00bbjasper\u00a0\u00bb:{\u00ab\u00a0jasper_autoplay_desktop\u00a0\u00bb:\u00a0\u00bbalways\u00a0\u00bb,\u00a0\u00bbjasper_autoplay_mobile\u00a0\u00bb:\u00a0\u00bbalways\u00a0\u00bb,\u00a0\u00bbjasper_player_float_desktop\u00a0\u00bb:\u00a0\u00bbfloat\u00a0\u00bb,\u00a0\u00bbjasper_player_float_mobile\u00a0\u00bb:\u00a0\u00bbfloat\u00a0\u00bb},\u00a0\u00bbnavigation\u00a0\u00bb:{\u00ab\u00a0nav_title\u00a0\u00bb:\u00a0\u00bbActualit\u00e9s et potins\u00a0\u00bb},\u00a0\u00bbsite\u00a0\u00bb:{\u00ab\u00a0pagebuilder_path_for_native_apps\u00a0\u00bb:null,\u00a0\u00bbsite_about\u00a0\u00bb:null,\u00a0\u00bbsite_description\u00a0\u00bb:\u00a0\u00bbToutes les actualit\u00e9s et les potins du Qu\u00e9bec et d&rsquo;ailleurs\u00a0\u00bb,\u00a0\u00bbsite_keywords\u00a0\u00bb:null,\u00a0\u00bbsite_tagline\u00a0\u00bb:null,\u00a0\u00bbsite_title\u00a0\u00bb:\u00a0\u00bbActualit\u00e9s et potins\u00a0\u00bb,\u00a0\u00bbsite_url\u00a0\u00bb:null},\u00a0\u00bbsite_topper\u00a0\u00bb:{\u00ab\u00a0site_logo_image\u00a0\u00bb:null},\u00a0\u00bbsocial\u00a0\u00bb:{\u00ab\u00a0facebook\u00a0\u00bb:null,\u00a0\u00bbinstagram\u00a0\u00bb:null,\u00a0\u00bbrss\u00a0\u00bb:null,\u00a0\u00bbtwitter\u00a0\u00bb:null},\u00a0\u00bbnode_type\u00a0\u00bb:\u00a0\u00bbsection\u00a0\u00bb}},\u00a0\u00bb_website_section_id\u00a0\u00bb:\u00a0\u00bbnoovo-moi.\/en-vedette\/actualites-potins\u00a0\u00bb},\u00a0\u00bbwebsite_url\u00a0\u00bb:\u00a0\u00bbhttps:\/\/www.noovomoi.ca\/en-vedette\/actualites-potins\/article\/saga-la-voix-mario-pelchat-prend-parole-publiquement\/\u00a0\u00bb}},\u00a0\u00bbworkflow\u00a0\u00bb:{\u00ab\u00a0status_code\u00a0\u00bb:3},\u00a0\u00bbcanonical_url\u00a0\u00bb:\u00a0\u00bbhttps:\/\/www.noovomoi.ca\/en-vedette\/actualites-potins\/article\/saga-la-voix-mario-pelchat-prend-parole-publiquement\/\u00a0\u00bb,\u00a0\u00bbpublishing\u00a0\u00bb:{\u00ab\u00a0scheduled_operations\u00a0\u00bb:{\u00ab\u00a0publish_edition\u00a0\u00bb:[],\u00a0\u00bbunpublish_edition\u00a0\u00bb:[]}},\u00a0\u00bbwebsite\u00a0\u00bb:\u00a0\u00bbnoovo-moi\u00a0\u00bb,\u00a0\u00bbwebsite_url\u00a0\u00bb:\u00a0\u00bbhttps:\/\/www.noovomoi.ca\/en-vedette\/actualites-potins\/article\/saga-la-voix-mario-pelchat-prend-parole-publiquement\/\u00a0\u00bb};Fusion.globalContentConfig={\u00ab\u00a0source\u00a0\u00bb:\u00a0\u00bbcontent-api\u00a0\u00bb,\u00a0\u00bbquery\u00a0\u00bb:{\u00ab\u00a0uri\u00a0\u00bb:\u00a0\u00bbhttps:\/\/www.noovomoi.ca\/en-vedette\/actualites-potins\/article\/saga-la-voix-mario-pelchat-prend-parole-publiquement\/\u00a0\u00bb,\u00a0\u00bbwebsite_url\u00a0\u00bb:\u00a0\u00bbhttps:\/\/www.noovomoi.ca\/en-vedette\/actualites-potins\/article\/saga-la-voix-mario-pelchat-prend-parole-publiquement\/\u00a0\u00bb,\u00a0\u00bbarc-site\u00a0\u00bb:\u00a0\u00bbnoovo-moi\u00a0\u00bb}};Fusion.lastModified=1773798329967;Fusion.contentCache={\u00ab\u00a0signing-service\u00a0\u00bb:{\u00ab\u00a0{\\\u00a0\u00bbid\\\u00a0\u00bb:\\\u00a0\u00bbhttps:\/\/static.themebuilder.aws.arc.pub\/bellmediainc-sandbox\/1741358322950.svg\\\u00a0\u00bb}\u00a0\u00bb:{\u00ab\u00a0data\u00a0\u00bb:{\u00ab\u00a0hash\u00a0\u00bb:\u00a0\u00bbe92306b1f9d6b28306f7d6b3dd074e74d562a88823f1f990bf16bb6e6de411dc\u00a0\u00bb,\u00a0\u00bbtype\u00a0\u00bb:\u00a0\u00bbsha256&Prime;,\u00a0\u00bb_id\u00a0\u00bb:\u00a0\u00bbe127a0881a239ce940c1e9463956142df67ca384878b67a8263904436748c1c4&Prime;},\u00a0\u00bbexpires\u00a0\u00bb:1805334256587,\u00a0\u00bblastModified\u00a0\u00bb:1773798256502}},\u00a0\u00bbsite-service-hierarchy\u00a0\u00bb:{\u00ab\u00a0{\\\u00a0\u00bbfeature\\\u00a0\u00bb:\\\u00a0\u00bbheader-nav-chain\\\u00a0\u00bb,\\\u00a0\u00bbhierarchy\\\u00a0\u00bb:\\\u00a0\u00bbnoovo-moi-principal\\\u00a0\u00bb}\u00a0\u00bb:{\u00ab\u00a0data\u00a0\u00bb:{\u00ab\u00a0children\u00a0\u00bb:[{\u00ab\u00a0_id\u00a0\u00bb:\u00a0\u00bbhttps:\/\/www.noovomoi.ca\/en-vedette\u00a0\u00bb,\u00a0\u00bbchildren\u00a0\u00bb:[{\u00ab\u00a0_id\u00a0\u00bb:\u00a0\u00bbhttps:\/\/www.noovomoi.ca\/en-vedette\/actualites-potins\u00a0\u00bb,\u00a0\u00bbname\u00a0\u00bb:\u00a0\u00bbActualit\u00e9s et potins\u00a0\u00bb,\u00a0\u00bbnode_type\u00a0\u00bb:\u00a0\u00bbsection\u00a0\u00bb},{\u00ab\u00a0_id\u00a0\u00bb:\u00a0\u00bbhttps:\/\/www.noovomoi.ca\/en-vedette\/dans-vos-ecrans\u00a0\u00bb,\u00a0\u00bbname\u00a0\u00bb:\u00a0\u00bbDans vos \u00e9crans\u00a0\u00bb,\u00a0\u00bbnode_type\u00a0\u00bb:\u00a0\u00bbsection\u00a0\u00bb},{\u00ab\u00a0_id\u00a0\u00bb:\u00a0\u00bbhttps:\/\/www.noovomoi.ca\/en-vedette\/spectacles-tapis-rouges\u00a0\u00bb,\u00a0\u00bbname\u00a0\u00bb:\u00a0\u00bbSpectacles et tapis rouges\u00a0\u00bb,\u00a0\u00bbnode_type\u00a0\u00bb:\u00a0\u00bbsection\u00a0\u00bb},{\u00ab\u00a0_id\u00a0\u00bb:\u00a0\u00bbhttps:\/\/www.noovomoi.ca\/en-vedette\/artistes\u00a0\u00bb,\u00a0\u00bbname\u00a0\u00bb:\u00a0\u00bbArtistes\u00a0\u00bb,\u00a0\u00bbnode_type\u00a0\u00bb:\u00a0\u00bbsection\u00a0\u00bb}],\u00a0\u00bbname\u00a0\u00bb:\u00a0\u00bbEn Vedette\u00a0\u00bb,\u00a0\u00bbnavigation\u00a0\u00bb:{},\u00a0\u00bbnode_type\u00a0\u00bb:\u00a0\u00bbsection\u00a0\u00bb},{\u00ab\u00a0_id\u00a0\u00bb:\u00a0\u00bbhttps:\/\/www.noovomoi.ca\/horoscope\u00a0\u00bb,\u00a0\u00bbchildren\u00a0\u00bb:[{\u00ab\u00a0_id\u00a0\u00bb:\u00a0\u00bbhttps:\/\/www.noovomoi.ca\/horoscope\/traditionnel\u00a0\u00bb,\u00a0\u00bbname\u00a0\u00bb:\u00a0\u00bbTraditionnel\u00a0\u00bb,\u00a0\u00bbnode_type\u00a0\u00bb:\u00a0\u00bbsection\u00a0\u00bb},{\u00ab\u00a0_id\u00a0\u00bb:\u00a0\u00bbhttps:\/\/www.noovomoi.ca\/horoscope\/chinois\u00a0\u00bb,\u00a0\u00bbname\u00a0\u00bb:\u00a0\u00bbChinois\u00a0\u00bb,\u00a0\u00bbnode_type\u00a0\u00bb:\u00a0\u00bbsection\u00a0\u00bb},{\u00ab\u00a0_id\u00a0\u00bb:\u00a0\u00bbhttps:\/\/www.noovomoi.ca\/horoscope\/numerologie\u00a0\u00bb,\u00a0\u00bbname\u00a0\u00bb:\u00a0\u00bbNum\u00e9rologie\u00a0\u00bb,\u00a0\u00bbnode_type\u00a0\u00bb:\u00a0\u00bbsection\u00a0\u00bb},{\u00ab\u00a0_id\u00a0\u00bb:\u00a0\u00bbhttps:\/\/www.noovomoi.ca\/horoscope\/lunes-planetes\u00a0\u00bb,\u00a0\u00bbname\u00a0\u00bb:\u00a0\u00bbLunes et plan\u00e8tes\u00a0\u00bb,\u00a0\u00bbnode_type\u00a0\u00bb:\u00a0\u00bbsection\u00a0\u00bb}],\u00a0\u00bbname\u00a0\u00bb:\u00a0\u00bbHoroscope\u00a0\u00bb,\u00a0\u00bbnavigation\u00a0\u00bb:{},\u00a0\u00bbnode_type\u00a0\u00bb:\u00a0\u00bbsection\u00a0\u00bb},{\u00ab\u00a0_id\u00a0\u00bb:\u00a0\u00bbhttps:\/\/www.noovomoi.ca\/cuisiner\u00a0\u00bb,\u00a0\u00bbchildren\u00a0\u00bb:[{\u00ab\u00a0_id\u00a0\u00bb:\u00a0\u00bbhttps:\/\/www.noovomoi.ca\/cuisiner\/recettes\u00a0\u00bb,\u00a0\u00bbname\u00a0\u00bb:\u00a0\u00bbRecettes\u00a0\u00bb,\u00a0\u00bbnode_type\u00a0\u00bb:\u00a0\u00bbsection\u00a0\u00bb},{\u00ab\u00a0_id\u00a0\u00bb:\u00a0\u00bbhttps:\/\/www.noovomoi.ca\/cuisiner\/trucs-inspirations\u00a0\u00bb,\u00a0\u00bbname\u00a0\u00bb:\u00a0\u00bbTrucs et inspirations\u00a0\u00bb,\u00a0\u00bbnode_type\u00a0\u00bb:\u00a0\u00bbsection\u00a0\u00bb}],\u00a0\u00bbname\u00a0\u00bb:\u00a0\u00bbCuisiner\u00a0\u00bb,\u00a0\u00bbnavigation\u00a0\u00bb:{},\u00a0\u00bbnode_type\u00a0\u00bb:\u00a0\u00bbsection\u00a0\u00bb},{\u00ab\u00a0_id\u00a0\u00bb:\u00a0\u00bbhttps:\/\/www.noovomoi.ca\/vie-relations\u00a0\u00bb,\u00a0\u00bbchildren\u00a0\u00bb:[{\u00ab\u00a0_id\u00a0\u00bb:\u00a0\u00bbhttps:\/\/www.noovomoi.ca\/vie-relations\/famille\u00a0\u00bb,\u00a0\u00bbname\u00a0\u00bb:\u00a0\u00bbFamille\u00a0\u00bb,\u00a0\u00bbnode_type\u00a0\u00bb:\u00a0\u00bbsection\u00a0\u00bb},{\u00ab\u00a0_id\u00a0\u00bb:\u00a0\u00bbhttps:\/\/www.noovomoi.ca\/vie-relations\/couple-sexualite\u00a0\u00bb,\u00a0\u00bbname\u00a0\u00bb:\u00a0\u00bbCouple et sexualit\u00e9\u00a0\u00bb,\u00a0\u00bbnode_type\u00a0\u00bb:\u00a0\u00bbsection\u00a0\u00bb},{\u00ab\u00a0_id\u00a0\u00bb:\u00a0\u00bbhttps:\/\/www.noovomoi.ca\/vie-relations\/temoignages\u00a0\u00bb,\u00a0\u00bbname\u00a0\u00bb:\u00a0\u00bbT\u00e9moignages\u00a0\u00bb,\u00a0\u00bbnode_type\u00a0\u00bb:\u00a0\u00bbsection\u00a0\u00bb},{\u00ab\u00a0_id\u00a0\u00bb:\u00a0\u00bbhttps:\/\/www.noovomoi.ca\/vie-relations\/sante\u00a0\u00bb,\u00a0\u00bbname\u00a0\u00bb:\u00a0\u00bbSant\u00e9\u00a0\u00bb,\u00a0\u00bbnode_type\u00a0\u00bb:\u00a0\u00bbsection\u00a0\u00bb}],\u00a0\u00bbname\u00a0\u00bb:\u00a0\u00bbVie et relations\u00a0\u00bb,\u00a0\u00bbnavigation\u00a0\u00bb:{},\u00a0\u00bbnode_type\u00a0\u00bb:\u00a0\u00bbsection\u00a0\u00bb},{\u00ab\u00a0_id\u00a0\u00bb:\u00a0\u00bbhttps:\/\/www.noovomoi.ca\/tendances\u00a0\u00bb,\u00a0\u00bbchildren\u00a0\u00bb:[{\u00ab\u00a0_id\u00a0\u00bb:\u00a0\u00bbhttps:\/\/www.noovomoi.ca\/tendances\/mode\u00a0\u00bb,\u00a0\u00bbname\u00a0\u00bb:\u00a0\u00bbMode\u00a0\u00bb,\u00a0\u00bbnode_type\u00a0\u00bb:\u00a0\u00bbsection\u00a0\u00bb},{\u00ab\u00a0_id\u00a0\u00bb:\u00a0\u00bbhttps:\/\/www.noovomoi.ca\/tendances\/beaute\u00a0\u00bb,\u00a0\u00bbname\u00a0\u00bb:\u00a0\u00bbBeaut\u00e9\u00a0\u00bb,\u00a0\u00bbnode_type\u00a0\u00bb:\u00a0\u00bbsection\u00a0\u00bb},{\u00ab\u00a0_id\u00a0\u00bb:\u00a0\u00bbhttps:\/\/www.noovomoi.ca\/tendances\/maison\u00a0\u00bb,\u00a0\u00bbname\u00a0\u00bb:\u00a0\u00bbMaison\u00a0\u00bb,\u00a0\u00bbnode_type\u00a0\u00bb:\u00a0\u00bbsection\u00a0\u00bb},{\u00ab\u00a0_id\u00a0\u00bb:\u00a0\u00bbhttps:\/\/www.noovomoi.ca\/tendances\/rabais-epargnes\u00a0\u00bb,\u00a0\u00bbname\u00a0\u00bb:\u00a0\u00bbRabais et \u00e9pargnes\u00a0\u00bb,\u00a0\u00bbnode_type\u00a0\u00bb:\u00a0\u00bbsection\u00a0\u00bb},{\u00ab\u00a0_id\u00a0\u00bb:\u00a0\u00bbhttps:\/\/www.noovomoi.ca\/tendances\/infos-pratiques\u00a0\u00bb,\u00a0\u00bbname\u00a0\u00bb:\u00a0\u00bbInfos pratiques\u00a0\u00bb,\u00a0\u00bbnode_type\u00a0\u00bb:\u00a0\u00bbsection\u00a0\u00bb},{\u00ab\u00a0_id\u00a0\u00bb:\u00a0\u00bbhttps:\/\/www.noovomoi.ca\/tendances\/shopping\u00a0\u00bb,\u00a0\u00bbname\u00a0\u00bb:\u00a0\u00bbShopping\u00a0\u00bb,\u00a0\u00bbnode_type\u00a0\u00bb:\u00a0\u00bbsection\u00a0\u00bb}],\u00a0\u00bbname\u00a0\u00bb:\u00a0\u00bbTendances\u00a0\u00bb,\u00a0\u00bbnavigation\u00a0\u00bb:{},\u00a0\u00bbnode_type\u00a0\u00bb:\u00a0\u00bbsection\u00a0\u00bb},{\u00ab\u00a0_id\u00a0\u00bb:\u00a0\u00bbhttps:\/\/www.noovomoi.ca\/voyages-sorties\u00a0\u00bb,\u00a0\u00bbchildren\u00a0\u00bb:[{\u00ab\u00a0_id\u00a0\u00bb:\u00a0\u00bbhttps:\/\/www.noovomoi.ca\/voyages-sorties\/destinations-conseils\u00a0\u00bb,\u00a0\u00bbname\u00a0\u00bb:\u00a0\u00bbDestinations et conseils\u00a0\u00bb,\u00a0\u00bbnode_type\u00a0\u00bb:\u00a0\u00bbsection\u00a0\u00bb},{\u00ab\u00a0_id\u00a0\u00bb:\u00a0\u00bbhttps:\/\/www.noovomoi.ca\/voyages-sorties\/sortir\u00a0\u00bb,\u00a0\u00bbname\u00a0\u00bb:\u00a0\u00bbSortir\u00a0\u00bb,\u00a0\u00bbnode_type\u00a0\u00bb:\u00a0\u00bbsection\u00a0\u00bb}],\u00a0\u00bbname\u00a0\u00bb:\u00a0\u00bbVoyages et sorties\u00a0\u00bb,\u00a0\u00bbnavigation\u00a0\u00bb:{},\u00a0\u00bbnode_type\u00a0\u00bb:\u00a0\u00bbsection\u00a0\u00bb},{\u00ab\u00a0_id\u00a0\u00bb:\u00a0\u00bbhttps:\/\/www.noovomoi.ca\/videos\u00a0\u00bb,\u00a0\u00bbchildren\u00a0\u00bb:[],\u00a0\u00bbname\u00a0\u00bb:\u00a0\u00bbVid\u00e9os\u00a0\u00bb,\u00a0\u00bbnavigation\u00a0\u00bb:{},\u00a0\u00bbnode_type\u00a0\u00bb:\u00a0\u00bbsection\u00a0\u00bb},{\u00ab\u00a0_id\u00a0\u00bb:\u00a0\u00bbhttps:\/\/www.noovomoi.ca\/dossiers\u00a0\u00bb,\u00a0\u00bbchildren\u00a0\u00bb:[],\u00a0\u00bbname\u00a0\u00bb:\u00a0\u00bbDossiers\u00a0\u00bb,\u00a0\u00bbnavigation\u00a0\u00bb:{},\u00a0\u00bbnode_type\u00a0\u00bb:\u00a0\u00bbsection\u00a0\u00bb},{\u00ab\u00a0_id\u00a0\u00bb:\u00a0\u00bbhttps:\/\/www.noovomoi.ca\/contactez-nous\u00a0\u00bb,\u00a0\u00bbchildren\u00a0\u00bb:[],\u00a0\u00bbname\u00a0\u00bb:\u00a0\u00bbContactez-nous\u00a0\u00bb,\u00a0\u00bbnavigation\u00a0\u00bb:{},\u00a0\u00bbnode_type\u00a0\u00bb:\u00a0\u00bbsection\u00a0\u00bb},{\u00ab\u00a0_id\u00a0\u00bb:\u00a0\u00bbhttps:\/\/www.noovomoi.ca\/infolettre\/abonnement\u00a0\u00bb,\u00a0\u00bbchildren\u00a0\u00bb:[],\u00a0\u00bbname\u00a0\u00bb:\u00a0\u00bbInfolettre\u00a0\u00bb,\u00a0\u00bbnavigation\u00a0\u00bb:{},\u00a0\u00bbnode_type\u00a0\u00bb:\u00a0\u00bbsection\u00a0\u00bb}],\u00a0\u00bb_id\u00a0\u00bb:\u00a0\u00bb\/\u00a0\u00bb},\u00a0\u00bbexpires\u00a0\u00bb:1773798388172,\u00a0\u00bblastModified\u00a0\u00bb:1773798088099},\u00a0\u00bb{\\\u00a0\u00bbfeature\\\u00a0\u00bb:\\\u00a0\u00bblinks-bar\\\u00a0\u00bb,\\\u00a0\u00bbhierarchy\\\u00a0\u00bb:\\\u00a0\u00bbnoovo-moi-topnav\\\u00a0\u00bb}\u00a0\u00bb:{\u00ab\u00a0data\u00a0\u00bb:{\u00ab\u00a0children\u00a0\u00bb:[{\u00ab\u00a0_id\u00a0\u00bb:\u00a0\u00bbhttps:\/\/www.noovomoi.ca\/en-vedette\u00a0\u00bb,\u00a0\u00bbname\u00a0\u00bb:\u00a0\u00bbEn Vedette\u00a0\u00bb,\u00a0\u00bbnode_type\u00a0\u00bb:\u00a0\u00bbsection\u00a0\u00bb},{\u00ab\u00a0_id\u00a0\u00bb:\u00a0\u00bbhttps:\/\/www.noovomoi.ca\/horoscope\u00a0\u00bb,\u00a0\u00bbname\u00a0\u00bb:\u00a0\u00bbHoroscope\u00a0\u00bb,\u00a0\u00bbnode_type\u00a0\u00bb:\u00a0\u00bbsection\u00a0\u00bb},{\u00ab\u00a0_id\u00a0\u00bb:\u00a0\u00bbhttps:\/\/www.noovomoi.ca\/cuisiner\u00a0\u00bb,\u00a0\u00bbname\u00a0\u00bb:\u00a0\u00bbCuisiner\u00a0\u00bb,\u00a0\u00bbnode_type\u00a0\u00bb:\u00a0\u00bbsection\u00a0\u00bb},{\u00ab\u00a0_id\u00a0\u00bb:\u00a0\u00bbhttps:\/\/www.noovomoi.ca\/tendances\/shopping\u00a0\u00bb,\u00a0\u00bbname\u00a0\u00bb:\u00a0\u00bbShopping\u00a0\u00bb,\u00a0\u00bbnode_type\u00a0\u00bb:\u00a0\u00bbsection\u00a0\u00bb},{\u00ab\u00a0_id\u00a0\u00bb:\u00a0\u00bbhttps:\/\/www.noovomoi.ca\/vie-relations\u00a0\u00bb,\u00a0\u00bbname\u00a0\u00bb:\u00a0\u00bbVie et relations\u00a0\u00bb,\u00a0\u00bbnode_type\u00a0\u00bb:\u00a0\u00bbsection\u00a0\u00bb},{\u00ab\u00a0_id\u00a0\u00bb:\u00a0\u00bbhttps:\/\/www.noovomoi.ca\/tendances\u00a0\u00bb,\u00a0\u00bbname\u00a0\u00bb:\u00a0\u00bbTendances\u00a0\u00bb,\u00a0\u00bbnode_type\u00a0\u00bb:\u00a0\u00bbsection\u00a0\u00bb},{\u00ab\u00a0_id\u00a0\u00bb:\u00a0\u00bbhttps:\/\/www.noovomoi.ca\/voyages-sorties\u00a0\u00bb,\u00a0\u00bbname\u00a0\u00bb:\u00a0\u00bbVoyages et sorties\u00a0\u00bb,\u00a0\u00bbnode_type\u00a0\u00bb:\u00a0\u00bbsection\u00a0\u00bb}],\u00a0\u00bb_id\u00a0\u00bb:\u00a0\u00bb\/\u00a0\u00bb},\u00a0\u00bbexpires\u00a0\u00bb:1773798509645,\u00a0\u00bblastModified\u00a0\u00bb:1773798209582},\u00a0\u00bb{\\\u00a0\u00bbhierarchy\\\u00a0\u00bb:\\\u00a0\u00bb\\\u00a0\u00bb}\u00a0\u00bb:{\u00ab\u00a0data\u00a0\u00bb:{\u00ab\u00a0children\u00a0\u00bb:[{\u00ab\u00a0_id\u00a0\u00bb:\u00a0\u00bb\/contenu-commandite\u00a0\u00bb,\u00a0\u00bbchildren\u00a0\u00bb:[],\u00a0\u00bbname\u00a0\u00bb:\u00a0\u00bbContenu commandit\u00e9\u00a0\u00bb,\u00a0\u00bbnavigation\u00a0\u00bb:{},\u00a0\u00bbnode_type\u00a0\u00bb:\u00a0\u00bbsection\u00a0\u00bb},{\u00ab\u00a0_id\u00a0\u00bb:\u00a0\u00bbhttps:\/\/www.noovomoi.ca\/en-vedette\u00a0\u00bb,\u00a0\u00bbchildren\u00a0\u00bb:[{\u00ab\u00a0_id\u00a0\u00bb:\u00a0\u00bbhttps:\/\/www.noovomoi.ca\/en-vedette\/actualites-potins\u00a0\u00bb,\u00a0\u00bbname\u00a0\u00bb:\u00a0\u00bbActualit\u00e9s et potins\u00a0\u00bb,\u00a0\u00bbnode_type\u00a0\u00bb:\u00a0\u00bbsection\u00a0\u00bb},{\u00ab\u00a0_id\u00a0\u00bb:\u00a0\u00bbhttps:\/\/www.noovomoi.ca\/en-vedette\/dans-vos-ecrans\u00a0\u00bb,\u00a0\u00bbname\u00a0\u00bb:\u00a0\u00bbDans vos \u00e9crans\u00a0\u00bb,\u00a0\u00bbnode_type\u00a0\u00bb:\u00a0\u00bbsection\u00a0\u00bb},{\u00ab\u00a0_id\u00a0\u00bb:\u00a0\u00bbhttps:\/\/www.noovomoi.ca\/en-vedette\/spectacles-tapis-rouges\u00a0\u00bb,\u00a0\u00bbname\u00a0\u00bb:\u00a0\u00bbSpectacles et tapis rouges\u00a0\u00bb,\u00a0\u00bbnode_type\u00a0\u00bb:\u00a0\u00bbsection\u00a0\u00bb},{\u00ab\u00a0_id\u00a0\u00bb:\u00a0\u00bbhttps:\/\/www.noovomoi.ca\/en-vedette\/artistes\u00a0\u00bb,\u00a0\u00bbname\u00a0\u00bb:\u00a0\u00bbArtistes\u00a0\u00bb,\u00a0\u00bbnode_type\u00a0\u00bb:\u00a0\u00bbsection\u00a0\u00bb}],\u00a0\u00bbname\u00a0\u00bb:\u00a0\u00bbEn Vedette\u00a0\u00bb,\u00a0\u00bbnavigation\u00a0\u00bb:{},\u00a0\u00bbnode_type\u00a0\u00bb:\u00a0\u00bbsection\u00a0\u00bb},{\u00ab\u00a0_id\u00a0\u00bb:\u00a0\u00bbhttps:\/\/www.noovomoi.ca\/horoscope\u00a0\u00bb,\u00a0\u00bbchildren\u00a0\u00bb:[{\u00ab\u00a0_id\u00a0\u00bb:\u00a0\u00bbhttps:\/\/www.noovomoi.ca\/horoscope\/traditionnel\u00a0\u00bb,\u00a0\u00bbname\u00a0\u00bb:\u00a0\u00bbTraditionnel\u00a0\u00bb,\u00a0\u00bbnode_type\u00a0\u00bb:\u00a0\u00bbsection\u00a0\u00bb},{\u00ab\u00a0_id\u00a0\u00bb:\u00a0\u00bbhttps:\/\/www.noovomoi.ca\/horoscope\/chinois\u00a0\u00bb,\u00a0\u00bbname\u00a0\u00bb:\u00a0\u00bbChinois\u00a0\u00bb,\u00a0\u00bbnode_type\u00a0\u00bb:\u00a0\u00bbsection\u00a0\u00bb},{\u00ab\u00a0_id\u00a0\u00bb:\u00a0\u00bbhttps:\/\/www.noovomoi.ca\/horoscope\/numerologie\u00a0\u00bb,\u00a0\u00bbname\u00a0\u00bb:\u00a0\u00bbNum\u00e9rologie\u00a0\u00bb,\u00a0\u00bbnode_type\u00a0\u00bb:\u00a0\u00bbsection\u00a0\u00bb},{\u00ab\u00a0_id\u00a0\u00bb:\u00a0\u00bbhttps:\/\/www.noovomoi.ca\/horoscope\/lunes-planetes\u00a0\u00bb,\u00a0\u00bbname\u00a0\u00bb:\u00a0\u00bbLunes et plan\u00e8tes\u00a0\u00bb,\u00a0\u00bbnode_type\u00a0\u00bb:\u00a0\u00bbsection\u00a0\u00bb}],\u00a0\u00bbname\u00a0\u00bb:\u00a0\u00bbHoroscope\u00a0\u00bb,\u00a0\u00bbnavigation\u00a0\u00bb:{},\u00a0\u00bbnode_type\u00a0\u00bb:\u00a0\u00bbsection\u00a0\u00bb},{\u00ab\u00a0_id\u00a0\u00bb:\u00a0\u00bbhttps:\/\/www.noovomoi.ca\/cuisiner\u00a0\u00bb,\u00a0\u00bbchildren\u00a0\u00bb:[{\u00ab\u00a0_id\u00a0\u00bb:\u00a0\u00bbhttps:\/\/www.noovomoi.ca\/cuisiner\/recettes\u00a0\u00bb,\u00a0\u00bbname\u00a0\u00bb:\u00a0\u00bbRecettes\u00a0\u00bb,\u00a0\u00bbnode_type\u00a0\u00bb:\u00a0\u00bbsection\u00a0\u00bb},{\u00ab\u00a0_id\u00a0\u00bb:\u00a0\u00bbhttps:\/\/www.noovomoi.ca\/cuisiner\/trucs-inspirations\u00a0\u00bb,\u00a0\u00bbname\u00a0\u00bb:\u00a0\u00bbTrucs et inspirations\u00a0\u00bb,\u00a0\u00bbnode_type\u00a0\u00bb:\u00a0\u00bbsection\u00a0\u00bb}],\u00a0\u00bbname\u00a0\u00bb:\u00a0\u00bbCuisiner\u00a0\u00bb,\u00a0\u00bbnavigation\u00a0\u00bb:{},\u00a0\u00bbnode_type\u00a0\u00bb:\u00a0\u00bbsection\u00a0\u00bb},{\u00ab\u00a0_id\u00a0\u00bb:\u00a0\u00bbhttps:\/\/www.noovomoi.ca\/vie-relations\u00a0\u00bb,\u00a0\u00bbchildren\u00a0\u00bb:[{\u00ab\u00a0_id\u00a0\u00bb:\u00a0\u00bbhttps:\/\/www.noovomoi.ca\/vie-relations\/famille\u00a0\u00bb,\u00a0\u00bbname\u00a0\u00bb:\u00a0\u00bbFamille\u00a0\u00bb,\u00a0\u00bbnode_type\u00a0\u00bb:\u00a0\u00bbsection\u00a0\u00bb},{\u00ab\u00a0_id\u00a0\u00bb:\u00a0\u00bbhttps:\/\/www.noovomoi.ca\/vie-relations\/couple-sexualite\u00a0\u00bb,\u00a0\u00bbname\u00a0\u00bb:\u00a0\u00bbCouple et sexualit\u00e9\u00a0\u00bb,\u00a0\u00bbnode_type\u00a0\u00bb:\u00a0\u00bbsection\u00a0\u00bb},{\u00ab\u00a0_id\u00a0\u00bb:\u00a0\u00bbhttps:\/\/www.noovomoi.ca\/vie-relations\/temoignages\u00a0\u00bb,\u00a0\u00bbname\u00a0\u00bb:\u00a0\u00bbT\u00e9moignages\u00a0\u00bb,\u00a0\u00bbnode_type\u00a0\u00bb:\u00a0\u00bbsection\u00a0\u00bb},{\u00ab\u00a0_id\u00a0\u00bb:\u00a0\u00bbhttps:\/\/www.noovomoi.ca\/vie-relations\/sante\u00a0\u00bb,\u00a0\u00bbname\u00a0\u00bb:\u00a0\u00bbSant\u00e9\u00a0\u00bb,\u00a0\u00bbnode_type\u00a0\u00bb:\u00a0\u00bbsection\u00a0\u00bb}],\u00a0\u00bbname\u00a0\u00bb:\u00a0\u00bbVie et relations\u00a0\u00bb,\u00a0\u00bbnavigation\u00a0\u00bb:{},\u00a0\u00bbnode_type\u00a0\u00bb:\u00a0\u00bbsection\u00a0\u00bb},{\u00ab\u00a0_id\u00a0\u00bb:\u00a0\u00bbhttps:\/\/www.noovomoi.ca\/tendances\u00a0\u00bb,\u00a0\u00bbchildren\u00a0\u00bb:[{\u00ab\u00a0_id\u00a0\u00bb:\u00a0\u00bbhttps:\/\/www.noovomoi.ca\/tendances\/mode\u00a0\u00bb,\u00a0\u00bbname\u00a0\u00bb:\u00a0\u00bbMode\u00a0\u00bb,\u00a0\u00bbnode_type\u00a0\u00bb:\u00a0\u00bbsection\u00a0\u00bb},{\u00ab\u00a0_id\u00a0\u00bb:\u00a0\u00bbhttps:\/\/www.noovomoi.ca\/tendances\/beaute\u00a0\u00bb,\u00a0\u00bbname\u00a0\u00bb:\u00a0\u00bbBeaut\u00e9\u00a0\u00bb,\u00a0\u00bbnode_type\u00a0\u00bb:\u00a0\u00bbsection\u00a0\u00bb},{\u00ab\u00a0_id\u00a0\u00bb:\u00a0\u00bbhttps:\/\/www.noovomoi.ca\/tendances\/maison\u00a0\u00bb,\u00a0\u00bbname\u00a0\u00bb:\u00a0\u00bbMaison\u00a0\u00bb,\u00a0\u00bbnode_type\u00a0\u00bb:\u00a0\u00bbsection\u00a0\u00bb},{\u00ab\u00a0_id\u00a0\u00bb:\u00a0\u00bbhttps:\/\/www.noovomoi.ca\/tendances\/rabais-epargnes\u00a0\u00bb,\u00a0\u00bbname\u00a0\u00bb:\u00a0\u00bbRabais et \u00e9pargnes\u00a0\u00bb,\u00a0\u00bbnode_type\u00a0\u00bb:\u00a0\u00bbsection\u00a0\u00bb},{\u00ab\u00a0_id\u00a0\u00bb:\u00a0\u00bbhttps:\/\/www.noovomoi.ca\/tendances\/infos-pratiques\u00a0\u00bb,\u00a0\u00bbname\u00a0\u00bb:\u00a0\u00bbInfos pratiques\u00a0\u00bb,\u00a0\u00bbnode_type\u00a0\u00bb:\u00a0\u00bbsection\u00a0\u00bb},{\u00ab\u00a0_id\u00a0\u00bb:\u00a0\u00bbhttps:\/\/www.noovomoi.ca\/tendances\/shopping\u00a0\u00bb,\u00a0\u00bbname\u00a0\u00bb:\u00a0\u00bbShopping\u00a0\u00bb,\u00a0\u00bbnode_type\u00a0\u00bb:\u00a0\u00bbsection\u00a0\u00bb}],\u00a0\u00bbname\u00a0\u00bb:\u00a0\u00bbTendances\u00a0\u00bb,\u00a0\u00bbnavigation\u00a0\u00bb:{},\u00a0\u00bbnode_type\u00a0\u00bb:\u00a0\u00bbsection\u00a0\u00bb},{\u00ab\u00a0_id\u00a0\u00bb:\u00a0\u00bbhttps:\/\/www.noovomoi.ca\/voyages-sorties\u00a0\u00bb,\u00a0\u00bbchildren\u00a0\u00bb:[{\u00ab\u00a0_id\u00a0\u00bb:\u00a0\u00bbhttps:\/\/www.noovomoi.ca\/voyages-sorties\/destinations-conseils\u00a0\u00bb,\u00a0\u00bbname\u00a0\u00bb:\u00a0\u00bbDestinations et conseils\u00a0\u00bb,\u00a0\u00bbnode_type\u00a0\u00bb:\u00a0\u00bbsection\u00a0\u00bb},{\u00ab\u00a0_id\u00a0\u00bb:\u00a0\u00bbhttps:\/\/www.noovomoi.ca\/voyages-sorties\/sortir\u00a0\u00bb,\u00a0\u00bbname\u00a0\u00bb:\u00a0\u00bbSortir\u00a0\u00bb,\u00a0\u00bbnode_type\u00a0\u00bb:\u00a0\u00bbsection\u00a0\u00bb}],\u00a0\u00bbname\u00a0\u00bb:\u00a0\u00bbVoyages et sorties\u00a0\u00bb,\u00a0\u00bbnavigation\u00a0\u00bb:{},\u00a0\u00bbnode_type\u00a0\u00bb:\u00a0\u00bbsection\u00a0\u00bb},{\u00ab\u00a0_id\u00a0\u00bb:\u00a0\u00bbhttps:\/\/www.noovomoi.ca\/videos\u00a0\u00bb,\u00a0\u00bbchildren\u00a0\u00bb:[],\u00a0\u00bbname\u00a0\u00bb:\u00a0\u00bbVid\u00e9os\u00a0\u00bb,\u00a0\u00bbnavigation\u00a0\u00bb:{},\u00a0\u00bbnode_type\u00a0\u00bb:\u00a0\u00bbsection\u00a0\u00bb},{\u00ab\u00a0_id\u00a0\u00bb:\u00a0\u00bbhttps:\/\/www.noovomoi.ca\/dossiers\u00a0\u00bb,\u00a0\u00bbchildren\u00a0\u00bb:[],\u00a0\u00bbname\u00a0\u00bb:\u00a0\u00bbDossiers\u00a0\u00bb,\u00a0\u00bbnavigation\u00a0\u00bb:{},\u00a0\u00bbnode_type\u00a0\u00bb:\u00a0\u00bbsection\u00a0\u00bb},{\u00ab\u00a0_id\u00a0\u00bb:\u00a0\u00bbhttps:\/\/www.noovomoi.ca\/contactez-nous\u00a0\u00bb,\u00a0\u00bbchildren\u00a0\u00bb:[],\u00a0\u00bbname\u00a0\u00bb:\u00a0\u00bbContactez-nous\u00a0\u00bb,\u00a0\u00bbnavigation\u00a0\u00bb:{},\u00a0\u00bbnode_type\u00a0\u00bb:\u00a0\u00bbsection\u00a0\u00bb},{\u00ab\u00a0_id\u00a0\u00bb:\u00a0\u00bbhttps:\/\/www.noovomoi.ca\/infolettre\/abonnement\u00a0\u00bb,\u00a0\u00bbchildren\u00a0\u00bb:[],\u00a0\u00bbname\u00a0\u00bb:\u00a0\u00bbInfolettre\u00a0\u00bb,\u00a0\u00bbnavigation\u00a0\u00bb:{},\u00a0\u00bbnode_type\u00a0\u00bb:\u00a0\u00bbsection\u00a0\u00bb},{\u00ab\u00a0_id\u00a0\u00bb:\u00a0\u00bbhttps:\/\/www.noovomoi.ca\/desabonnement\u00a0\u00bb,\u00a0\u00bbchildren\u00a0\u00bb:[],\u00a0\u00bbname\u00a0\u00bb:\u00a0\u00bbD\u00e9sabonnement\u00a0\u00bb,\u00a0\u00bbnavigation\u00a0\u00bb:{},\u00a0\u00bbnode_type\u00a0\u00bb:\u00a0\u00bbsection\u00a0\u00bb}],\u00a0\u00bb_id\u00a0\u00bb:\u00a0\u00bb\/\u00a0\u00bb},\u00a0\u00bbexpires\u00a0\u00bb:1773798492917,\u00a0\u00bblastModified\u00a0\u00bb:1773798192892},\u00a0\u00bb{\\\u00a0\u00bbhierarchy\\\u00a0\u00bb:\\\u00a0\u00bbdefault\\\u00a0\u00bb,\\\u00a0\u00bbsectionId\\\u00a0\u00bb:\\\u00a0\u00bb\/en-vedette\/actualites-potins\\\u00a0\u00bb}\u00a0\u00bb:{\u00ab\u00a0data\u00a0\u00bb:{\u00ab\u00a0jasper\u00a0\u00bb:{\u00ab\u00a0jasper_autoplay_desktop\u00a0\u00bb:\u00a0\u00bbalways\u00a0\u00bb,\u00a0\u00bbjasper_autoplay_mobile\u00a0\u00bb:\u00a0\u00bbalways\u00a0\u00bb,\u00a0\u00bbjasper_player_float_desktop\u00a0\u00bb:\u00a0\u00bbfloat\u00a0\u00bb,\u00a0\u00bbjasper_player_float_mobile\u00a0\u00bb:\u00a0\u00bbfloat\u00a0\u00bb},\u00a0\u00bb_id\u00a0\u00bb:\u00a0\u00bbhttps:\/\/www.noovomoi.ca\/en-vedette\/actualites-potins\u00a0\u00bb},\u00a0\u00bbexpires\u00a0\u00bb:1773798484800,\u00a0\u00bblastModified\u00a0\u00bb:1773798184775},\u00a0\u00bb{\\\u00a0\u00bbfeature\\\u00a0\u00bb:\\\u00a0\u00bbfooter\\\u00a0\u00bb,\\\u00a0\u00bbhierarchy\\\u00a0\u00bb:\\\u00a0\u00bbnoovomoi-footer-nav\\\u00a0\u00bb}\u00a0\u00bb:{\u00ab\u00a0data\u00a0\u00bb:{\u00ab\u00a0children\u00a0\u00bb:[{\u00ab\u00a0_id\u00a0\u00bb:\u00a0\u00bbhttps:\/\/www.noovomoi.ca\/en-vedette\u00a0\u00bb,\u00a0\u00bbchildren\u00a0\u00bb:[{\u00ab\u00a0_id\u00a0\u00bb:\u00a0\u00bbhttps:\/\/www.noovomoi.ca\/en-vedette\/actualites-potins\u00a0\u00bb,\u00a0\u00bbname\u00a0\u00bb:\u00a0\u00bbActualit\u00e9s et potins\u00a0\u00bb,\u00a0\u00bbnode_type\u00a0\u00bb:\u00a0\u00bbsection\u00a0\u00bb},{\u00ab\u00a0_id\u00a0\u00bb:\u00a0\u00bbhttps:\/\/www.noovomoi.ca\/en-vedette\/dans-vos-ecrans\u00a0\u00bb,\u00a0\u00bbname\u00a0\u00bb:\u00a0\u00bbDans vos \u00e9crans\u00a0\u00bb,\u00a0\u00bbnode_type\u00a0\u00bb:\u00a0\u00bbsection\u00a0\u00bb},{\u00ab\u00a0_id\u00a0\u00bb:\u00a0\u00bbhttps:\/\/www.noovomoi.ca\/en-vedette\/spectacles-tapis-rouges\u00a0\u00bb,\u00a0\u00bbname\u00a0\u00bb:\u00a0\u00bbSpectacles et tapis rouges\u00a0\u00bb,\u00a0\u00bbnode_type\u00a0\u00bb:\u00a0\u00bbsection\u00a0\u00bb},{\u00ab\u00a0_id\u00a0\u00bb:\u00a0\u00bbhttps:\/\/www.noovomoi.ca\/en-vedette\/artistes\u00a0\u00bb,\u00a0\u00bbname\u00a0\u00bb:\u00a0\u00bbArtistes\u00a0\u00bb,\u00a0\u00bbnode_type\u00a0\u00bb:\u00a0\u00bbsection\u00a0\u00bb}],\u00a0\u00bbname\u00a0\u00bb:\u00a0\u00bbEn Vedette\u00a0\u00bb,\u00a0\u00bbnode_type\u00a0\u00bb:\u00a0\u00bbsection\u00a0\u00bb},{\u00ab\u00a0_id\u00a0\u00bb:\u00a0\u00bbhttps:\/\/www.noovomoi.ca\/horoscope\u00a0\u00bb,\u00a0\u00bbchildren\u00a0\u00bb:[{\u00ab\u00a0_id\u00a0\u00bb:\u00a0\u00bbhttps:\/\/www.noovomoi.ca\/horoscope\/traditionnel\u00a0\u00bb,\u00a0\u00bbname\u00a0\u00bb:\u00a0\u00bbTraditionnel\u00a0\u00bb,\u00a0\u00bbnode_type\u00a0\u00bb:\u00a0\u00bbsection\u00a0\u00bb},{\u00ab\u00a0_id\u00a0\u00bb:\u00a0\u00bbhttps:\/\/www.noovomoi.ca\/horoscope\/chinois\u00a0\u00bb,\u00a0\u00bbname\u00a0\u00bb:\u00a0\u00bbChinois\u00a0\u00bb,\u00a0\u00bbnode_type\u00a0\u00bb:\u00a0\u00bbsection\u00a0\u00bb},{\u00ab\u00a0_id\u00a0\u00bb:\u00a0\u00bbhttps:\/\/www.noovomoi.ca\/horoscope\/numerologie\u00a0\u00bb,\u00a0\u00bbname\u00a0\u00bb:\u00a0\u00bbNum\u00e9rologie\u00a0\u00bb,\u00a0\u00bbnode_type\u00a0\u00bb:\u00a0\u00bbsection\u00a0\u00bb},{\u00ab\u00a0_id\u00a0\u00bb:\u00a0\u00bbhttps:\/\/www.noovomoi.ca\/horoscope\/lunes-planetes\u00a0\u00bb,\u00a0\u00bbname\u00a0\u00bb:\u00a0\u00bbLunes et plan\u00e8tes\u00a0\u00bb,\u00a0\u00bbnode_type\u00a0\u00bb:\u00a0\u00bbsection\u00a0\u00bb}],\u00a0\u00bbname\u00a0\u00bb:\u00a0\u00bbHoroscope\u00a0\u00bb,\u00a0\u00bbnode_type\u00a0\u00bb:\u00a0\u00bbsection\u00a0\u00bb},{\u00ab\u00a0_id\u00a0\u00bb:\u00a0\u00bbhttps:\/\/www.noovomoi.ca\/cuisiner\u00a0\u00bb,\u00a0\u00bbchildren\u00a0\u00bb:[{\u00ab\u00a0_id\u00a0\u00bb:\u00a0\u00bbhttps:\/\/www.noovomoi.ca\/cuisiner\/recettes\u00a0\u00bb,\u00a0\u00bbname\u00a0\u00bb:\u00a0\u00bbRecettes\u00a0\u00bb,\u00a0\u00bbnode_type\u00a0\u00bb:\u00a0\u00bbsection\u00a0\u00bb},{\u00ab\u00a0_id\u00a0\u00bb:\u00a0\u00bbhttps:\/\/www.noovomoi.ca\/cuisiner\/trucs-inspirations\u00a0\u00bb,\u00a0\u00bbname\u00a0\u00bb:\u00a0\u00bbTrucs et inspirations\u00a0\u00bb,\u00a0\u00bbnode_type\u00a0\u00bb:\u00a0\u00bbsection\u00a0\u00bb}],\u00a0\u00bbname\u00a0\u00bb:\u00a0\u00bbCuisiner\u00a0\u00bb,\u00a0\u00bbnode_type\u00a0\u00bb:\u00a0\u00bbsection\u00a0\u00bb},{\u00ab\u00a0_id\u00a0\u00bb:\u00a0\u00bbhttps:\/\/www.noovomoi.ca\/vie-relations\u00a0\u00bb,\u00a0\u00bbchildren\u00a0\u00bb:[{\u00ab\u00a0_id\u00a0\u00bb:\u00a0\u00bbhttps:\/\/www.noovomoi.ca\/vie-relations\/sante\u00a0\u00bb,\u00a0\u00bbname\u00a0\u00bb:\u00a0\u00bbSant\u00e9\u00a0\u00bb,\u00a0\u00bbnode_type\u00a0\u00bb:\u00a0\u00bbsection\u00a0\u00bb},{\u00ab\u00a0_id\u00a0\u00bb:\u00a0\u00bbhttps:\/\/www.noovomoi.ca\/vie-relations\/temoignages\u00a0\u00bb,\u00a0\u00bbname\u00a0\u00bb:\u00a0\u00bbT\u00e9moignages\u00a0\u00bb,\u00a0\u00bbnode_type\u00a0\u00bb:\u00a0\u00bbsection\u00a0\u00bb},{\u00ab\u00a0_id\u00a0\u00bb:\u00a0\u00bbhttps:\/\/www.noovomoi.ca\/vie-relations\/couple-sexualite\u00a0\u00bb,\u00a0\u00bbname\u00a0\u00bb:\u00a0\u00bbCouple et sexualit\u00e9\u00a0\u00bb,\u00a0\u00bbnode_type\u00a0\u00bb:\u00a0\u00bbsection\u00a0\u00bb},{\u00ab\u00a0_id\u00a0\u00bb:\u00a0\u00bbhttps:\/\/www.noovomoi.ca\/vie-relations\/famille\u00a0\u00bb,\u00a0\u00bbname\u00a0\u00bb:\u00a0\u00bbFamille\u00a0\u00bb,\u00a0\u00bbnode_type\u00a0\u00bb:\u00a0\u00bbsection\u00a0\u00bb}],\u00a0\u00bbname\u00a0\u00bb:\u00a0\u00bbVie et relations\u00a0\u00bb,\u00a0\u00bbnode_type\u00a0\u00bb:\u00a0\u00bbsection\u00a0\u00bb},{\u00ab\u00a0_id\u00a0\u00bb:\u00a0\u00bbhttps:\/\/www.noovomoi.ca\/tendances\u00a0\u00bb,\u00a0\u00bbchildren\u00a0\u00bb:[{\u00ab\u00a0_id\u00a0\u00bb:\u00a0\u00bbhttps:\/\/www.noovomoi.ca\/tendances\/shopping\u00a0\u00bb,\u00a0\u00bbname\u00a0\u00bb:\u00a0\u00bbShopping\u00a0\u00bb,\u00a0\u00bbnode_type\u00a0\u00bb:\u00a0\u00bbsection\u00a0\u00bb},{\u00ab\u00a0_id\u00a0\u00bb:\u00a0\u00bbhttps:\/\/www.noovomoi.ca\/tendances\/rabais-epargnes\u00a0\u00bb,\u00a0\u00bbname\u00a0\u00bb:\u00a0\u00bbRabais et \u00e9pargnes\u00a0\u00bb,\u00a0\u00bbnode_type\u00a0\u00bb:\u00a0\u00bbsection\u00a0\u00bb},{\u00ab\u00a0_id\u00a0\u00bb:\u00a0\u00bbhttps:\/\/www.noovomoi.ca\/tendances\/infos-pratiques\u00a0\u00bb,\u00a0\u00bbname\u00a0\u00bb:\u00a0\u00bbInfos pratiques\u00a0\u00bb,\u00a0\u00bbnode_type\u00a0\u00bb:\u00a0\u00bbsection\u00a0\u00bb},{\u00ab\u00a0_id\u00a0\u00bb:\u00a0\u00bbhttps:\/\/www.noovomoi.ca\/tendances\/maison\u00a0\u00bb,\u00a0\u00bbname\u00a0\u00bb:\u00a0\u00bbMaison\u00a0\u00bb,\u00a0\u00bbnode_type\u00a0\u00bb:\u00a0\u00bbsection\u00a0\u00bb},{\u00ab\u00a0_id\u00a0\u00bb:\u00a0\u00bbhttps:\/\/www.noovomoi.ca\/tendances\/beaute\u00a0\u00bb,\u00a0\u00bbname\u00a0\u00bb:\u00a0\u00bbBeaut\u00e9\u00a0\u00bb,\u00a0\u00bbnode_type\u00a0\u00bb:\u00a0\u00bbsection\u00a0\u00bb},{\u00ab\u00a0_id\u00a0\u00bb:\u00a0\u00bbhttps:\/\/www.noovomoi.ca\/tendances\/mode\u00a0\u00bb,\u00a0\u00bbname\u00a0\u00bb:\u00a0\u00bbMode\u00a0\u00bb,\u00a0\u00bbnode_type\u00a0\u00bb:\u00a0\u00bbsection\u00a0\u00bb}],\u00a0\u00bbname\u00a0\u00bb:\u00a0\u00bbTendances\u00a0\u00bb,\u00a0\u00bbnode_type\u00a0\u00bb:\u00a0\u00bbsection\u00a0\u00bb},{\u00ab\u00a0_id\u00a0\u00bb:\u00a0\u00bbhttps:\/\/www.noovomoi.ca\/voyages-sorties\u00a0\u00bb,\u00a0\u00bbchildren\u00a0\u00bb:[{\u00ab\u00a0_id\u00a0\u00bb:\u00a0\u00bbhttps:\/\/www.noovomoi.ca\/voyages-sorties\/destinations-conseils\u00a0\u00bb,\u00a0\u00bbname\u00a0\u00bb:\u00a0\u00bbDestinations et conseils\u00a0\u00bb,\u00a0\u00bbnode_type\u00a0\u00bb:\u00a0\u00bbsection\u00a0\u00bb}],\u00a0\u00bbname\u00a0\u00bb:\u00a0\u00bbVoyages et sorties\u00a0\u00bb,\u00a0\u00bbnode_type\u00a0\u00bb:\u00a0\u00bbsection\u00a0\u00bb},{\u00ab\u00a0_id\u00a0\u00bb:\u00a0\u00bb\/a-propos\u00a0\u00bb,\u00a0\u00bbchildren\u00a0\u00bb:[{\u00ab\u00a0_id\u00a0\u00bb:\u00a0\u00bblink-QKA6AJF2DJEU3NVC2RARYQ7UOU\u00a0\u00bb,\u00a0\u00bbdisplay_name\u00a0\u00bb:\u00a0\u00bbPolitique de confidentialit\u00e9\u00a0\u00bb,\u00a0\u00bbnode_type\u00a0\u00bb:\u00a0\u00bblink\u00a0\u00bb,\u00a0\u00bburl\u00a0\u00bb:\u00a0\u00bbhttps:\/\/www.bell.ca\/securite_et_confidentialite\/Engagement_envers_la_confidentialite\u00a0\u00bb},{\u00ab\u00a0_id\u00a0\u00bb:\u00a0\u00bblink-ABNV2OS3TZAP7OVTKH2UZUBD6Q\u00a0\u00bb,\u00a0\u00bbdisplay_name\u00a0\u00bb:\u00a0\u00bbRegistre publicitaire politique\u00a0\u00bb,\u00a0\u00bbnode_type\u00a0\u00bb:\u00a0\u00bblink\u00a0\u00bb,\u00a0\u00bburl\u00a0\u00bb:\u00a0\u00bbhttps:\/\/www.bellmedia.ca\/fr\/ventes-publicitaires\/registre-pubs-politiques\/\u00a0\u00bb},{\u00ab\u00a0_id\u00a0\u00bb:\u00a0\u00bblink-7H3FL6OBEFBZRN5XDVDRMXNGQI\u00a0\u00bb,\u00a0\u00bbdisplay_name\u00a0\u00bb:\u00a0\u00bbTermes et conditions\u00a0\u00bb,\u00a0\u00bbnode_type\u00a0\u00bb:\u00a0\u00bblink\u00a0\u00bb,\u00a0\u00bburl\u00a0\u00bb:\u00a0\u00bbhttps:\/\/www.bellmedia.ca\/fr\/conditions-des-sites-web-bell-media\/\u00a0\u00bb},{\u00ab\u00a0_id\u00a0\u00bb:\u00a0\u00bblink-O6A3GCLFGVCQJFUZUCSI3IM2SA\u00a0\u00bb,\u00a0\u00bbdisplay_name\u00a0\u00bb:\u00a0\u00bbVentes et publicit\u00e9s\u00a0\u00bb,\u00a0\u00bbnode_type\u00a0\u00bb:\u00a0\u00bblink\u00a0\u00bb,\u00a0\u00bburl\u00a0\u00bb:\u00a0\u00bbhttps:\/\/www.bellmedia.ca\/fr\/ventes-publicitaires\/\u00a0\u00bb},{\u00ab\u00a0_id\u00a0\u00bb:\u00a0\u00bblink-UHLAZAYI4RHU7BBVO4EHCEDGK4&Prime;,\u00a0\u00bbdisplay_name\u00a0\u00bb:\u00a0\u00bbAccessibilit\u00e9\u00a0\u00bb,\u00a0\u00bbnode_type\u00a0\u00bb:\u00a0\u00bblink\u00a0\u00bb,\u00a0\u00bburl\u00a0\u00bb:\u00a0\u00bbhttps:\/\/www.bce.ca\/Services_accessibilite?brand=noovo%20info\u00a0\u00bb},{\u00ab\u00a0_id\u00a0\u00bb:\u00a0\u00bbhttps:\/\/www.noovomoi.ca\/infolettre\/abonnement\u00a0\u00bb,\u00a0\u00bbname\u00a0\u00bb:\u00a0\u00bbInfolettre\u00a0\u00bb,\u00a0\u00bbnode_type\u00a0\u00bb:\u00a0\u00bbsection\u00a0\u00bb},{\u00ab\u00a0_id\u00a0\u00bb:\u00a0\u00bbhttps:\/\/www.noovomoi.ca\/desabonnement\u00a0\u00bb,\u00a0\u00bbname\u00a0\u00bb:\u00a0\u00bbD\u00e9sabonnement\u00a0\u00bb,\u00a0\u00bbnode_type\u00a0\u00bb:\u00a0\u00bbsection\u00a0\u00bb},{\u00ab\u00a0_id\u00a0\u00bb:\u00a0\u00bbhttps:\/\/www.noovomoi.ca\/contactez-nous\u00a0\u00bb,\u00a0\u00bbname\u00a0\u00bb:\u00a0\u00bbContactez-nous\u00a0\u00bb,\u00a0\u00bbnode_type\u00a0\u00bb:\u00a0\u00bbsection\u00a0\u00bb}],\u00a0\u00bbname\u00a0\u00bb:\u00a0\u00bb\u00c0 propos\u00a0\u00bb,\u00a0\u00bbnode_type\u00a0\u00bb:\u00a0\u00bbsection\u00a0\u00bb}],\u00a0\u00bb_id\u00a0\u00bb:\u00a0\u00bb\/\u00a0\u00bb},\u00a0\u00bbexpires\u00a0\u00bb:1773798629792,\u00a0\u00bblastModified\u00a0\u00bb:1773798329723},\u00a0\u00bb{\\\u00a0\u00bbfeature\\\u00a0\u00bb:\\\u00a0\u00bblinks-bar\\\u00a0\u00bb,\\\u00a0\u00bbhierarchy\\\u00a0\u00bb:\\\u00a0\u00bbheader-nav\\\u00a0\u00bb}\u00a0\u00bb:{\u00ab\u00a0data\u00a0\u00bb:{\u00ab\u00a0children\u00a0\u00bb:[],\u00a0\u00bb_id\u00a0\u00bb:\u00a0\u00bb\/\u00a0\u00bb},\u00a0\u00bbexpires\u00a0\u00bb:1773798594164,\u00a0\u00bblastModified\u00a0\u00bb:1773798294070}},\u00a0\u00bbtagzilla-get-tag-api-custom\u00a0\u00bb:{\u00ab\u00a0{\\\u00a0\u00bbprimarySectionId\\\u00a0\u00bb:\\\u00a0\u00bb\/en-vedette\/actualites-potins\\\u00a0\u00bb,\\\u00a0\u00bbtagSlugs\\\u00a0\u00bb:\\\u00a0\u00bbart-and-entertainment\/television,art-and-entertainment,art-and-entertainment\/music\\\u00a0\u00bb}\u00a0\u00bb:{\u00ab\u00a0data\u00a0\u00bb:[{\u00ab\u00a0numberOfChildren\u00a0\u00bb:9,\u00a0\u00bbupdatedAt\u00a0\u00bb:\u00a0\u00bb2025-10-23T20:43:14.386Z\u00a0\u00bb,\u00a0\u00bbcreatedAt\u00a0\u00bb:\u00a0\u00bb2025-10-23T20:43:14.386Z\u00a0\u00bb,\u00a0\u00bbname\u00a0\u00bb:\u00a0\u00bbTelevision\u00a0\u00bb,\u00a0\u00bbnameFr\u00a0\u00bb:\u00a0\u00bbTelevision\u00a0\u00bb,\u00a0\u00bbslug\u00a0\u00bb:\u00a0\u00bbart-and-entertainment\/television\u00a0\u00bb,\u00a0\u00bburl\u00a0\u00bb:{\u00ab\u00a0noovomoi\u00a0\u00bb:\u00a0\u00bbhttps:\/\/www.noovomoi.ca\/search\/?query=Television\u00a0\u00bb}},{\u00ab\u00a0numberOfChildren\u00a0\u00bb:23,\u00a0\u00bbupdatedAt\u00a0\u00bb:\u00a0\u00bb2026-01-29T15:05:08.878Z\u00a0\u00bb,\u00a0\u00bbcreatedAt\u00a0\u00bb:\u00a0\u00bb2025-10-23T20:43:08.604Z\u00a0\u00bb,\u00a0\u00bbname\u00a0\u00bb:\u00a0\u00bbArt and Entertainment\u00a0\u00bb,\u00a0\u00bbnameFr\u00a0\u00bb:\u00a0\u00bbArt et culture\u00a0\u00bb,\u00a0\u00bbslug\u00a0\u00bb:\u00a0\u00bbart-and-entertainment\u00a0\u00bb,\u00a0\u00bburl\u00a0\u00bb:{\u00ab\u00a0noovomoi\u00a0\u00bb:\u00a0\u00bbhttps:\/\/www.noovomoi.ca\/search\/?query=Art et culture\u00a0\u00bb}},{\u00ab\u00a0numberOfChildren\u00a0\u00bb:60,\u00a0\u00bbupdatedAt\u00a0\u00bb:\u00a0\u00bb2026-01-29T15:07:36.312Z\u00a0\u00bb,\u00a0\u00bbcreatedAt\u00a0\u00bb:\u00a0\u00bb2025-10-23T20:43:13.848Z\u00a0\u00bb,\u00a0\u00bbname\u00a0\u00bb:\u00a0\u00bbMusic\u00a0\u00bb,\u00a0\u00bbnameFr\u00a0\u00bb:\u00a0\u00bbMusique\u00a0\u00bb,\u00a0\u00bbslug\u00a0\u00bb:\u00a0\u00bbart-and-entertainment\/music\u00a0\u00bb,\u00a0\u00bburl\u00a0\u00bb:{\u00ab\u00a0noovomoi\u00a0\u00bb:\u00a0\u00bbhttps:\/\/www.noovomoi.ca\/search\/?query=Musique\u00a0\u00bb}}],\u00a0\u00bbexpires\u00a0\u00bb:1773798587990,\u00a0\u00bblastModified\u00a0\u00bb:1773798287882}},\u00a0\u00bbsite-service-hierarchy-custom\u00a0\u00bb:{\u00ab\u00a0{\\\u00a0\u00bbsectionId\\\u00a0\u00bb:\\\u00a0\u00bb\/trustproject\\\u00a0\u00bb,\\\u00a0\u00bbwebsite\\\u00a0\u00bb:\\\u00a0\u00bbbellmedia\\\u00a0\u00bb}\u00a0\u00bb:{\u00ab\u00a0data\u00a0\u00bb:{\u00ab\u00a0TrustProjectTowDefinitions\u00a0\u00bb:{},\u00a0\u00bb_id\u00a0\u00bb:\u00a0\u00bb\/trustproject\u00a0\u00bb},\u00a0\u00bbexpires\u00a0\u00bb:1773798606510,\u00a0\u00bblastModified\u00a0\u00bb:1773798306364}},\u00a0\u00bbrelated-stories-custom\u00a0\u00bb:{\u00ab\u00a0{\\\u00a0\u00bb_id\\\u00a0\u00bb:\\\u00a0\u00bbNQQWNC5CXRE3HN5OC4YRTFWP7Q\\\u00a0\u00bb,\\\u00a0\u00bbincluded_fields\\\u00a0\u00bb:\\\u00a0\u00bb_id,headlines.basic,canonical_website,canonical_url,description,website\\\u00a0\u00bb,\\\u00a0\u00bbwebsite\\\u00a0\u00bb:\\\u00a0\u00bbnoovo-moi\\\u00a0\u00bb}\u00a0\u00bb:{\u00ab\u00a0data\u00a0\u00bb:{\u00ab\u00a0basic\u00a0\u00bb:[{\u00ab\u00a0_id\u00a0\u00bb:\u00a0\u00bbXUVIEIEIKFBCVAKX54YRZ2MUK4&Prime;,\u00a0\u00bbcanonical_url\u00a0\u00bb:\u00a0\u00bbhttps:\/\/www.noovomoi.ca\/en-vedette\/article\/bonne-nouvelle-pour-mario-pelchat\/\u00a0\u00bb,\u00a0\u00bbcanonical_website\u00a0\u00bb:\u00a0\u00bbnoovo-moi\u00a0\u00bb,\u00a0\u00bbdescription\u00a0\u00bb:{\u00ab\u00a0basic\u00a0\u00bb:\u00a0\u00bbPetite victoire pour Mario Pelchat dans la saga des spectacles sur son vignoble!\u00a0\u00bb},\u00a0\u00bbheadlines\u00a0\u00bb:{\u00ab\u00a0basic\u00a0\u00bb:\u00a0\u00bbBonne nouvelle pour Mario Pelchat!\u00a0\u00bb},\u00a0\u00bbwebsite\u00a0\u00bb:\u00a0\u00bbnoovo-moi\u00a0\u00bb},{\u00ab\u00a0_id\u00a0\u00bb:\u00a0\u00bbABKPCAEG33IBF5PHEIZIEI6TFU\u00a0\u00bb,\u00a0\u00bbcanonical_url\u00a0\u00bb:\u00a0\u00bbhttps:\/\/www.noovomoi.ca\/en-vedette\/artistes\/article\/mario-pelchat\/\u00a0\u00bb,\u00a0\u00bbcanonical_website\u00a0\u00bb:\u00a0\u00bbnoovo-moi\u00a0\u00bb,\u00a0\u00bbdescription\u00a0\u00bb:{\u00ab\u00a0basic\u00a0\u00bb:\u00a0\u00bbMario Pelchat fait partie int\u00e9grante du paysage musical qu\u00e9b\u00e9cois depuis plus de 35 ans. Voici ce qui se passe pour le c\u00e9l\u00e8bre chanteur, producteur et homme d&rsquo;affaires.\u00a0\u00bb},\u00a0\u00bbheadlines\u00a0\u00bb:{\u00ab\u00a0basic\u00a0\u00bb:\u00a0\u00bbMario Pelchat: voici les derni\u00e8res nouvelles sur le chanteur\u00a0\u00bb},\u00a0\u00bbwebsite\u00a0\u00bb:\u00a0\u00bbnoovo-moi\u00a0\u00bb},{\u00ab\u00a0_id\u00a0\u00bb:\u00a0\u00bb6QRMQJXROTJJQHNHJQJW32OLQU\u00a0\u00bb,\u00a0\u00bbcanonical_url\u00a0\u00bb:\u00a0\u00bbhttps:\/\/www.noovomoi.ca\/en-vedette\/mario-pelchat-debuts-difficile-relation-claire.html\u00a0\u00bb,\u00a0\u00bbcanonical_website\u00a0\u00bb:\u00a0\u00bbnoovo-moi\u00a0\u00bb,\u00a0\u00bbdescription\u00a0\u00bb:{\u00ab\u00a0basic\u00a0\u00bb:\u00a0\u00bbMario Pelchat et sa femme ont divorc\u00e9 avant de se remarier plusieurs ann\u00e9es plus tard. Le chanteur revient aujourd&rsquo;hui sur le d\u00e9but de leur relation amoureuse.\u00a0\u00bb},\u00a0\u00bbheadlines\u00a0\u00bb:{\u00ab\u00a0basic\u00a0\u00bb:\u00a0\u00bbMario Pelchat s\u2019ouvre sur ses d\u00e9buts difficiles avec Claire: \u00abOn n\u2019y arrivait pas\u00bb\u00a0\u00bb},\u00a0\u00bbwebsite\u00a0\u00bb:\u00a0\u00bbnoovo-moi\u00a0\u00bb}],\u00a0\u00bbclonedChildren\u00a0\u00bb:[],\u00a0\u00bbclonedFromParent\u00a0\u00bb:[],\u00a0\u00bb_id\u00a0\u00bb:\u00a0\u00bb0d9e293cc5f484dc8f933072b175d67f38ff59ccb8d31eeda4ecfaaa95267eed\u00a0\u00bb},\u00a0\u00bbexpires\u00a0\u00bb:1773798629762,\u00a0\u00bblastModified\u00a0\u00bb:1773798329721}},\u00a0\u00bbstory-feed-query\u00a0\u00bb:{\u00ab\u00a0{\\\u00a0\u00bbfeature\\\u00a0\u00bb:\\\u00a0\u00bbstandard-list\\\u00a0\u00bb,\\\u00a0\u00bboffset\\\u00a0\u00bb:1,\\\u00a0\u00bbquery\\\u00a0\u00bb:\\\u00a0\u00bbtype:story AND taxonomy.primary_section._id:\\\\\\\u00a0\u00bb\/en-vedette\/actualites-potins\\\\\\\u00a0\u00bb\\\u00a0\u00bb,\\\u00a0\u00bbsize\\\u00a0\u00bb:10}\u00a0\u00bb:{\u00ab\u00a0data\u00a0\u00bb:{\u00ab\u00a0content_elements\u00a0\u00bb:[{\u00ab\u00a0_id\u00a0\u00bb:\u00a0\u00bbNQQWNC5CXRE3HN5OC4YRTFWP7Q\u00a0\u00bb,\u00a0\u00bbadditional_properties\u00a0\u00bb:{},\u00a0\u00bbcanonical_url\u00a0\u00bb:\u00a0\u00bbhttps:\/\/www.noovomoi.ca\/en-vedette\/actualites-potins\/article\/saga-la-voix-mario-pelchat-prend-parole-publiquement\/\u00a0\u00bb,\u00a0\u00bbdescription\u00a0\u00bb:{\u00ab\u00a0basic\u00a0\u00bb:\u00a0\u00bbMario Pelchat a senti le besoin de pr\u00e9ciser sa r\u00e9cente d\u00e9cision \u00e0 l&rsquo;\u00e9mission La Voix. Voyez le message du c\u00e9l\u00e8bre chanteur.\u00a0\u00bb},\u00a0\u00bbdisplay_date\u00a0\u00bb:\u00a0\u00bb2026-03-17T17:36:56.388Z\u00a0\u00bb,\u00a0\u00bbheadlines\u00a0\u00bb:{\u00ab\u00a0basic\u00a0\u00bb:\u00a0\u00bbSaga La Voix: Mario Pelchat prend parole publiquement\u00a0\u00bb},\u00a0\u00bbowner\u00a0\u00bb:{\u00ab\u00a0sponsored\u00a0\u00bb:false},\u00a0\u00bbpromo_items\u00a0\u00bb:{\u00ab\u00a0basic\u00a0\u00bb:{\u00ab\u00a0_id\u00a0\u00bb:\u00a0\u00bbKVNIIJ7K2JG73AXDAPS34762OY\u00a0\u00bb,\u00a0\u00bbauth\u00a0\u00bb:{\u00ab\u00a01&Prime;:\u00a0\u00bb32debf316d597b04a77e58421e687eaa48a069071717bee225dc06b0aac7ddb6&Prime;},\u00a0\u00bbtype\u00a0\u00bb:\u00a0\u00bbimage\u00a0\u00bb,\u00a0\u00bburl\u00a0\u00bb:\u00a0\u00bbhttps:\/\/cloudfront-us-east-1.images.arcpublishing.com\/bellmediainc\/KVNIIJ7K2JG73AXDAPS34762OY.jpg\u00a0\u00bb},\u00a0\u00bblead_art\u00a0\u00bb:{\u00ab\u00a0_id\u00a0\u00bb:\u00a0\u00bbb83e454f-7d73-42c1-ad3c-f2898e867046&Prime;,\u00a0\u00bbadditional_properties\u00a0\u00bb:{\u00ab\u00a0axisId\u00a0\u00bb:\u00a0\u00bb2873884&Prime;,\u00a0\u00bbaxis_duration\u00a0\u00bb:82.817,\u00a0\u00bbimageResizerUrls\u00a0\u00bb:[{\u00ab\u00a0height\u00a0\u00bb:324,\u00a0\u00bbsize\u00a0\u00bb:\u00a0\u00bbsmall\u00a0\u00bb,\u00a0\u00bburl\u00a0\u00bb:\u00a0\u00bbhttps:\/\/bellmediainc-bnn-bloomberg-prod.web.arc-cdn.net\/resizer\/v2\/https%3A%2F%2Farc-goldfish-bellmediainc-thumbnails.s3.amazonaws.com%2F02-12-2026%2Ft_03f1cc2f42e74b08934b0a2217c1843f_name_2024_2_26_10b136b5_5818_4474_8040_274f27d416d9_jpg_2000x1125_scaled.jpg?auth=7ce49e82a1a5bc0536702e21a2dfeb08fa679ddc73fdde28ec5ff946c3fc33ac&#038;width=576&#038;height=324&#038;smart=true&#038;quality=80&Prime;,\u00a0\u00bbwidth\u00a0\u00bb:576},{\u00ab\u00a0height\u00a0\u00bb:540,\u00a0\u00bbsize\u00a0\u00bb:\u00a0\u00bbmedium\u00a0\u00bb,\u00a0\u00bburl\u00a0\u00bb:\u00a0\u00bbhttps:\/\/bellmediainc-bnn-bloomberg-prod.web.arc-cdn.net\/resizer\/v2\/https%3A%2F%2Farc-goldfish-bellmediainc-thumbnails.s3.amazonaws.com%2F02-12-2026%2Ft_03f1cc2f42e74b08934b0a2217c1843f_name_2024_2_26_10b136b5_5818_4474_8040_274f27d416d9_jpg_2000x1125_scaled.jpg?auth=7ce49e82a1a5bc0536702e21a2dfeb08fa679ddc73fdde28ec5ff946c3fc33ac&#038;width=960&#038;height=540&#038;smart=true&#038;quality=80&Prime;,\u00a0\u00bbwidth\u00a0\u00bb:960},{\u00ab\u00a0height\u00a0\u00bb:864,\u00a0\u00bbsize\u00a0\u00bb:\u00a0\u00bblarge\u00a0\u00bb,\u00a0\u00bburl\u00a0\u00bb:\u00a0\u00bbhttps:\/\/bellmediainc-bnn-bloomberg-prod.web.arc-cdn.net\/resizer\/v2\/https%3A%2F%2Farc-goldfish-bellmediainc-thumbnails.s3.amazonaws.com%2F02-12-2026%2Ft_03f1cc2f42e74b08934b0a2217c1843f_name_2024_2_26_10b136b5_5818_4474_8040_274f27d416d9_jpg_2000x1125_scaled.jpg?auth=7ce49e82a1a5bc0536702e21a2dfeb08fa679ddc73fdde28ec5ff946c3fc33ac&#038;width=1536&#038;height=864&#038;smart=true&#038;quality=80&Prime;,\u00a0\u00bbwidth\u00a0\u00bb:1536}],\u00a0\u00bbplatform\u00a0\u00bb:\u00a0\u00bbdesktop\u00a0\u00bb,\u00a0\u00bbvideoAdZone\u00a0\u00bb:\u00a0\u00bbwpni.video.oodef\u00a0\u00bb},\u00a0\u00bbduration\u00a0\u00bb:66,\u00a0\u00bbpromo_items\u00a0\u00bb:{\u00ab\u00a0basic\u00a0\u00bb:{\u00ab\u00a0auth\u00a0\u00bb:{\u00ab\u00a01&Prime;:\u00a0\u00bbd32448d3e79ad329814d27d1f8ebe8818852eff22649888340738543575386fc\u00a0\u00bb},\u00a0\u00bbtype\u00a0\u00bb:\u00a0\u00bbimage\u00a0\u00bb,\u00a0\u00bburl\u00a0\u00bb:\u00a0\u00bbhttps:\/\/d3g70guqh4mw9g.cloudfront.net\/02-12-2026\/t_03f1cc2f42e74b08934b0a2217c1843f_name_2024_2_26_10b136b5_5818_4474_8040_274f27d416d9_jpg_2000x1125_scaled.jpg\u00a0\u00bb}},\u00a0\u00bbtype\u00a0\u00bb:\u00a0\u00bbvideo\u00a0\u00bb}},\u00a0\u00bbtaxonomy\u00a0\u00bb:{\u00ab\u00a0primary_section\u00a0\u00bb:{\u00ab\u00a0name\u00a0\u00bb:\u00a0\u00bbActualit\u00e9s et potins\u00a0\u00bb,\u00a0\u00bbpath\u00a0\u00bb:\u00a0\u00bbhttps:\/\/www.noovomoi.ca\/en-vedette\/actualites-potins\u00a0\u00bb}},\u00a0\u00bbtype\u00a0\u00bb:\u00a0\u00bbstory\u00a0\u00bb,\u00a0\u00bbwebsite_url\u00a0\u00bb:\u00a0\u00bbhttps:\/\/www.noovomoi.ca\/en-vedette\/actualites-potins\/article\/saga-la-voix-mario-pelchat-prend-parole-publiquement\/\u00a0\u00bb,\u00a0\u00bbwebsites\u00a0\u00bb:{\u00ab\u00a0noovo-moi\u00a0\u00bb:{\u00ab\u00a0website_url\u00a0\u00bb:\u00a0\u00bbhttps:\/\/www.noovomoi.ca\/en-vedette\/actualites-potins\/article\/saga-la-voix-mario-pelchat-prend-parole-publiquement\/\u00a0\u00bb}}},{\u00ab\u00a0_id\u00a0\u00bb:\u00a0\u00bbGKAZRZE33FGKHMJWCSAWDZ7AKM\u00a0\u00bb,\u00a0\u00bbadditional_properties\u00a0\u00bb:{},\u00a0\u00bbcanonical_url\u00a0\u00bb:\u00a0\u00bbhttps:\/\/www.noovomoi.ca\/en-vedette\/actualites-potins\/article\/pier-luc-funk-presentera-son-premier-spectacle-en-carriere\/\u00a0\u00bb,\u00a0\u00bbdescription\u00a0\u00bb:{\u00ab\u00a0basic\u00a0\u00bb:\u00a0\u00bbLe com\u00e9dien mettra son immense talent d&rsquo;improvisateur \u00e0 profit dans ce nouveau projet d&rsquo;envergure. D\u00e9couvrez tous les d\u00e9tails!\u00a0\u00bb},\u00a0\u00bbdisplay_date\u00a0\u00bb:\u00a0\u00bb2026-03-17T16:55:39.949Z\u00a0\u00bb,\u00a0\u00bbheadlines\u00a0\u00bb:{\u00ab\u00a0basic\u00a0\u00bb:\u00a0\u00bbPier-Luc Funk surprend en annon\u00e7ant un spectacle compl\u00e8tement improvis\u00e9\u00a0\u00bb},\u00a0\u00bbowner\u00a0\u00bb:{\u00ab\u00a0sponsored\u00a0\u00bb:false},\u00a0\u00bbpromo_items\u00a0\u00bb:{\u00ab\u00a0basic\u00a0\u00bb:{\u00ab\u00a0_id\u00a0\u00bb:\u00a0\u00bbBMIAF6MKYQSGFUEI7WYVDA2EGI\u00a0\u00bb,\u00a0\u00bbauth\u00a0\u00bb:{\u00ab\u00a01&Prime;:\u00a0\u00bbd5b8540f9249b5e2b5e71999f8c887d95d74358d3639a14fc5aeb15377491233&Prime;},\u00a0\u00bbtype\u00a0\u00bb:\u00a0\u00bbimage\u00a0\u00bb,\u00a0\u00bburl\u00a0\u00bb:\u00a0\u00bbhttps:\/\/cloudfront-us-east-1.images.arcpublishing.com\/bellmediainc\/BMIAF6MKYQSGFUEI7WYVDA2EGI.jpg\u00a0\u00bb},\u00a0\u00bblead_art\u00a0\u00bb:{\u00ab\u00a0_id\u00a0\u00bb:\u00a0\u00bb2b51f158-3c36-411f-9cba-812bd90843a5&Prime;,\u00a0\u00bbadditional_properties\u00a0\u00bb:{\u00ab\u00a0axisId\u00a0\u00bb:\u00a0\u00bb2756691&Prime;,\u00a0\u00bbaxis_duration\u00a0\u00bb:55.034,\u00a0\u00bbimageResizerUrls\u00a0\u00bb:[{\u00ab\u00a0height\u00a0\u00bb:324,\u00a0\u00bbsize\u00a0\u00bb:\u00a0\u00bbsmall\u00a0\u00bb,\u00a0\u00bburl\u00a0\u00bb:\u00a0\u00bbhttps:\/\/bellmediainc-bnn-bloomberg-prod.web.arc-cdn.net\/resizer\/v2\/https%3A%2F%2Farc-goldfish-bellmediainc-thumbnails.s3.amazonaws.com%2F02-04-2026%2Ft_0db007d5f0c6476e996da4bff0f17d19_name_2023_8_30_fa97aa0e_d6e9_4747_927d_4bb61aac9a5e_jpg_1920x1080.jpg?auth=174fa549e5e371c3f5d43f33c8c94a7f45deda42d41e2982bef392f17fcd7cf7&#038;width=576&#038;height=324&#038;smart=true&#038;quality=80&Prime;,\u00a0\u00bbwidth\u00a0\u00bb:576},{\u00ab\u00a0height\u00a0\u00bb:540,\u00a0\u00bbsize\u00a0\u00bb:\u00a0\u00bbmedium\u00a0\u00bb,\u00a0\u00bburl\u00a0\u00bb:\u00a0\u00bbhttps:\/\/bellmediainc-bnn-bloomberg-prod.web.arc-cdn.net\/resizer\/v2\/https%3A%2F%2Farc-goldfish-bellmediainc-thumbnails.s3.amazonaws.com%2F02-04-2026%2Ft_0db007d5f0c6476e996da4bff0f17d19_name_2023_8_30_fa97aa0e_d6e9_4747_927d_4bb61aac9a5e_jpg_1920x1080.jpg?auth=174fa549e5e371c3f5d43f33c8c94a7f45deda42d41e2982bef392f17fcd7cf7&#038;width=960&#038;height=540&#038;smart=true&#038;quality=80&Prime;,\u00a0\u00bbwidth\u00a0\u00bb:960},{\u00ab\u00a0height\u00a0\u00bb:864,\u00a0\u00bbsize\u00a0\u00bb:\u00a0\u00bblarge\u00a0\u00bb,\u00a0\u00bburl\u00a0\u00bb:\u00a0\u00bbhttps:\/\/bellmediainc-bnn-bloomberg-prod.web.arc-cdn.net\/resizer\/v2\/https%3A%2F%2Farc-goldfish-bellmediainc-thumbnails.s3.amazonaws.com%2F02-04-2026%2Ft_0db007d5f0c6476e996da4bff0f17d19_name_2023_8_30_fa97aa0e_d6e9_4747_927d_4bb61aac9a5e_jpg_1920x1080.jpg?auth=174fa549e5e371c3f5d43f33c8c94a7f45deda42d41e2982bef392f17fcd7cf7&#038;width=1536&#038;height=864&#038;smart=true&#038;quality=80&Prime;,\u00a0\u00bbwidth\u00a0\u00bb:1536}],\u00a0\u00bbplatform\u00a0\u00bb:\u00a0\u00bbdesktop\u00a0\u00bb,\u00a0\u00bbvideoAdZone\u00a0\u00bb:\u00a0\u00bbwpni.video.oodef\u00a0\u00bb},\u00a0\u00bbduration\u00a0\u00bb:66,\u00a0\u00bbpromo_items\u00a0\u00bb:{\u00ab\u00a0basic\u00a0\u00bb:{\u00ab\u00a0auth\u00a0\u00bb:{\u00ab\u00a01&Prime;:\u00a0\u00bbb39e5a073544c61cdda4b415448dcf8242afe2a0e429f8fc8dac1cb13d98fe14&Prime;},\u00a0\u00bbtype\u00a0\u00bb:\u00a0\u00bbimage\u00a0\u00bb,\u00a0\u00bburl\u00a0\u00bb:\u00a0\u00bbhttps:\/\/d3g70guqh4mw9g.cloudfront.net\/02-04-2026\/t_0db007d5f0c6476e996da4bff0f17d19_name_2023_8_30_fa97aa0e_d6e9_4747_927d_4bb61aac9a5e_jpg_1920x1080.jpg\u00a0\u00bb}},\u00a0\u00bbtype\u00a0\u00bb:\u00a0\u00bbvideo\u00a0\u00bb}},\u00a0\u00bbtaxonomy\u00a0\u00bb:{\u00ab\u00a0primary_section\u00a0\u00bb:{\u00ab\u00a0name\u00a0\u00bb:\u00a0\u00bbActualit\u00e9s et potins\u00a0\u00bb,\u00a0\u00bbpath\u00a0\u00bb:\u00a0\u00bbhttps:\/\/www.noovomoi.ca\/en-vedette\/actualites-potins\u00a0\u00bb}},\u00a0\u00bbtype\u00a0\u00bb:\u00a0\u00bbstory\u00a0\u00bb,\u00a0\u00bbwebsite_url\u00a0\u00bb:\u00a0\u00bbhttps:\/\/www.noovomoi.ca\/en-vedette\/actualites-potins\/article\/pier-luc-funk-presentera-son-premier-spectacle-en-carriere\/\u00a0\u00bb,\u00a0\u00bbwebsites\u00a0\u00bb:{\u00ab\u00a0noovo-moi\u00a0\u00bb:{\u00ab\u00a0website_url\u00a0\u00bb:\u00a0\u00bbhttps:\/\/www.noovomoi.ca\/en-vedette\/actualites-potins\/article\/pier-luc-funk-presentera-son-premier-spectacle-en-carriere\/\u00a0\u00bb}}},{\u00ab\u00a0_id\u00a0\u00bb:\u00a0\u00bbBCNW74DVMVAH7E6KWF6I4RHTCM\u00a0\u00bb,\u00a0\u00bbadditional_properties\u00a0\u00bb:{},\u00a0\u00bbcanonical_url\u00a0\u00bb:\u00a0\u00bbhttps:\/\/www.noovomoi.ca\/en-vedette\/actualites-potins\/article\/la-famille-groulx-se-rend-a-la-quincaillerie-et-ca-ne-se-passe-pas-comme-prevu\/\u00a0\u00bb,\u00a0\u00bbdescription\u00a0\u00bb:{\u00ab\u00a0basic\u00a0\u00bb:\u00a0\u00bbLa famille Groulx a v\u00e9cu tout un moment \u00e0 la quincaillerie, alors que Pascal s\u2019est endormi directement dans le magasin.\u00a0\u00bb},\u00a0\u00bbdisplay_date\u00a0\u00bb:\u00a0\u00bb2026-03-17T14:49:08.88Z\u00a0\u00bb,\u00a0\u00bbheadlines\u00a0\u00bb:{\u00ab\u00a0basic\u00a0\u00bb:\u00a0\u00bbLa famille Groulx se rend \u00e0 la quincaillerie et \u00e7a ne se passe pas comme pr\u00e9vu\u00a0\u00bb},\u00a0\u00bbowner\u00a0\u00bb:{\u00ab\u00a0sponsored\u00a0\u00bb:false},\u00a0\u00bbpromo_items\u00a0\u00bb:{\u00ab\u00a0basic\u00a0\u00bb:{\u00ab\u00a0_id\u00a0\u00bb:\u00a0\u00bbUIYMLS2SAM4QZWSHDUQXV6HDVY\u00a0\u00bb,\u00a0\u00bbauth\u00a0\u00bb:{\u00ab\u00a01&Prime;:\u00a0\u00bbc9524cce0e4df95d34f92843239bbc726b5afe8d6f697afecd19bc8d3c904f8b\u00a0\u00bb},\u00a0\u00bbtype\u00a0\u00bb:\u00a0\u00bbimage\u00a0\u00bb,\u00a0\u00bburl\u00a0\u00bb:\u00a0\u00bbhttps:\/\/cloudfront-us-east-1.images.arcpublishing.com\/bellmediainc\/UIYMLS2SAM4QZWSHDUQXV6HDVY.jpg\u00a0\u00bb},\u00a0\u00bblead_art\u00a0\u00bb:{\u00ab\u00a0_id\u00a0\u00bb:\u00a0\u00bb70d70220-21bd-4009-a336-f354f738fb2a\u00a0\u00bb,\u00a0\u00bbadditional_properties\u00a0\u00bb:{\u00ab\u00a0axisId\u00a0\u00bb:\u00a0\u00bb3046183&Prime;,\u00a0\u00bbaxis_duration\u00a0\u00bb:23.024,\u00a0\u00bbimageResizerUrls\u00a0\u00bb:[{\u00ab\u00a0height\u00a0\u00bb:298,\u00a0\u00bbsize\u00a0\u00bb:\u00a0\u00bbsmall\u00a0\u00bb,\u00a0\u00bburl\u00a0\u00bb:\u00a0\u00bbhttps:\/\/bellmediainc-bnn-bloomberg-prod.web.arc-cdn.net\/resizer\/v2\/https%3A%2F%2Farc-goldfish-bellmediainc-thumbnails.s3.amazonaws.com%2F02-12-2026%2Ft_bce4f170d0994de3a6cd6945860ce8c9_name_2024_12_12_1730c4c0_2a34_4536_b2cf_cfdd1ad3d9d5_jpg_1768x995.jpg?auth=9c060ae5835e863af75e8fc02b3163d3f002d4db5b5b51c42e7cc27e64139b3d&#038;width=530&#038;height=298&#038;smart=true&#038;quality=80&Prime;,\u00a0\u00bbwidth\u00a0\u00bb:530},{\u00ab\u00a0height\u00a0\u00bb:497,\u00a0\u00bbsize\u00a0\u00bb:\u00a0\u00bbmedium\u00a0\u00bb,\u00a0\u00bburl\u00a0\u00bb:\u00a0\u00bbhttps:\/\/bellmediainc-bnn-bloomberg-prod.web.arc-cdn.net\/resizer\/v2\/https%3A%2F%2Farc-goldfish-bellmediainc-thumbnails.s3.amazonaws.com%2F02-12-2026%2Ft_bce4f170d0994de3a6cd6945860ce8c9_name_2024_12_12_1730c4c0_2a34_4536_b2cf_cfdd1ad3d9d5_jpg_1768x995.jpg?auth=9c060ae5835e863af75e8fc02b3163d3f002d4db5b5b51c42e7cc27e64139b3d&#038;width=884&#038;height=497&#038;smart=true&#038;quality=80&Prime;,\u00a0\u00bbwidth\u00a0\u00bb:884},{\u00ab\u00a0height\u00a0\u00bb:796,\u00a0\u00bbsize\u00a0\u00bb:\u00a0\u00bblarge\u00a0\u00bb,\u00a0\u00bburl\u00a0\u00bb:\u00a0\u00bbhttps:\/\/bellmediainc-bnn-bloomberg-prod.web.arc-cdn.net\/resizer\/v2\/https%3A%2F%2Farc-goldfish-bellmediainc-thumbnails.s3.amazonaws.com%2F02-12-2026%2Ft_bce4f170d0994de3a6cd6945860ce8c9_name_2024_12_12_1730c4c0_2a34_4536_b2cf_cfdd1ad3d9d5_jpg_1768x995.jpg?auth=9c060ae5835e863af75e8fc02b3163d3f002d4db5b5b51c42e7cc27e64139b3d&#038;width=1414&#038;height=796&#038;smart=true&#038;quality=80&Prime;,\u00a0\u00bbwidth\u00a0\u00bb:1414}],\u00a0\u00bbplatform\u00a0\u00bb:\u00a0\u00bbdesktop\u00a0\u00bb,\u00a0\u00bbvideoAdZone\u00a0\u00bb:\u00a0\u00bbwpni.video.oodef\u00a0\u00bb},\u00a0\u00bbduration\u00a0\u00bb:66,\u00a0\u00bbpromo_items\u00a0\u00bb:{\u00ab\u00a0basic\u00a0\u00bb:{\u00ab\u00a0auth\u00a0\u00bb:{\u00ab\u00a01&Prime;:\u00a0\u00bbd79987dcffaa99507a16e5c1b926d62ca7128cc2cc15cbab25b5d3a007217d36&Prime;},\u00a0\u00bbtype\u00a0\u00bb:\u00a0\u00bbimage\u00a0\u00bb,\u00a0\u00bburl\u00a0\u00bb:\u00a0\u00bbhttps:\/\/d3g70guqh4mw9g.cloudfront.net\/02-12-2026\/t_bce4f170d0994de3a6cd6945860ce8c9_name_2024_12_12_1730c4c0_2a34_4536_b2cf_cfdd1ad3d9d5_jpg_1768x995.jpg\u00a0\u00bb}},\u00a0\u00bbtype\u00a0\u00bb:\u00a0\u00bbvideo\u00a0\u00bb}},\u00a0\u00bbtaxonomy\u00a0\u00bb:{\u00ab\u00a0primary_section\u00a0\u00bb:{\u00ab\u00a0name\u00a0\u00bb:\u00a0\u00bbActualit\u00e9s et potins\u00a0\u00bb,\u00a0\u00bbpath\u00a0\u00bb:\u00a0\u00bbhttps:\/\/www.noovomoi.ca\/en-vedette\/actualites-potins\u00a0\u00bb}},\u00a0\u00bbtype\u00a0\u00bb:\u00a0\u00bbstory\u00a0\u00bb,\u00a0\u00bbwebsite_url\u00a0\u00bb:\u00a0\u00bbhttps:\/\/www.noovomoi.ca\/en-vedette\/actualites-potins\/article\/la-famille-groulx-se-rend-a-la-quincaillerie-et-ca-ne-se-passe-pas-comme-prevu\/\u00a0\u00bb,\u00a0\u00bbwebsites\u00a0\u00bb:{\u00ab\u00a0noovo-moi\u00a0\u00bb:{\u00ab\u00a0website_url\u00a0\u00bb:\u00a0\u00bbhttps:\/\/www.noovomoi.ca\/en-vedette\/actualites-potins\/article\/la-famille-groulx-se-rend-a-la-quincaillerie-et-ca-ne-se-passe-pas-comme-prevu\/\u00a0\u00bb}}},{\u00ab\u00a0_id\u00a0\u00bb:\u00a0\u00bb75H55VPBRNGBDEAPYDTXJKVFLQ\u00a0\u00bb,\u00a0\u00bbadditional_properties\u00a0\u00bb:{},\u00a0\u00bbcanonical_url\u00a0\u00bb:\u00a0\u00bbhttps:\/\/www.noovomoi.ca\/en-vedette\/actualites-potins\/article\/voici-enfin-des-photos-de-francois-arnaud-et-ses-co-stars-de-heated-rivalry-apres-les-oscars\/\u00a0\u00bb,\u00a0\u00bbdescription\u00a0\u00bb:{\u00ab\u00a0basic\u00a0\u00bb:\u00a0\u00bbFran\u00e7ois Arnaud, Connor Storrie et Hudson William se sont retrouv\u00e9s le temps d\u2019une s\u00e9ance photo lors d\u2019un after-party des Oscars.\u00a0\u00bb},\u00a0\u00bbdisplay_date\u00a0\u00bb:\u00a0\u00bb2026-03-17T13:25:32.109Z\u00a0\u00bb,\u00a0\u00bbheadlines\u00a0\u00bb:{\u00ab\u00a0basic\u00a0\u00bb:\u00a0\u00bbVoici enfin des photos de Fran\u00e7ois Arnaud et ses co-stars de Heated Rivalry apr\u00e8s les Oscars \u00ab\u00a0},\u00a0\u00bbowner\u00a0\u00bb:{\u00ab\u00a0sponsored\u00a0\u00bb:false},\u00a0\u00bbpromo_items\u00a0\u00bb:{\u00ab\u00a0basic\u00a0\u00bb:{\u00ab\u00a0_id\u00a0\u00bb:\u00a0\u00bb7FBUHED4JZH7RIVBKHIAZDXRNA\u00a0\u00bb,\u00a0\u00bbauth\u00a0\u00bb:{\u00ab\u00a01&Prime;:\u00a0\u00bbae7687269b9626f4b01725610036569cb00ecc58c3782aa2087b6e0fe9e5a189&Prime;},\u00a0\u00bbtype\u00a0\u00bb:\u00a0\u00bbimage\u00a0\u00bb,\u00a0\u00bburl\u00a0\u00bb:\u00a0\u00bbhttps:\/\/cloudfront-us-east-1.images.arcpublishing.com\/bellmediainc\/7FBUHED4JZH7RIVBKHIAZDXRNA.jpg\u00a0\u00bb},\u00a0\u00bblead_art\u00a0\u00bb:{\u00ab\u00a0_id\u00a0\u00bb:\u00a0\u00bb3381b8a1-f80d-4878-8ea6-cf007e0d3bbe\u00a0\u00bb,\u00a0\u00bbadditional_properties\u00a0\u00bb:{\u00ab\u00a0axisId\u00a0\u00bb:\u00a0\u00bb3291759&Prime;,\u00a0\u00bbaxis_duration\u00a0\u00bb:133.534,\u00a0\u00bbimageResizerUrls\u00a0\u00bb:[{\u00ab\u00a0height\u00a0\u00bb:270,\u00a0\u00bbsize\u00a0\u00bb:\u00a0\u00bbsmall\u00a0\u00bb,\u00a0\u00bburl\u00a0\u00bb:\u00a0\u00bbhttps:\/\/bellmediainc-bnn-bloomberg-prod.web.arc-cdn.net\/resizer\/v2\/https%3A%2F%2Farc-goldfish-bellmediainc-thumbnails.s3.amazonaws.com%2F01-13-2026%2Ft_5376536fd279466c916fd88eff1d39e4_name_2026_1_13_f7bb9961_a1c3_482b_aa6c_427d0485705e_jpg_1600x900.jpg?auth=b34c072cab51251742e248c2cb4ac7fb3ccbc4bc2e7ae63391ac7d9b708248a0&#038;width=480&#038;height=270&#038;smart=true&#038;quality=80&Prime;,\u00a0\u00bbwidth\u00a0\u00bb:480},{\u00ab\u00a0height\u00a0\u00bb:450,\u00a0\u00bbsize\u00a0\u00bb:\u00a0\u00bbmedium\u00a0\u00bb,\u00a0\u00bburl\u00a0\u00bb:\u00a0\u00bbhttps:\/\/bellmediainc-bnn-bloomberg-prod.web.arc-cdn.net\/resizer\/v2\/https%3A%2F%2Farc-goldfish-bellmediainc-thumbnails.s3.amazonaws.com%2F01-13-2026%2Ft_5376536fd279466c916fd88eff1d39e4_name_2026_1_13_f7bb9961_a1c3_482b_aa6c_427d0485705e_jpg_1600x900.jpg?auth=b34c072cab51251742e248c2cb4ac7fb3ccbc4bc2e7ae63391ac7d9b708248a0&#038;width=800&#038;height=450&#038;smart=true&#038;quality=80&Prime;,\u00a0\u00bbwidth\u00a0\u00bb:800},{\u00ab\u00a0height\u00a0\u00bb:720,\u00a0\u00bbsize\u00a0\u00bb:\u00a0\u00bblarge\u00a0\u00bb,\u00a0\u00bburl\u00a0\u00bb:\u00a0\u00bbhttps:\/\/bellmediainc-bnn-bloomberg-prod.web.arc-cdn.net\/resizer\/v2\/https%3A%2F%2Farc-goldfish-bellmediainc-thumbnails.s3.amazonaws.com%2F01-13-2026%2Ft_5376536fd279466c916fd88eff1d39e4_name_2026_1_13_f7bb9961_a1c3_482b_aa6c_427d0485705e_jpg_1600x900.jpg?auth=b34c072cab51251742e248c2cb4ac7fb3ccbc4bc2e7ae63391ac7d9b708248a0&#038;width=1280&#038;height=720&#038;smart=true&#038;quality=80&Prime;,\u00a0\u00bbwidth\u00a0\u00bb:1280}],\u00a0\u00bbplatform\u00a0\u00bb:\u00a0\u00bbdesktop\u00a0\u00bb,\u00a0\u00bbvideoAdZone\u00a0\u00bb:\u00a0\u00bbwpni.video.oodef\u00a0\u00bb},\u00a0\u00bbduration\u00a0\u00bb:66,\u00a0\u00bbpromo_items\u00a0\u00bb:{\u00ab\u00a0basic\u00a0\u00bb:{\u00ab\u00a0auth\u00a0\u00bb:{\u00ab\u00a01&Prime;:\u00a0\u00bbc880ab206665629740fc1c4eb57a3ddd0501c66983fe3e400d2dfdb6cd103d7e\u00a0\u00bb},\u00a0\u00bbtype\u00a0\u00bb:\u00a0\u00bbimage\u00a0\u00bb,\u00a0\u00bburl\u00a0\u00bb:\u00a0\u00bbhttps:\/\/d3g70guqh4mw9g.cloudfront.net\/01-13-2026\/t_5376536fd279466c916fd88eff1d39e4_name_2026_1_13_f7bb9961_a1c3_482b_aa6c_427d0485705e_jpg_1600x900.jpg\u00a0\u00bb}},\u00a0\u00bbtype\u00a0\u00bb:\u00a0\u00bbvideo\u00a0\u00bb}},\u00a0\u00bbtaxonomy\u00a0\u00bb:{\u00ab\u00a0primary_section\u00a0\u00bb:{\u00ab\u00a0name\u00a0\u00bb:\u00a0\u00bbActualit\u00e9s et potins\u00a0\u00bb,\u00a0\u00bbpath\u00a0\u00bb:\u00a0\u00bbhttps:\/\/www.noovomoi.ca\/en-vedette\/actualites-potins\u00a0\u00bb}},\u00a0\u00bbtype\u00a0\u00bb:\u00a0\u00bbstory\u00a0\u00bb,\u00a0\u00bbwebsite_url\u00a0\u00bb:\u00a0\u00bbhttps:\/\/www.noovomoi.ca\/en-vedette\/actualites-potins\/article\/voici-enfin-des-photos-de-francois-arnaud-et-ses-co-stars-de-heated-rivalry-apres-les-oscars\/\u00a0\u00bb,\u00a0\u00bbwebsites\u00a0\u00bb:{\u00ab\u00a0noovo-moi\u00a0\u00bb:{\u00ab\u00a0website_url\u00a0\u00bb:\u00a0\u00bbhttps:\/\/www.noovomoi.ca\/en-vedette\/actualites-potins\/article\/voici-enfin-des-photos-de-francois-arnaud-et-ses-co-stars-de-heated-rivalry-apres-les-oscars\/\u00a0\u00bb}}},{\u00ab\u00a0_id\u00a0\u00bb:\u00a0\u00bbW6XH5AXB7JB3JHCV6EMY5EZNIU\u00a0\u00bb,\u00a0\u00bbadditional_properties\u00a0\u00bb:{},\u00a0\u00bbcanonical_url\u00a0\u00bb:\u00a0\u00bbhttps:\/\/www.noovomoi.ca\/en-vedette\/actualites-potins\/article\/melissa-bedard-donne-de-ses-nouvelles-apres-un-important-degat-deau\/\u00a0\u00bb,\u00a0\u00bbdescription\u00a0\u00bb:{\u00ab\u00a0basic\u00a0\u00bb:\u00a0\u00bbM\u00e9lissa B\u00e9dard a d\u00fb quitter sa maison pour aller vivre dans un chalet avec ses enfants le temps des travaux.\u00a0\u00bb},\u00a0\u00bbdisplay_date\u00a0\u00bb:\u00a0\u00bb2026-03-17T12:52:07.7Z\u00a0\u00bb,\u00a0\u00bbheadlines\u00a0\u00bb:{\u00ab\u00a0basic\u00a0\u00bb:\u00a0\u00bbM\u00e9lissa B\u00e9dard donne de ses nouvelles apr\u00e8s un important d\u00e9g\u00e2t d\u2019eau\u00a0\u00bb},\u00a0\u00bbowner\u00a0\u00bb:{\u00ab\u00a0sponsored\u00a0\u00bb:false},\u00a0\u00bbpromo_items\u00a0\u00bb:{\u00ab\u00a0basic\u00a0\u00bb:{\u00ab\u00a0_id\u00a0\u00bb:\u00a0\u00bbBEP5YMOAYJB6PI4V5YWE5K56N4&Prime;,\u00a0\u00bbauth\u00a0\u00bb:{\u00ab\u00a01&Prime;:\u00a0\u00bbaf60cbce33469344044db09aad4acab650dd166dfcea3506b54da11a5aa3367d\u00a0\u00bb},\u00a0\u00bbtype\u00a0\u00bb:\u00a0\u00bbimage\u00a0\u00bb,\u00a0\u00bburl\u00a0\u00bb:\u00a0\u00bbhttps:\/\/cloudfront-us-east-1.images.arcpublishing.com\/bellmediainc\/BEP5YMOAYJB6PI4V5YWE5K56N4.jpg\u00a0\u00bb},\u00a0\u00bblead_art\u00a0\u00bb:{\u00ab\u00a0_id\u00a0\u00bb:\u00a0\u00bbee75d80d-d2e2-46eb-a0fb-becc4a9105a8&Prime;,\u00a0\u00bbadditional_properties\u00a0\u00bb:{\u00ab\u00a0axisId\u00a0\u00bb:\u00a0\u00bb3189874&Prime;,\u00a0\u00bbaxis_duration\u00a0\u00bb:67.134,\u00a0\u00bbimageResizerUrls\u00a0\u00bb:[{\u00ab\u00a0height\u00a0\u00bb:324,\u00a0\u00bbsize\u00a0\u00bb:\u00a0\u00bbsmall\u00a0\u00bb,\u00a0\u00bburl\u00a0\u00bb:\u00a0\u00bbhttps:\/\/bellmediainc-bnn-bloomberg-prod.web.arc-cdn.net\/resizer\/v2\/https%3A%2F%2Farc-goldfish-bellmediainc-thumbnails.s3.amazonaws.com%2F02-12-2026%2Ft_32d4d66fbff149d6bb2ed456a20a49b0_name_2025_8_19_e8f0df24_fd34_4567_861a_e44fe2635972_jpg_1920x1080.jpg?auth=1979491ac218fe84121f9e68e0e0b9e360ddc8f62cfaf1226b7292a00bc82214&#038;width=576&#038;height=324&#038;smart=true&#038;quality=80&Prime;,\u00a0\u00bbwidth\u00a0\u00bb:576},{\u00ab\u00a0height\u00a0\u00bb:540,\u00a0\u00bbsize\u00a0\u00bb:\u00a0\u00bbmedium\u00a0\u00bb,\u00a0\u00bburl\u00a0\u00bb:\u00a0\u00bbhttps:\/\/bellmediainc-bnn-bloomberg-prod.web.arc-cdn.net\/resizer\/v2\/https%3A%2F%2Farc-goldfish-bellmediainc-thumbnails.s3.amazonaws.com%2F02-12-2026%2Ft_32d4d66fbff149d6bb2ed456a20a49b0_name_2025_8_19_e8f0df24_fd34_4567_861a_e44fe2635972_jpg_1920x1080.jpg?auth=1979491ac218fe84121f9e68e0e0b9e360ddc8f62cfaf1226b7292a00bc82214&#038;width=960&#038;height=540&#038;smart=true&#038;quality=80&Prime;,\u00a0\u00bbwidth\u00a0\u00bb:960},{\u00ab\u00a0height\u00a0\u00bb:864,\u00a0\u00bbsize\u00a0\u00bb:\u00a0\u00bblarge\u00a0\u00bb,\u00a0\u00bburl\u00a0\u00bb:\u00a0\u00bbhttps:\/\/bellmediainc-bnn-bloomberg-prod.web.arc-cdn.net\/resizer\/v2\/https%3A%2F%2Farc-goldfish-bellmediainc-thumbnails.s3.amazonaws.com%2F02-12-2026%2Ft_32d4d66fbff149d6bb2ed456a20a49b0_name_2025_8_19_e8f0df24_fd34_4567_861a_e44fe2635972_jpg_1920x1080.jpg?auth=1979491ac218fe84121f9e68e0e0b9e360ddc8f62cfaf1226b7292a00bc82214&#038;width=1536&#038;height=864&#038;smart=true&#038;quality=80&Prime;,\u00a0\u00bbwidth\u00a0\u00bb:1536}],\u00a0\u00bbplatform\u00a0\u00bb:\u00a0\u00bbdesktop\u00a0\u00bb,\u00a0\u00bbvideoAdZone\u00a0\u00bb:\u00a0\u00bbwpni.video.oodef\u00a0\u00bb},\u00a0\u00bbduration\u00a0\u00bb:66,\u00a0\u00bbpromo_items\u00a0\u00bb:{\u00ab\u00a0basic\u00a0\u00bb:{\u00ab\u00a0auth\u00a0\u00bb:{\u00ab\u00a01&Prime;:\u00a0\u00bb7fa564934cd3af076eb071af5e620ca86931b066504530ba90058f7760073922&Prime;},\u00a0\u00bbtype\u00a0\u00bb:\u00a0\u00bbimage\u00a0\u00bb,\u00a0\u00bburl\u00a0\u00bb:\u00a0\u00bbhttps:\/\/d3g70guqh4mw9g.cloudfront.net\/02-12-2026\/t_32d4d66fbff149d6bb2ed456a20a49b0_name_2025_8_19_e8f0df24_fd34_4567_861a_e44fe2635972_jpg_1920x1080.jpg\u00a0\u00bb}},\u00a0\u00bbtype\u00a0\u00bb:\u00a0\u00bbvideo\u00a0\u00bb}},\u00a0\u00bbtaxonomy\u00a0\u00bb:{\u00ab\u00a0primary_section\u00a0\u00bb:{\u00ab\u00a0name\u00a0\u00bb:\u00a0\u00bbActualit\u00e9s et potins\u00a0\u00bb,\u00a0\u00bbpath\u00a0\u00bb:\u00a0\u00bbhttps:\/\/www.noovomoi.ca\/en-vedette\/actualites-potins\u00a0\u00bb}},\u00a0\u00bbtype\u00a0\u00bb:\u00a0\u00bbstory\u00a0\u00bb,\u00a0\u00bbwebsite_url\u00a0\u00bb:\u00a0\u00bbhttps:\/\/www.noovomoi.ca\/en-vedette\/actualites-potins\/article\/melissa-bedard-donne-de-ses-nouvelles-apres-un-important-degat-deau\/\u00a0\u00bb,\u00a0\u00bbwebsites\u00a0\u00bb:{\u00ab\u00a0noovo-moi\u00a0\u00bb:{\u00ab\u00a0website_url\u00a0\u00bb:\u00a0\u00bbhttps:\/\/www.noovomoi.ca\/en-vedette\/actualites-potins\/article\/melissa-bedard-donne-de-ses-nouvelles-apres-un-important-degat-deau\/\u00a0\u00bb}}},{\u00ab\u00a0_id\u00a0\u00bb:\u00a0\u00bbKUIY6MIE25BYHNYKFI7BKMLNOE\u00a0\u00bb,\u00a0\u00bbadditional_properties\u00a0\u00bb:{},\u00a0\u00bbcanonical_url\u00a0\u00bb:\u00a0\u00bbhttps:\/\/www.noovomoi.ca\/en-vedette\/actualites-potins\/article\/sarah-jeanne-labrosse-devoile-sa-nouvelle-tete-ensoleillee\/\u00a0\u00bb,\u00a0\u00bbdescription\u00a0\u00bb:{\u00ab\u00a0basic\u00a0\u00bb:\u00a0\u00bbSarah-Jeanne Labrosse ne ressemble plus \u00e0 \u00e7a!\u00a0\u00bb},\u00a0\u00bbdisplay_date\u00a0\u00bb:\u00a0\u00bb2026-03-16T19:25:29.941Z\u00a0\u00bb,\u00a0\u00bbheadlines\u00a0\u00bb:{\u00ab\u00a0basic\u00a0\u00bb:\u00a0\u00bbSarah-Jeanne Labrosse d\u00e9voile sa nouvelle t\u00eate ensoleill\u00e9e\u00a0\u00bb},\u00a0\u00bbowner\u00a0\u00bb:{\u00ab\u00a0sponsored\u00a0\u00bb:false},\u00a0\u00bbpromo_items\u00a0\u00bb:{\u00ab\u00a0basic\u00a0\u00bb:{\u00ab\u00a0_id\u00a0\u00bb:\u00a0\u00bb5XJ72WHPM5GXNNAPOUZVB7BIAY\u00a0\u00bb,\u00a0\u00bbauth\u00a0\u00bb:{\u00ab\u00a01&Prime;:\u00a0\u00bbf7d1a1c3ef273bf45eafd101d4e428c81cedffcf5b0597aad23563c4dc69a987&Prime;},\u00a0\u00bbtype\u00a0\u00bb:\u00a0\u00bbimage\u00a0\u00bb,\u00a0\u00bburl\u00a0\u00bb:\u00a0\u00bbhttps:\/\/cloudfront-us-east-1.images.arcpublishing.com\/bellmediainc\/5XJ72WHPM5GXNNAPOUZVB7BIAY.jpg\u00a0\u00bb},\u00a0\u00bblead_art\u00a0\u00bb:{\u00ab\u00a0_id\u00a0\u00bb:\u00a0\u00bb913bac83-6e4b-4d83-bbfc-c06513912a8b\u00a0\u00bb,\u00a0\u00bbadditional_properties\u00a0\u00bb:{\u00ab\u00a0axisId\u00a0\u00bb:\u00a0\u00bb3182194&Prime;,\u00a0\u00bbaxis_duration\u00a0\u00bb:167.468,\u00a0\u00bbimageResizerUrls\u00a0\u00bb:[{\u00ab\u00a0height\u00a0\u00bb:270,\u00a0\u00bbsize\u00a0\u00bb:\u00a0\u00bbsmall\u00a0\u00bb,\u00a0\u00bburl\u00a0\u00bb:\u00a0\u00bbhttps:\/\/bellmediainc-bnn-bloomberg-prod.web.arc-cdn.net\/resizer\/v2\/https%3A%2F%2Farc-goldfish-bellmediainc-thumbnails.s3.amazonaws.com%2F02-12-2026%2Ft_06c9e7695e63408e834016379b14e1d1_name_2025_8_7_640f025d_d26a_40f4_884f_672522e33eea_jpg_1600x900.jpg?auth=d3f51a6fb0c53d64196d2ae06574bf1515823fd8b0512de55cfa89f6ee1e0942&#038;width=480&#038;height=270&#038;smart=true&#038;quality=80&Prime;,\u00a0\u00bbwidth\u00a0\u00bb:480},{\u00ab\u00a0height\u00a0\u00bb:450,\u00a0\u00bbsize\u00a0\u00bb:\u00a0\u00bbmedium\u00a0\u00bb,\u00a0\u00bburl\u00a0\u00bb:\u00a0\u00bbhttps:\/\/bellmediainc-bnn-bloomberg-prod.web.arc-cdn.net\/resizer\/v2\/https%3A%2F%2Farc-goldfish-bellmediainc-thumbnails.s3.amazonaws.com%2F02-12-2026%2Ft_06c9e7695e63408e834016379b14e1d1_name_2025_8_7_640f025d_d26a_40f4_884f_672522e33eea_jpg_1600x900.jpg?auth=d3f51a6fb0c53d64196d2ae06574bf1515823fd8b0512de55cfa89f6ee1e0942&#038;width=800&#038;height=450&#038;smart=true&#038;quality=80&Prime;,\u00a0\u00bbwidth\u00a0\u00bb:800},{\u00ab\u00a0height\u00a0\u00bb:720,\u00a0\u00bbsize\u00a0\u00bb:\u00a0\u00bblarge\u00a0\u00bb,\u00a0\u00bburl\u00a0\u00bb:\u00a0\u00bbhttps:\/\/bellmediainc-bnn-bloomberg-prod.web.arc-cdn.net\/resizer\/v2\/https%3A%2F%2Farc-goldfish-bellmediainc-thumbnails.s3.amazonaws.com%2F02-12-2026%2Ft_06c9e7695e63408e834016379b14e1d1_name_2025_8_7_640f025d_d26a_40f4_884f_672522e33eea_jpg_1600x900.jpg?auth=d3f51a6fb0c53d64196d2ae06574bf1515823fd8b0512de55cfa89f6ee1e0942&#038;width=1280&#038;height=720&#038;smart=true&#038;quality=80&Prime;,\u00a0\u00bbwidth\u00a0\u00bb:1280}],\u00a0\u00bbplatform\u00a0\u00bb:\u00a0\u00bbdesktop\u00a0\u00bb,\u00a0\u00bbvideoAdZone\u00a0\u00bb:\u00a0\u00bbwpni.video.oodef\u00a0\u00bb},\u00a0\u00bbduration\u00a0\u00bb:66,\u00a0\u00bbpromo_items\u00a0\u00bb:{\u00ab\u00a0basic\u00a0\u00bb:{\u00ab\u00a0auth\u00a0\u00bb:{\u00ab\u00a01&Prime;:\u00a0\u00bb3b9b350fd6d46de370f5ea37ffac0dac0c38a8a929e3148784fa7e2c4c6a4671&Prime;},\u00a0\u00bbtype\u00a0\u00bb:\u00a0\u00bbimage\u00a0\u00bb,\u00a0\u00bburl\u00a0\u00bb:\u00a0\u00bbhttps:\/\/d3g70guqh4mw9g.cloudfront.net\/02-12-2026\/t_06c9e7695e63408e834016379b14e1d1_name_2025_8_7_640f025d_d26a_40f4_884f_672522e33eea_jpg_1600x900.jpg\u00a0\u00bb}},\u00a0\u00bbtype\u00a0\u00bb:\u00a0\u00bbvideo\u00a0\u00bb}},\u00a0\u00bbtaxonomy\u00a0\u00bb:{\u00ab\u00a0primary_section\u00a0\u00bb:{\u00ab\u00a0name\u00a0\u00bb:\u00a0\u00bbActualit\u00e9s et potins\u00a0\u00bb,\u00a0\u00bbpath\u00a0\u00bb:\u00a0\u00bbhttps:\/\/www.noovomoi.ca\/en-vedette\/actualites-potins\u00a0\u00bb}},\u00a0\u00bbtype\u00a0\u00bb:\u00a0\u00bbstory\u00a0\u00bb,\u00a0\u00bbwebsite_url\u00a0\u00bb:\u00a0\u00bbhttps:\/\/www.noovomoi.ca\/en-vedette\/actualites-potins\/article\/sarah-jeanne-labrosse-devoile-sa-nouvelle-tete-ensoleillee\/\u00a0\u00bb,\u00a0\u00bbwebsites\u00a0\u00bb:{\u00ab\u00a0noovo-moi\u00a0\u00bb:{\u00ab\u00a0website_url\u00a0\u00bb:\u00a0\u00bbhttps:\/\/www.noovomoi.ca\/en-vedette\/actualites-potins\/article\/sarah-jeanne-labrosse-devoile-sa-nouvelle-tete-ensoleillee\/\u00a0\u00bb}}},{\u00ab\u00a0_id\u00a0\u00bb:\u00a0\u00bbN37DYMW3VRAHZLSBV4CCNHOV6E\u00a0\u00bb,\u00a0\u00bbadditional_properties\u00a0\u00bb:{},\u00a0\u00bbcanonical_url\u00a0\u00bb:\u00a0\u00bbhttps:\/\/www.noovomoi.ca\/en-vedette\/actualites-potins\/article\/pas-dhommage-pour-james-van-der-beek-aux-oscars-les-fans-reagissent\/\u00a0\u00bb,\u00a0\u00bbdescription\u00a0\u00bb:{\u00ab\u00a0basic\u00a0\u00bb:\u00a0\u00bbLe c\u00e9l\u00e8bre interpr\u00e8te de Dawson dans la s\u00e9rie du m\u00eame nom, d\u00e9c\u00e9d\u00e9 en f\u00e9vrier dernier, a \u00e9t\u00e9 exclu du segment in memoriam aux Oscars 2026. Voyez les nombreuses r\u00e9actions du public.\u00a0\u00bb},\u00a0\u00bbdisplay_date\u00a0\u00bb:\u00a0\u00bb2026-03-16T17:20:14.591Z\u00a0\u00bb,\u00a0\u00bbheadlines\u00a0\u00bb:{\u00ab\u00a0basic\u00a0\u00bb:\u00a0\u00bbPas d\u2019hommage pour James Van Der Beek aux Oscars, les fans r\u00e9agissent\u00a0\u00bb},\u00a0\u00bbowner\u00a0\u00bb:{\u00ab\u00a0sponsored\u00a0\u00bb:false},\u00a0\u00bbpromo_items\u00a0\u00bb:{\u00ab\u00a0basic\u00a0\u00bb:{\u00ab\u00a0_id\u00a0\u00bb:\u00a0\u00bb2CKRORCOA5EGTIEHWNB3QMDDTY\u00a0\u00bb,\u00a0\u00bbauth\u00a0\u00bb:{\u00ab\u00a01&Prime;:\u00a0\u00bbb984f644ee1a53a1eec7485bde6d38e88235427bb3560fefb9490a1edeccd7f5&Prime;},\u00a0\u00bbtype\u00a0\u00bb:\u00a0\u00bbimage\u00a0\u00bb,\u00a0\u00bburl\u00a0\u00bb:\u00a0\u00bbhttps:\/\/cloudfront-us-east-1.images.arcpublishing.com\/bellmediainc\/2CKRORCOA5EGTIEHWNB3QMDDTY.jpg\u00a0\u00bb},\u00a0\u00bblead_art\u00a0\u00bb:{\u00ab\u00a0_id\u00a0\u00bb:\u00a0\u00bb2b51f158-3c36-411f-9cba-812bd90843a5&Prime;,\u00a0\u00bbadditional_properties\u00a0\u00bb:{\u00ab\u00a0axisId\u00a0\u00bb:\u00a0\u00bb2756691&Prime;,\u00a0\u00bbaxis_duration\u00a0\u00bb:55.034,\u00a0\u00bbimageResizerUrls\u00a0\u00bb:[{\u00ab\u00a0height\u00a0\u00bb:324,\u00a0\u00bbsize\u00a0\u00bb:\u00a0\u00bbsmall\u00a0\u00bb,\u00a0\u00bburl\u00a0\u00bb:\u00a0\u00bbhttps:\/\/bellmediainc-bnn-bloomberg-prod.web.arc-cdn.net\/resizer\/v2\/https%3A%2F%2Farc-goldfish-bellmediainc-thumbnails.s3.amazonaws.com%2F02-04-2026%2Ft_0db007d5f0c6476e996da4bff0f17d19_name_2023_8_30_fa97aa0e_d6e9_4747_927d_4bb61aac9a5e_jpg_1920x1080.jpg?auth=174fa549e5e371c3f5d43f33c8c94a7f45deda42d41e2982bef392f17fcd7cf7&#038;width=576&#038;height=324&#038;smart=true&#038;quality=80&Prime;,\u00a0\u00bbwidth\u00a0\u00bb:576},{\u00ab\u00a0height\u00a0\u00bb:540,\u00a0\u00bbsize\u00a0\u00bb:\u00a0\u00bbmedium\u00a0\u00bb,\u00a0\u00bburl\u00a0\u00bb:\u00a0\u00bbhttps:\/\/bellmediainc-bnn-bloomberg-prod.web.arc-cdn.net\/resizer\/v2\/https%3A%2F%2Farc-goldfish-bellmediainc-thumbnails.s3.amazonaws.com%2F02-04-2026%2Ft_0db007d5f0c6476e996da4bff0f17d19_name_2023_8_30_fa97aa0e_d6e9_4747_927d_4bb61aac9a5e_jpg_1920x1080.jpg?auth=174fa549e5e371c3f5d43f33c8c94a7f45deda42d41e2982bef392f17fcd7cf7&#038;width=960&#038;height=540&#038;smart=true&#038;quality=80&Prime;,\u00a0\u00bbwidth\u00a0\u00bb:960},{\u00ab\u00a0height\u00a0\u00bb:864,\u00a0\u00bbsize\u00a0\u00bb:\u00a0\u00bblarge\u00a0\u00bb,\u00a0\u00bburl\u00a0\u00bb:\u00a0\u00bbhttps:\/\/bellmediainc-bnn-bloomberg-prod.web.arc-cdn.net\/resizer\/v2\/https%3A%2F%2Farc-goldfish-bellmediainc-thumbnails.s3.amazonaws.com%2F02-04-2026%2Ft_0db007d5f0c6476e996da4bff0f17d19_name_2023_8_30_fa97aa0e_d6e9_4747_927d_4bb61aac9a5e_jpg_1920x1080.jpg?auth=174fa549e5e371c3f5d43f33c8c94a7f45deda42d41e2982bef392f17fcd7cf7&#038;width=1536&#038;height=864&#038;smart=true&#038;quality=80&Prime;,\u00a0\u00bbwidth\u00a0\u00bb:1536}],\u00a0\u00bbplatform\u00a0\u00bb:\u00a0\u00bbdesktop\u00a0\u00bb,\u00a0\u00bbvideoAdZone\u00a0\u00bb:\u00a0\u00bbwpni.video.oodef\u00a0\u00bb},\u00a0\u00bbduration\u00a0\u00bb:66,\u00a0\u00bbpromo_items\u00a0\u00bb:{\u00ab\u00a0basic\u00a0\u00bb:{\u00ab\u00a0auth\u00a0\u00bb:{\u00ab\u00a01&Prime;:\u00a0\u00bbb39e5a073544c61cdda4b415448dcf8242afe2a0e429f8fc8dac1cb13d98fe14&Prime;},\u00a0\u00bbtype\u00a0\u00bb:\u00a0\u00bbimage\u00a0\u00bb,\u00a0\u00bburl\u00a0\u00bb:\u00a0\u00bbhttps:\/\/d3g70guqh4mw9g.cloudfront.net\/02-04-2026\/t_0db007d5f0c6476e996da4bff0f17d19_name_2023_8_30_fa97aa0e_d6e9_4747_927d_4bb61aac9a5e_jpg_1920x1080.jpg\u00a0\u00bb}},\u00a0\u00bbtype\u00a0\u00bb:\u00a0\u00bbvideo\u00a0\u00bb}},\u00a0\u00bbtaxonomy\u00a0\u00bb:{\u00ab\u00a0primary_section\u00a0\u00bb:{\u00ab\u00a0name\u00a0\u00bb:\u00a0\u00bbActualit\u00e9s et potins\u00a0\u00bb,\u00a0\u00bbpath\u00a0\u00bb:\u00a0\u00bbhttps:\/\/www.noovomoi.ca\/en-vedette\/actualites-potins\u00a0\u00bb}},\u00a0\u00bbtype\u00a0\u00bb:\u00a0\u00bbstory\u00a0\u00bb,\u00a0\u00bbwebsite_url\u00a0\u00bb:\u00a0\u00bbhttps:\/\/www.noovomoi.ca\/en-vedette\/actualites-potins\/article\/pas-dhommage-pour-james-van-der-beek-aux-oscars-les-fans-reagissent\/\u00a0\u00bb,\u00a0\u00bbwebsites\u00a0\u00bb:{\u00ab\u00a0noovo-moi\u00a0\u00bb:{\u00ab\u00a0website_url\u00a0\u00bb:\u00a0\u00bbhttps:\/\/www.noovomoi.ca\/en-vedette\/actualites-potins\/article\/pas-dhommage-pour-james-van-der-beek-aux-oscars-les-fans-reagissent\/\u00a0\u00bb}}},{\u00ab\u00a0_id\u00a0\u00bb:\u00a0\u00bbZK7FHKS3V5HG5HG42PSNVORYRQ\u00a0\u00bb,\u00a0\u00bbadditional_properties\u00a0\u00bb:{},\u00a0\u00bbcanonical_url\u00a0\u00bb:\u00a0\u00bbhttps:\/\/www.noovomoi.ca\/en-vedette\/actualites-potins\/article\/isabelle-gauvin-est-de-retour-au-gym-je-dois-rebatir-ce-que-jai-perdu\/\u00a0\u00bb,\u00a0\u00bbdescription\u00a0\u00bb:{\u00ab\u00a0basic\u00a0\u00bb:\u00a0\u00bbApr\u00e8s Survivor Qu\u00e9bec, Isabelle Gauvin a officiellement recommenc\u00e9 ses entra\u00eenements au gym. Lisez les d\u00e9tails dans notre article. \u00ab\u00a0},\u00a0\u00bbdisplay_date\u00a0\u00bb:\u00a0\u00bb2026-03-16T15:59:05.59Z\u00a0\u00bb,\u00a0\u00bbheadlines\u00a0\u00bb:{\u00ab\u00a0basic\u00a0\u00bb:\u00a0\u00bbIsabelle Gauvin est de retour au gym: \u00abje dois reb\u00e2tir ce que j\u2019ai perdu\u00bb\u00a0\u00bb},\u00a0\u00bbowner\u00a0\u00bb:{\u00ab\u00a0sponsored\u00a0\u00bb:false},\u00a0\u00bbpromo_items\u00a0\u00bb:{\u00ab\u00a0basic\u00a0\u00bb:{\u00ab\u00a0_id\u00a0\u00bb:\u00a0\u00bb5B7422ATUJFMNNRTBKW3J7NELI\u00a0\u00bb,\u00a0\u00bbauth\u00a0\u00bb:{\u00ab\u00a01&Prime;:\u00a0\u00bbfc81de04c3425601478264383d7d3e079d7df5199fde929888b014b3573de006&Prime;},\u00a0\u00bbtype\u00a0\u00bb:\u00a0\u00bbimage\u00a0\u00bb,\u00a0\u00bburl\u00a0\u00bb:\u00a0\u00bbhttps:\/\/cloudfront-us-east-1.images.arcpublishing.com\/bellmediainc\/5B7422ATUJFMNNRTBKW3J7NELI.jpg\u00a0\u00bb},\u00a0\u00bblead_art\u00a0\u00bb:{\u00ab\u00a0_id\u00a0\u00bb:\u00a0\u00bba13b7cee-7804-467a-bc02-4a9535e6486c\u00a0\u00bb,\u00a0\u00bbadditional_properties\u00a0\u00bb:{\u00ab\u00a0axisId\u00a0\u00bb:\u00a0\u00bb3313341&Prime;,\u00a0\u00bbaxis_duration\u00a0\u00bb:135.536,\u00a0\u00bbimageResizerUrls\u00a0\u00bb:[{\u00ab\u00a0height\u00a0\u00bb:270,\u00a0\u00bbsize\u00a0\u00bb:\u00a0\u00bbsmall\u00a0\u00bb,\u00a0\u00bburl\u00a0\u00bb:\u00a0\u00bbhttps:\/\/bellmediainc-bnn-bloomberg-prod.web.arc-cdn.net\/resizer\/v2\/https%3A%2F%2Farc-goldfish-bellmediainc-thumbnails.s3.amazonaws.com%2F02-17-2026%2Ft_52ccc75f448d42038a3764e3ca838ba5_name_2026_2_17_8d17a3a6_eaba_43cf_b4a2_2dbcbaf41549_jpg_1600x900.jpg?auth=4bc05b2abb7815c680c5de30d8a1bd7d4549525124f8e78415e05574a876906c&#038;width=480&#038;height=270&#038;smart=true&#038;quality=80&Prime;,\u00a0\u00bbwidth\u00a0\u00bb:480},{\u00ab\u00a0height\u00a0\u00bb:450,\u00a0\u00bbsize\u00a0\u00bb:\u00a0\u00bbmedium\u00a0\u00bb,\u00a0\u00bburl\u00a0\u00bb:\u00a0\u00bbhttps:\/\/bellmediainc-bnn-bloomberg-prod.web.arc-cdn.net\/resizer\/v2\/https%3A%2F%2Farc-goldfish-bellmediainc-thumbnails.s3.amazonaws.com%2F02-17-2026%2Ft_52ccc75f448d42038a3764e3ca838ba5_name_2026_2_17_8d17a3a6_eaba_43cf_b4a2_2dbcbaf41549_jpg_1600x900.jpg?auth=4bc05b2abb7815c680c5de30d8a1bd7d4549525124f8e78415e05574a876906c&#038;width=800&#038;height=450&#038;smart=true&#038;quality=80&Prime;,\u00a0\u00bbwidth\u00a0\u00bb:800},{\u00ab\u00a0height\u00a0\u00bb:720,\u00a0\u00bbsize\u00a0\u00bb:\u00a0\u00bblarge\u00a0\u00bb,\u00a0\u00bburl\u00a0\u00bb:\u00a0\u00bbhttps:\/\/bellmediainc-bnn-bloomberg-prod.web.arc-cdn.net\/resizer\/v2\/https%3A%2F%2Farc-goldfish-bellmediainc-thumbnails.s3.amazonaws.com%2F02-17-2026%2Ft_52ccc75f448d42038a3764e3ca838ba5_name_2026_2_17_8d17a3a6_eaba_43cf_b4a2_2dbcbaf41549_jpg_1600x900.jpg?auth=4bc05b2abb7815c680c5de30d8a1bd7d4549525124f8e78415e05574a876906c&#038;width=1280&#038;height=720&#038;smart=true&#038;quality=80&Prime;,\u00a0\u00bbwidth\u00a0\u00bb:1280}],\u00a0\u00bbplatform\u00a0\u00bb:\u00a0\u00bbdesktop\u00a0\u00bb,\u00a0\u00bbvideoAdZone\u00a0\u00bb:\u00a0\u00bbwpni.video.oodef\u00a0\u00bb},\u00a0\u00bbduration\u00a0\u00bb:66,\u00a0\u00bbpromo_items\u00a0\u00bb:{\u00ab\u00a0basic\u00a0\u00bb:{\u00ab\u00a0auth\u00a0\u00bb:{\u00ab\u00a01&Prime;:\u00a0\u00bb795a9f50db54d5c6f23105ef791df238c06b1157224805bbbe5d82abe2e1e564&Prime;},\u00a0\u00bbtype\u00a0\u00bb:\u00a0\u00bbimage\u00a0\u00bb,\u00a0\u00bburl\u00a0\u00bb:\u00a0\u00bbhttps:\/\/d3g70guqh4mw9g.cloudfront.net\/02-17-2026\/t_52ccc75f448d42038a3764e3ca838ba5_name_2026_2_17_8d17a3a6_eaba_43cf_b4a2_2dbcbaf41549_jpg_1600x900.jpg\u00a0\u00bb}},\u00a0\u00bbtype\u00a0\u00bb:\u00a0\u00bbvideo\u00a0\u00bb}},\u00a0\u00bbtaxonomy\u00a0\u00bb:{\u00ab\u00a0primary_section\u00a0\u00bb:{\u00ab\u00a0name\u00a0\u00bb:\u00a0\u00bbActualit\u00e9s et potins\u00a0\u00bb,\u00a0\u00bbpath\u00a0\u00bb:\u00a0\u00bbhttps:\/\/www.noovomoi.ca\/en-vedette\/actualites-potins\u00a0\u00bb}},\u00a0\u00bbtype\u00a0\u00bb:\u00a0\u00bbstory\u00a0\u00bb,\u00a0\u00bbwebsite_url\u00a0\u00bb:\u00a0\u00bbhttps:\/\/www.noovomoi.ca\/en-vedette\/actualites-potins\/article\/isabelle-gauvin-est-de-retour-au-gym-je-dois-rebatir-ce-que-jai-perdu\/\u00a0\u00bb,\u00a0\u00bbwebsites\u00a0\u00bb:{\u00ab\u00a0noovo-moi\u00a0\u00bb:{\u00ab\u00a0website_url\u00a0\u00bb:\u00a0\u00bbhttps:\/\/www.noovomoi.ca\/en-vedette\/actualites-potins\/article\/isabelle-gauvin-est-de-retour-au-gym-je-dois-rebatir-ce-que-jai-perdu\/\u00a0\u00bb}}},{\u00ab\u00a0_id\u00a0\u00bb:\u00a0\u00bbQ36DCRLR5BB23OBK67CTQSQZBY\u00a0\u00bb,\u00a0\u00bbadditional_properties\u00a0\u00bb:{},\u00a0\u00bbcanonical_url\u00a0\u00bb:\u00a0\u00bbhttps:\/\/www.noovomoi.ca\/en-vedette\/actualites-potins\/article\/mike-chez-rona-voici-comment-la-blonde-dalexandre-pronovost-a-reagi-a-son-changement-de-carriere\/\u00a0\u00bb,\u00a0\u00bbdescription\u00a0\u00bb:{\u00ab\u00a0basic\u00a0\u00bb:\u00a0\u00bbAlexandre Pronovost \u00e9tait invit\u00e9 au balado Apporte-moi ton CV, anim\u00e9 par Christophe Dup\u00e9r\u00e9 et Ludovick Bourgeois, o\u00f9 il s\u2019est ouvert sur sa vie priv\u00e9e.\u00a0\u00bb},\u00a0\u00bbdisplay_date\u00a0\u00bb:\u00a0\u00bb2026-03-16T15:41:39.117Z\u00a0\u00bb,\u00a0\u00bbheadlines\u00a0\u00bb:{\u00ab\u00a0basic\u00a0\u00bb:\u00a0\u00bbMike chez Rona: voici comment la blonde d\u2019Alexandre Pronovost a r\u00e9agi \u00e0 son changement de carri\u00e8re\u00a0\u00bb},\u00a0\u00bbowner\u00a0\u00bb:{\u00ab\u00a0sponsored\u00a0\u00bb:false},\u00a0\u00bbpromo_items\u00a0\u00bb:{\u00ab\u00a0basic\u00a0\u00bb:{\u00ab\u00a0_id\u00a0\u00bb:\u00a0\u00bbZQWFMT4FKFCYZKPGK2ENIUOTP4&Prime;,\u00a0\u00bbauth\u00a0\u00bb:{\u00ab\u00a01&Prime;:\u00a0\u00bb9e72ebd54a3e89fec6d5920808c3085023945aac0da1c03f72202c6cfdcee629&Prime;},\u00a0\u00bbtype\u00a0\u00bb:\u00a0\u00bbimage\u00a0\u00bb,\u00a0\u00bburl\u00a0\u00bb:\u00a0\u00bbhttps:\/\/cloudfront-us-east-1.images.arcpublishing.com\/bellmediainc\/ZQWFMT4FKFCYZKPGK2ENIUOTP4.jpg\u00a0\u00bb},\u00a0\u00bblead_art\u00a0\u00bb:{\u00ab\u00a0_id\u00a0\u00bb:\u00a0\u00bb2b51f158-3c36-411f-9cba-812bd90843a5&Prime;,\u00a0\u00bbadditional_properties\u00a0\u00bb:{\u00ab\u00a0axisId\u00a0\u00bb:\u00a0\u00bb2756691&Prime;,\u00a0\u00bbaxis_duration\u00a0\u00bb:55.034,\u00a0\u00bbimageResizerUrls\u00a0\u00bb:[{\u00ab\u00a0height\u00a0\u00bb:324,\u00a0\u00bbsize\u00a0\u00bb:\u00a0\u00bbsmall\u00a0\u00bb,\u00a0\u00bburl\u00a0\u00bb:\u00a0\u00bbhttps:\/\/bellmediainc-bnn-bloomberg-prod.web.arc-cdn.net\/resizer\/v2\/https%3A%2F%2Farc-goldfish-bellmediainc-thumbnails.s3.amazonaws.com%2F02-04-2026%2Ft_0db007d5f0c6476e996da4bff0f17d19_name_2023_8_30_fa97aa0e_d6e9_4747_927d_4bb61aac9a5e_jpg_1920x1080.jpg?auth=174fa549e5e371c3f5d43f33c8c94a7f45deda42d41e2982bef392f17fcd7cf7&#038;width=576&#038;height=324&#038;smart=true&#038;quality=80&Prime;,\u00a0\u00bbwidth\u00a0\u00bb:576},{\u00ab\u00a0height\u00a0\u00bb:540,\u00a0\u00bbsize\u00a0\u00bb:\u00a0\u00bbmedium\u00a0\u00bb,\u00a0\u00bburl\u00a0\u00bb:\u00a0\u00bbhttps:\/\/bellmediainc-bnn-bloomberg-prod.web.arc-cdn.net\/resizer\/v2\/https%3A%2F%2Farc-goldfish-bellmediainc-thumbnails.s3.amazonaws.com%2F02-04-2026%2Ft_0db007d5f0c6476e996da4bff0f17d19_name_2023_8_30_fa97aa0e_d6e9_4747_927d_4bb61aac9a5e_jpg_1920x1080.jpg?auth=174fa549e5e371c3f5d43f33c8c94a7f45deda42d41e2982bef392f17fcd7cf7&#038;width=960&#038;height=540&#038;smart=true&#038;quality=80&Prime;,\u00a0\u00bbwidth\u00a0\u00bb:960},{\u00ab\u00a0height\u00a0\u00bb:864,\u00a0\u00bbsize\u00a0\u00bb:\u00a0\u00bblarge\u00a0\u00bb,\u00a0\u00bburl\u00a0\u00bb:\u00a0\u00bbhttps:\/\/bellmediainc-bnn-bloomberg-prod.web.arc-cdn.net\/resizer\/v2\/https%3A%2F%2Farc-goldfish-bellmediainc-thumbnails.s3.amazonaws.com%2F02-04-2026%2Ft_0db007d5f0c6476e996da4bff0f17d19_name_2023_8_30_fa97aa0e_d6e9_4747_927d_4bb61aac9a5e_jpg_1920x1080.jpg?auth=174fa549e5e371c3f5d43f33c8c94a7f45deda42d41e2982bef392f17fcd7cf7&#038;width=1536&#038;height=864&#038;smart=true&#038;quality=80&Prime;,\u00a0\u00bbwidth\u00a0\u00bb:1536}],\u00a0\u00bbplatform\u00a0\u00bb:\u00a0\u00bbdesktop\u00a0\u00bb,\u00a0\u00bbvideoAdZone\u00a0\u00bb:\u00a0\u00bbwpni.video.oodef\u00a0\u00bb},\u00a0\u00bbduration\u00a0\u00bb:66,\u00a0\u00bbpromo_items\u00a0\u00bb:{\u00ab\u00a0basic\u00a0\u00bb:{\u00ab\u00a0auth\u00a0\u00bb:{\u00ab\u00a01&Prime;:\u00a0\u00bbb39e5a073544c61cdda4b415448dcf8242afe2a0e429f8fc8dac1cb13d98fe14&Prime;},\u00a0\u00bbtype\u00a0\u00bb:\u00a0\u00bbimage\u00a0\u00bb,\u00a0\u00bburl\u00a0\u00bb:\u00a0\u00bbhttps:\/\/d3g70guqh4mw9g.cloudfront.net\/02-04-2026\/t_0db007d5f0c6476e996da4bff0f17d19_name_2023_8_30_fa97aa0e_d6e9_4747_927d_4bb61aac9a5e_jpg_1920x1080.jpg\u00a0\u00bb}},\u00a0\u00bbtype\u00a0\u00bb:\u00a0\u00bbvideo\u00a0\u00bb}},\u00a0\u00bbtaxonomy\u00a0\u00bb:{\u00ab\u00a0primary_section\u00a0\u00bb:{\u00ab\u00a0name\u00a0\u00bb:\u00a0\u00bbActualit\u00e9s et potins\u00a0\u00bb,\u00a0\u00bbpath\u00a0\u00bb:\u00a0\u00bbhttps:\/\/www.noovomoi.ca\/en-vedette\/actualites-potins\u00a0\u00bb}},\u00a0\u00bbtype\u00a0\u00bb:\u00a0\u00bbstory\u00a0\u00bb,\u00a0\u00bbwebsite_url\u00a0\u00bb:\u00a0\u00bbhttps:\/\/www.noovomoi.ca\/en-vedette\/actualites-potins\/article\/mike-chez-rona-voici-comment-la-blonde-dalexandre-pronovost-a-reagi-a-son-changement-de-carriere\/\u00a0\u00bb,\u00a0\u00bbwebsites\u00a0\u00bb:{\u00ab\u00a0noovo-moi\u00a0\u00bb:{\u00ab\u00a0website_url\u00a0\u00bb:\u00a0\u00bbhttps:\/\/www.noovomoi.ca\/en-vedette\/actualites-potins\/article\/mike-chez-rona-voici-comment-la-blonde-dalexandre-pronovost-a-reagi-a-son-changement-de-carriere\/\u00a0\u00bb}}},{\u00ab\u00a0_id\u00a0\u00bb:\u00a0\u00bbNIBDLY6HL5HWJIJ6XOZV2TR25I\u00a0\u00bb,\u00a0\u00bbadditional_properties\u00a0\u00bb:{},\u00a0\u00bbcanonical_url\u00a0\u00bb:\u00a0\u00bbhttps:\/\/www.noovomoi.ca\/en-vedette\/actualites-potins\/article\/voici-ce-que-michael-b-jordan-a-fait-apres-avoir-remporte-son-oscar\/\u00a0\u00bb,\u00a0\u00bbdescription\u00a0\u00bb:{\u00ab\u00a0basic\u00a0\u00bb:\u00a0\u00bbMichael B. Jordan a remport\u00e9 l\u2019Oscar du meilleur acteur pour sa performance dans le film Sinners.\u00a0\u00bb},\u00a0\u00bbdisplay_date\u00a0\u00bb:\u00a0\u00bb2026-03-16T13:02:48.062Z\u00a0\u00bb,\u00a0\u00bbheadlines\u00a0\u00bb:{\u00ab\u00a0basic\u00a0\u00bb:\u00a0\u00bbVoici ce que Michael B. Jordan a fait apr\u00e8s avoir remport\u00e9 son Oscar\u00a0\u00bb},\u00a0\u00bbowner\u00a0\u00bb:{\u00ab\u00a0sponsored\u00a0\u00bb:false},\u00a0\u00bbpromo_items\u00a0\u00bb:{\u00ab\u00a0basic\u00a0\u00bb:{\u00ab\u00a0_id\u00a0\u00bb:\u00a0\u00bbEVN722E3ONH3LO67NX6SVOMFXU\u00a0\u00bb,\u00a0\u00bbauth\u00a0\u00bb:{\u00ab\u00a01&Prime;:\u00a0\u00bbd8cf237e257a87f6ce741164625526a3cc95e9bc7a2f9f7f895fb0200b61047b\u00a0\u00bb},\u00a0\u00bbtype\u00a0\u00bb:\u00a0\u00bbimage\u00a0\u00bb,\u00a0\u00bburl\u00a0\u00bb:\u00a0\u00bbhttps:\/\/cloudfront-us-east-1.images.arcpublishing.com\/bellmediainc\/EVN722E3ONH3LO67NX6SVOMFXU.jpg\u00a0\u00bb},\u00a0\u00bblead_art\u00a0\u00bb:{\u00ab\u00a0_id\u00a0\u00bb:\u00a0\u00bb2b51f158-3c36-411f-9cba-812bd90843a5&Prime;,\u00a0\u00bbadditional_properties\u00a0\u00bb:{\u00ab\u00a0axisId\u00a0\u00bb:\u00a0\u00bb2756691&Prime;,\u00a0\u00bbaxis_duration\u00a0\u00bb:55.034,\u00a0\u00bbimageResizerUrls\u00a0\u00bb:[{\u00ab\u00a0height\u00a0\u00bb:324,\u00a0\u00bbsize\u00a0\u00bb:\u00a0\u00bbsmall\u00a0\u00bb,\u00a0\u00bburl\u00a0\u00bb:\u00a0\u00bbhttps:\/\/bellmediainc-bnn-bloomberg-prod.web.arc-cdn.net\/resizer\/v2\/https%3A%2F%2Farc-goldfish-bellmediainc-thumbnails.s3.amazonaws.com%2F02-04-2026%2Ft_0db007d5f0c6476e996da4bff0f17d19_name_2023_8_30_fa97aa0e_d6e9_4747_927d_4bb61aac9a5e_jpg_1920x1080.jpg?auth=174fa549e5e371c3f5d43f33c8c94a7f45deda42d41e2982bef392f17fcd7cf7&#038;width=576&#038;height=324&#038;smart=true&#038;quality=80&Prime;,\u00a0\u00bbwidth\u00a0\u00bb:576},{\u00ab\u00a0height\u00a0\u00bb:540,\u00a0\u00bbsize\u00a0\u00bb:\u00a0\u00bbmedium\u00a0\u00bb,\u00a0\u00bburl\u00a0\u00bb:\u00a0\u00bbhttps:\/\/bellmediainc-bnn-bloomberg-prod.web.arc-cdn.net\/resizer\/v2\/https%3A%2F%2Farc-goldfish-bellmediainc-thumbnails.s3.amazonaws.com%2F02-04-2026%2Ft_0db007d5f0c6476e996da4bff0f17d19_name_2023_8_30_fa97aa0e_d6e9_4747_927d_4bb61aac9a5e_jpg_1920x1080.jpg?auth=174fa549e5e371c3f5d43f33c8c94a7f45deda42d41e2982bef392f17fcd7cf7&#038;width=960&#038;height=540&#038;smart=true&#038;quality=80&Prime;,\u00a0\u00bbwidth\u00a0\u00bb:960},{\u00ab\u00a0height\u00a0\u00bb:864,\u00a0\u00bbsize\u00a0\u00bb:\u00a0\u00bblarge\u00a0\u00bb,\u00a0\u00bburl\u00a0\u00bb:\u00a0\u00bbhttps:\/\/bellmediainc-bnn-bloomberg-prod.web.arc-cdn.net\/resizer\/v2\/https%3A%2F%2Farc-goldfish-bellmediainc-thumbnails.s3.amazonaws.com%2F02-04-2026%2Ft_0db007d5f0c6476e996da4bff0f17d19_name_2023_8_30_fa97aa0e_d6e9_4747_927d_4bb61aac9a5e_jpg_1920x1080.jpg?auth=174fa549e5e371c3f5d43f33c8c94a7f45deda42d41e2982bef392f17fcd7cf7&#038;width=1536&#038;height=864&#038;smart=true&#038;quality=80&Prime;,\u00a0\u00bbwidth\u00a0\u00bb:1536}],\u00a0\u00bbplatform\u00a0\u00bb:\u00a0\u00bbdesktop\u00a0\u00bb,\u00a0\u00bbvideoAdZone\u00a0\u00bb:\u00a0\u00bbwpni.video.oodef\u00a0\u00bb},\u00a0\u00bbduration\u00a0\u00bb:66,\u00a0\u00bbpromo_items\u00a0\u00bb:{\u00ab\u00a0basic\u00a0\u00bb:{\u00ab\u00a0auth\u00a0\u00bb:{\u00ab\u00a01&Prime;:\u00a0\u00bbb39e5a073544c61cdda4b415448dcf8242afe2a0e429f8fc8dac1cb13d98fe14&Prime;},\u00a0\u00bbtype\u00a0\u00bb:\u00a0\u00bbimage\u00a0\u00bb,\u00a0\u00bburl\u00a0\u00bb:\u00a0\u00bbhttps:\/\/d3g70guqh4mw9g.cloudfront.net\/02-04-2026\/t_0db007d5f0c6476e996da4bff0f17d19_name_2023_8_30_fa97aa0e_d6e9_4747_927d_4bb61aac9a5e_jpg_1920x1080.jpg\u00a0\u00bb}},\u00a0\u00bbtype\u00a0\u00bb:\u00a0\u00bbvideo\u00a0\u00bb}},\u00a0\u00bbtaxonomy\u00a0\u00bb:{\u00ab\u00a0primary_section\u00a0\u00bb:{\u00ab\u00a0name\u00a0\u00bb:\u00a0\u00bbActualit\u00e9s et potins\u00a0\u00bb,\u00a0\u00bbpath\u00a0\u00bb:\u00a0\u00bbhttps:\/\/www.noovomoi.ca\/en-vedette\/actualites-potins\u00a0\u00bb}},\u00a0\u00bbtype\u00a0\u00bb:\u00a0\u00bbstory\u00a0\u00bb,\u00a0\u00bbwebsite_url\u00a0\u00bb:\u00a0\u00bbhttps:\/\/www.noovomoi.ca\/en-vedette\/actualites-potins\/article\/voici-ce-que-michael-b-jordan-a-fait-apres-avoir-remporte-son-oscar\/\u00a0\u00bb,\u00a0\u00bbwebsites\u00a0\u00bb:{\u00ab\u00a0noovo-moi\u00a0\u00bb:{\u00ab\u00a0website_url\u00a0\u00bb:\u00a0\u00bbhttps:\/\/www.noovomoi.ca\/en-vedette\/actualites-potins\/article\/voici-ce-que-michael-b-jordan-a-fait-apres-avoir-remporte-son-oscar\/\u00a0\u00bb}}}],\u00a0\u00bb_id\u00a0\u00bb:\u00a0\u00bbdc38f55acdb6312ca58d67bc20938940afafaddcba93c0c90140baf398be7704&Prime;},\u00a0\u00bbexpires\u00a0\u00bb:1773798591219,\u00a0\u00bblastModified\u00a0\u00bb:1773798291058}},\u00a0\u00bbcontent-api-collections\u00a0\u00bb:{\u00ab\u00a0{\\\u00a0\u00bb_id\\\u00a0\u00bb:\\\u00a0\u00bbPHOCB34OENFCDJ6R3AC2BKH6AY\\\u00a0\u00bb,\\\u00a0\u00bbcontent_alias\\\u00a0\u00bb:\\\u00a0\u00bbcontenus-promotionnels\\\u00a0\u00bb,\\\u00a0\u00bbfeature\\\u00a0\u00bb:\\\u00a0\u00bbstandard-list\\\u00a0\u00bb}\u00a0\u00bb:{\u00ab\u00a0data\u00a0\u00bb:{\u00ab\u00a0content_elements\u00a0\u00bb:[{\u00ab\u00a0_id\u00a0\u00bb:\u00a0\u00bbUEWGCIRDHRBBBEVDLGWJH7AXGE\u00a0\u00bb,\u00a0\u00bbcanonical_url\u00a0\u00bb:\u00a0\u00bbhttps:\/\/www.noovomoi.ca\/tendances\/infos-pratiques\/article\/la-ruche-le-recit-inspirant-de-deux-entreprises-quebecoises-qui-se-sont-propulsees-grace-au-financement-participatif\/\u00a0\u00bb,\u00a0\u00bbdescription\u00a0\u00bb:{\u00ab\u00a0basic\u00a0\u00bb:\u00a0\u00bbD\u00e9couvrez comment TAIGA BOARD et Bromont Campervan ont propuls\u00e9 leur croissance gr\u00e2ce au financement participatif et \u00e0 l\u2019accompagnement de La Ruche.\u00a0\u00bb},\u00a0\u00bbdisplay_date\u00a0\u00bb:\u00a0\u00bb2026-02-24T17:58:12.37Z\u00a0\u00bb,\u00a0\u00bbheadlines\u00a0\u00bb:{\u00ab\u00a0basic\u00a0\u00bb:\u00a0\u00bbLa Ruche: le r\u00e9cit inspirant de deux entreprises qu\u00e9b\u00e9coises qui se sont propuls\u00e9es gr\u00e2ce au financement participatif\u00a0\u00bb},\u00a0\u00bbowner\u00a0\u00bb:{\u00ab\u00a0sponsored\u00a0\u00bb:false},\u00a0\u00bbpromo_items\u00a0\u00bb:{\u00ab\u00a0basic\u00a0\u00bb:{\u00ab\u00a0_id\u00a0\u00bb:\u00a0\u00bbGSFGSR25CZDRXAWRK56DU5A5DY\u00a0\u00bb,\u00a0\u00bbauth\u00a0\u00bb:{\u00ab\u00a01&Prime;:\u00a0\u00bbbcb6f72fc499d223f74c6974d33f94a039dd8e4dfad63118e1463b36cd2f9bcb\u00a0\u00bb},\u00a0\u00bbtype\u00a0\u00bb:\u00a0\u00bbimage\u00a0\u00bb,\u00a0\u00bburl\u00a0\u00bb:\u00a0\u00bbhttps:\/\/cloudfront-us-east-1.images.arcpublishing.com\/bellmediainc\/GSFGSR25CZDRXAWRK56DU5A5DY.jpg\u00a0\u00bb}},\u00a0\u00bbtaxonomy\u00a0\u00bb:{\u00ab\u00a0primary_section\u00a0\u00bb:{\u00ab\u00a0name\u00a0\u00bb:\u00a0\u00bbInfos pratiques\u00a0\u00bb,\u00a0\u00bbpath\u00a0\u00bb:\u00a0\u00bbhttps:\/\/www.noovomoi.ca\/tendances\/infos-pratiques\u00a0\u00bb}},\u00a0\u00bbtype\u00a0\u00bb:\u00a0\u00bbstory\u00a0\u00bb,\u00a0\u00bbwebsites\u00a0\u00bb:{\u00ab\u00a0noovo-moi\u00a0\u00bb:{\u00ab\u00a0website_url\u00a0\u00bb:\u00a0\u00bbhttps:\/\/www.noovomoi.ca\/tendances\/infos-pratiques\/article\/la-ruche-le-recit-inspirant-de-deux-entreprises-quebecoises-qui-se-sont-propulsees-grace-au-financement-participatif\/\u00a0\u00bb}}},{\u00ab\u00a0_id\u00a0\u00bb:\u00a0\u00bbCOFIV5BMD2CZGZI2WPTCIKJT6M\u00a0\u00bb,\u00a0\u00bbcanonical_url\u00a0\u00bb:\u00a0\u00bbhttps:\/\/www.noovomoi.ca\/videos\/recettes-decadentes-fit-cook.html\u00a0\u00bb,\u00a0\u00bbdescription\u00a0\u00bb:{\u00ab\u00a0basic\u00a0\u00bb:\u00a0\u00bbJ\u00e9r\u00e9mie Latreille partage ses astuces et saveurs dans les \u00abRecettes d\u00e9cadentes avec le Fit Cook\u00bb o\u00f9 plaisir et sant\u00e9 fusionnent avec humour.\u00a0\u00bb},\u00a0\u00bbdisplay_date\u00a0\u00bb:\u00a0\u00bb2025-04-21T11:00:00Z\u00a0\u00bb,\u00a0\u00bbheadlines\u00a0\u00bb:{\u00ab\u00a0basic\u00a0\u00bb:\u00a0\u00bbRecettes d\u00e9cadentes avec le Fit Cook\u00a0\u00bb},\u00a0\u00bbowner\u00a0\u00bb:{\u00ab\u00a0sponsored\u00a0\u00bb:false},\u00a0\u00bbpromo_items\u00a0\u00bb:{\u00ab\u00a0basic\u00a0\u00bb:{\u00ab\u00a0_id\u00a0\u00bb:\u00a0\u00bbEKBYX7XHNFEGLBZR4EECN5UJCY\u00a0\u00bb,\u00a0\u00bbauth\u00a0\u00bb:{\u00ab\u00a01&Prime;:\u00a0\u00bbe18fc8f2853875c3222008f3f02a9f32587542c68fdc029f0a95c261a742f849&Prime;},\u00a0\u00bbtype\u00a0\u00bb:\u00a0\u00bbimage\u00a0\u00bb,\u00a0\u00bburl\u00a0\u00bb:\u00a0\u00bbhttps:\/\/cloudfront-us-east-1.images.arcpublishing.com\/bellmediainc\/EKBYX7XHNFEGLBZR4EECN5UJCY.jpg\u00a0\u00bb}},\u00a0\u00bbtaxonomy\u00a0\u00bb:{\u00ab\u00a0primary_section\u00a0\u00bb:{\u00ab\u00a0name\u00a0\u00bb:\u00a0\u00bbVid\u00e9os\u00a0\u00bb,\u00a0\u00bbpath\u00a0\u00bb:\u00a0\u00bbhttps:\/\/www.noovomoi.ca\/videos\u00a0\u00bb}},\u00a0\u00bbtype\u00a0\u00bb:\u00a0\u00bbstory\u00a0\u00bb,\u00a0\u00bbwebsites\u00a0\u00bb:{\u00ab\u00a0noovo-moi\u00a0\u00bb:{\u00ab\u00a0website_url\u00a0\u00bb:\u00a0\u00bbhttps:\/\/www.noovomoi.ca\/videos\/recettes-decadentes-fit-cook.html\u00a0\u00bb}}}],\u00a0\u00bb_id\u00a0\u00bb:\u00a0\u00bbPHOCB34OENFCDJ6R3AC2BKH6AY\u00a0\u00bb},\u00a0\u00bbexpires\u00a0\u00bb:1773798376616,\u00a0\u00bblastModified\u00a0\u00bb:1773798256583}}};Fusion.layout=\u00a0\u00bb@wpmedia\/right-rail-block\/right-rail\u00a0\u00bb;Fusion.metas={\u00ab\u00a0page-type\u00a0\u00bb:{\u00ab\u00a0value\u00a0\u00bb:\u00a0\u00bbarticle\u00a0\u00bb,\u00a0\u00bbhtml\u00a0\u00bb:true},\u00a0\u00bbtitle\u00a0\u00bb:{\u00ab\u00a0value\u00a0\u00bb:\u00a0\u00bb{{content.headlines.meta_title}}\u00a0\u00bb,\u00a0\u00bbhtml\u00a0\u00bb:true}};Fusion.outputType=\u00a0\u00bbdefault\u00a0\u00bb;Fusion.template=\u00a0\u00bbtemplate\/t1wPt90uEpFdQE81v\u00a0\u00bb;Fusion.tree={\u00ab\u00a0collection\u00a0\u00bb:\u00a0\u00bblayouts\u00a0\u00bb,\u00a0\u00bbtype\u00a0\u00bb:\u00a0\u00bb@wpmedia\/right-rail-block\/right-rail\u00a0\u00bb,\u00a0\u00bbprops\u00a0\u00bb:{\u00ab\u00a0collection\u00a0\u00bb:\u00a0\u00bblayouts\u00a0\u00bb,\u00a0\u00bbtype\u00a0\u00bb:\u00a0\u00bb@wpmedia\/right-rail-block\/right-rail\u00a0\u00bb,\u00a0\u00bbid\u00a0\u00bb:\u00a0\u00bb@wpmedia\/right-rail-block\/right-rail\u00a0\u00bb,\u00a0\u00bbchildProps\u00a0\u00bb:[{\u00ab\u00a0collection\u00a0\u00bb:\u00a0\u00bbsections\u00a0\u00bb,\u00a0\u00bbid\u00a0\u00bb:0},{\u00ab\u00a0collection\u00a0\u00bb:\u00a0\u00bbsections\u00a0\u00bb,\u00a0\u00bbid\u00a0\u00bb:1},{\u00ab\u00a0collection\u00a0\u00bb:\u00a0\u00bbsections\u00a0\u00bb,\u00a0\u00bbid\u00a0\u00bb:2},{\u00ab\u00a0collection\u00a0\u00bb:\u00a0\u00bbsections\u00a0\u00bb,\u00a0\u00bbid\u00a0\u00bb:3},{\u00ab\u00a0collection\u00a0\u00bb:\u00a0\u00bbsections\u00a0\u00bb,\u00a0\u00bbid\u00a0\u00bb:4},{\u00ab\u00a0collection\u00a0\u00bb:\u00a0\u00bbsections\u00a0\u00bb,\u00a0\u00bbid\u00a0\u00bb:5}]},\u00a0\u00bbchildren\u00a0\u00bb:[{\u00ab\u00a0collection\u00a0\u00bb:\u00a0\u00bbsections\u00a0\u00bb,\u00a0\u00bbprops\u00a0\u00bb:{\u00ab\u00a0collection\u00a0\u00bb:\u00a0\u00bbsections\u00a0\u00bb,\u00a0\u00bbid\u00a0\u00bb:0},\u00a0\u00bbchildren\u00a0\u00bb:[{\u00ab\u00a0collection\u00a0\u00bb:\u00a0\u00bbchains\u00a0\u00bb,\u00a0\u00bbtype\u00a0\u00bb:\u00a0\u00bbheader-nav-chain-block-custom\u00a0\u00bb,\u00a0\u00bbprops\u00a0\u00bb:{\u00ab\u00a0collection\u00a0\u00bb:\u00a0\u00bbchains\u00a0\u00bb,\u00a0\u00bbtype\u00a0\u00bb:\u00a0\u00bbheader-nav-chain-block-custom\u00a0\u00bb,\u00a0\u00bbid\u00a0\u00bb:\u00a0\u00bbc0fbHdot9OpL1h\u00a0\u00bb,\u00a0\u00bbcustomFields\u00a0\u00bb:{\u00ab\u00a0hierarchy\u00a0\u00bb:\u00a0\u00bbnoovo-moi-principal\u00a0\u00bb,\u00a0\u00bblogoAlignment\u00a0\u00bb:\u00a0\u00bbleft\u00a0\u00bb,\u00a0\u00bbshowHorizontalSeperatorDots\u00a0\u00bb:true,\u00a0\u00bbhamburgerSeparatorsPositions\u00a0\u00bb:\u00a0\u00bb\u00a0\u00bb,\u00a0\u00bbariaLabel\u00a0\u00bb:\u00a0\u00bbSections Menu\u00a0\u00bb,\u00a0\u00bbariaLabelLink\u00a0\u00bb:\u00a0\u00bbTop Links\u00a0\u00bb,\u00a0\u00bbleftComponentMobile1&Prime;:\u00a0\u00bbmenu\u00a0\u00bb,\u00a0\u00bbleftComponentDesktop1&Prime;:\u00a0\u00bbmenu\u00a0\u00bb,\u00a0\u00bbleftComponentDesktop2&Prime;:\u00a0\u00bbnone\u00a0\u00bb,\u00a0\u00bbleftComponentDesktop3&Prime;:\u00a0\u00bbnone\u00a0\u00bb,\u00a0\u00bbleftComponentDesktop4&Prime;:\u00a0\u00bbnone\u00a0\u00bb,\u00a0\u00bbrightComponentMobile1&Prime;:\u00a0\u00bbqueryly\u00a0\u00bb,\u00a0\u00bbrightComponentDesktop1&Prime;:\u00a0\u00bbqueryly\u00a0\u00bb,\u00a0\u00bbrightComponentDesktop2&Prime;:\u00a0\u00bbcustom\u00a0\u00bb,\u00a0\u00bbrightComponentDesktop3&Prime;:\u00a0\u00bbnone\u00a0\u00bb,\u00a0\u00bbrightComponentDesktop4&Prime;:\u00a0\u00bbnone\u00a0\u00bb,\u00a0\u00bbmenuComponentMobile1&Prime;:\u00a0\u00bbcustom\u00a0\u00bb,\u00a0\u00bbmenuComponentMobile2&Prime;:\u00a0\u00bbnone\u00a0\u00bb,\u00a0\u00bbmenuComponentMobile3&Prime;:\u00a0\u00bbnone\u00a0\u00bb,\u00a0\u00bbmenuComponentDesktop1&Prime;:\u00a0\u00bbnone\u00a0\u00bb,\u00a0\u00bbmenuComponentDesktop2&Prime;:\u00a0\u00bbcustom\u00a0\u00bb,\u00a0\u00bbhorizontalLinksHierarchy\u00a0\u00bb:\u00a0\u00bbnoovo-moi-topnav\u00a0\u00bb,\u00a0\u00bbrightComponentCustomIndexDesktop2&Prime;:2,\u00a0\u00bbrightComponentCustomIndexDesktop3&Prime;:\u00a0\u00bb\u00a0\u00bb,\u00a0\u00bbmenuComponentCustomIndexMobile1&Prime;:2,\u00a0\u00bbmenuComponentCustomIndexDesktop2&Prime;:1},\u00a0\u00bbdisplayProperties\u00a0\u00bb:{}},\u00a0\u00bbchildren\u00a0\u00bb:[{\u00ab\u00a0collection\u00a0\u00bb:\u00a0\u00bbfeatures\u00a0\u00bb,\u00a0\u00bbtype\u00a0\u00bb:\u00a0\u00bbcommon-header-scripts-custom-block\/default\u00a0\u00bb,\u00a0\u00bbprops\u00a0\u00bb:{\u00ab\u00a0collection\u00a0\u00bb:\u00a0\u00bbfeatures\u00a0\u00bb,\u00a0\u00bbtype\u00a0\u00bb:\u00a0\u00bbcommon-header-scripts-custom-block\/default\u00a0\u00bb,\u00a0\u00bbid\u00a0\u00bb:\u00a0\u00bbf0fXL0ASh7yEW0-0-0-0&Prime;,\u00a0\u00bbcontentConfig\u00a0\u00bb:{\u00ab\u00a0contentService\u00a0\u00bb:\u00a0\u00bb\u00a0\u00bb,\u00a0\u00bbcontentConfigValues\u00a0\u00bb:{},\u00a0\u00bbinherit\u00a0\u00bb:true},\u00a0\u00bbcustomFields\u00a0\u00bb:{},\u00a0\u00bbdisplayProperties\u00a0\u00bb:{},\u00a0\u00bblocalEdits\u00a0\u00bb:{},\u00a0\u00bbvariants\u00a0\u00bb:{}}},{\u00ab\u00a0collection\u00a0\u00bb:\u00a0\u00bbfeatures\u00a0\u00bb,\u00a0\u00bbtype\u00a0\u00bb:\u00a0\u00bbsign-in-block\/default\u00a0\u00bb,\u00a0\u00bbprops\u00a0\u00bb:{\u00ab\u00a0collection\u00a0\u00bb:\u00a0\u00bbfeatures\u00a0\u00bb,\u00a0\u00bbtype\u00a0\u00bb:\u00a0\u00bbsign-in-block\/default\u00a0\u00bb,\u00a0\u00bbid\u00a0\u00bb:\u00a0\u00bbf0f4YTk6kt6yId-0-0-1&Prime;,\u00a0\u00bbcontentConfig\u00a0\u00bb:{\u00ab\u00a0contentService\u00a0\u00bb:\u00a0\u00bb\u00a0\u00bb,\u00a0\u00bbcontentConfigValues\u00a0\u00bb:{},\u00a0\u00bbinherit\u00a0\u00bb:true},\u00a0\u00bbcustomFields\u00a0\u00bb:{\u00ab\u00a0hierarchy\u00a0\u00bb:\u00a0\u00bb\u00a0\u00bb},\u00a0\u00bbdisplayProperties\u00a0\u00bb:{},\u00a0\u00bblocalEdits\u00a0\u00bb:{},\u00a0\u00bbvariants\u00a0\u00bb:{}}}]},{\u00ab\u00a0collection\u00a0\u00bb:\u00a0\u00bbfeatures\u00a0\u00bb,\u00a0\u00bbtype\u00a0\u00bb:\u00a0\u00bb@wpmedia\/alert-bar-block\/alert-bar\u00a0\u00bb,\u00a0\u00bbprops\u00a0\u00bb:{\u00ab\u00a0collection\u00a0\u00bb:\u00a0\u00bbfeatures\u00a0\u00bb,\u00a0\u00bbtype\u00a0\u00bb:\u00a0\u00bb@wpmedia\/alert-bar-block\/alert-bar\u00a0\u00bb,\u00a0\u00bbid\u00a0\u00bb:\u00a0\u00bbf0fevMuGXnJLan\u00a0\u00bb,\u00a0\u00bbcontentConfig\u00a0\u00bb:{\u00ab\u00a0contentService\u00a0\u00bb:\u00a0\u00bb\u00a0\u00bb,\u00a0\u00bbcontentConfigValues\u00a0\u00bb:{},\u00a0\u00bbinherit\u00a0\u00bb:true},\u00a0\u00bbcustomFields\u00a0\u00bb:{\u00ab\u00a0ariaLabel\u00a0\u00bb:\u00a0\u00bbBreaking News Alert\u00a0\u00bb},\u00a0\u00bbdisplayProperties\u00a0\u00bb:{},\u00a0\u00bblocalEdits\u00a0\u00bb:{},\u00a0\u00bbvariants\u00a0\u00bb:{}}}]},{\u00ab\u00a0collection\u00a0\u00bb:\u00a0\u00bbsections\u00a0\u00bb,\u00a0\u00bbprops\u00a0\u00bb:{\u00ab\u00a0collection\u00a0\u00bb:\u00a0\u00bbsections\u00a0\u00bb,\u00a0\u00bbid\u00a0\u00bb:1},\u00a0\u00bbchildren\u00a0\u00bb:[{\u00ab\u00a0collection\u00a0\u00bb:\u00a0\u00bbfeatures\u00a0\u00bb,\u00a0\u00bbtype\u00a0\u00bb:\u00a0\u00bbads-custom-block\/default\u00a0\u00bb,\u00a0\u00bbprops\u00a0\u00bb:{\u00ab\u00a0collection\u00a0\u00bb:\u00a0\u00bbfeatures\u00a0\u00bb,\u00a0\u00bbtype\u00a0\u00bb:\u00a0\u00bbads-custom-block\/default\u00a0\u00bb,\u00a0\u00bbid\u00a0\u00bb:\u00a0\u00bbf0fGxbR1YO8NMI\u00a0\u00bb,\u00a0\u00bbcontentConfig\u00a0\u00bb:{\u00ab\u00a0contentService\u00a0\u00bb:\u00a0\u00bb\u00a0\u00bb,\u00a0\u00bbcontentConfigValues\u00a0\u00bb:{},\u00a0\u00bbinherit\u00a0\u00bb:true},\u00a0\u00bbcustomFields\u00a0\u00bb:{\u00ab\u00a0adType\u00a0\u00bb:\u00a0\u00bb970&#215;250|970&#215;90|728&#215;90|320&#215;50&Prime;,\u00a0\u00bblazyLoad\u00a0\u00bb:true,\u00a0\u00bbreserveSpace\u00a0\u00bb:true,\u00a0\u00bbdisplayAdLabel\u00a0\u00bb:true,\u00a0\u00bbadLabelAlignment\u00a0\u00bb:\u00a0\u00bbleft\u00a0\u00bb,\u00a0\u00bbadLabelOverride\u00a0\u00bb:\u00a0\u00bbPUBLICIT\u00c9\u00a0\u00bb},\u00a0\u00bbdisplayProperties\u00a0\u00bb:{},\u00a0\u00bblocalEdits\u00a0\u00bb:{},\u00a0\u00bbvariants\u00a0\u00bb:{}}},{\u00ab\u00a0collection\u00a0\u00bb:\u00a0\u00bbfeatures\u00a0\u00bb,\u00a0\u00bbtype\u00a0\u00bb:\u00a0\u00bbads-custom-block\/default\u00a0\u00bb,\u00a0\u00bbprops\u00a0\u00bb:{\u00ab\u00a0collection\u00a0\u00bb:\u00a0\u00bbfeatures\u00a0\u00bb,\u00a0\u00bbtype\u00a0\u00bb:\u00a0\u00bbads-custom-block\/default\u00a0\u00bb,\u00a0\u00bbid\u00a0\u00bb:\u00a0\u00bbf0fivKU58uuM1on\u00a0\u00bb,\u00a0\u00bbcontentConfig\u00a0\u00bb:{\u00ab\u00a0contentService\u00a0\u00bb:\u00a0\u00bb\u00a0\u00bb,\u00a0\u00bbcontentConfigValues\u00a0\u00bb:{},\u00a0\u00bbinherit\u00a0\u00bb:true},\u00a0\u00bbcustomFields\u00a0\u00bb:{\u00ab\u00a0adType\u00a0\u00bb:\u00a0\u00bb728&#215;90|320&#215;50|320&#215;100&Prime;,\u00a0\u00bblazyLoad\u00a0\u00bb:true,\u00a0\u00bbreserveSpace\u00a0\u00bb:true,\u00a0\u00bbdisplayAdLabel\u00a0\u00bb:true,\u00a0\u00bbadLabelAlignment\u00a0\u00bb:\u00a0\u00bbleft\u00a0\u00bb,\u00a0\u00bbadLabelOverride\u00a0\u00bb:\u00a0\u00bbPUBLICIT\u00c9\u00a0\u00bb,\u00a0\u00bbdisableDesktopDisplay\u00a0\u00bb:true,\u00a0\u00bbenableMobileLB\u00a0\u00bb:true,\u00a0\u00bbenableStickyLBMobile\u00a0\u00bb:true},\u00a0\u00bbdisplayProperties\u00a0\u00bb:{},\u00a0\u00bblocalEdits\u00a0\u00bb:{},\u00a0\u00bbvariants\u00a0\u00bb:{}}},{\u00ab\u00a0collection\u00a0\u00bb:\u00a0\u00bbfeatures\u00a0\u00bb,\u00a0\u00bbtype\u00a0\u00bb:\u00a0\u00bbads-custom-block\/default\u00a0\u00bb,\u00a0\u00bbprops\u00a0\u00bb:{\u00ab\u00a0collection\u00a0\u00bb:\u00a0\u00bbfeatures\u00a0\u00bb,\u00a0\u00bbtype\u00a0\u00bb:\u00a0\u00bbads-custom-block\/default\u00a0\u00bb,\u00a0\u00bbid\u00a0\u00bb:\u00a0\u00bbf0fYXu5UNNKWDV\u00a0\u00bb,\u00a0\u00bbcontentConfig\u00a0\u00bb:{\u00ab\u00a0contentService\u00a0\u00bb:\u00a0\u00bb\u00a0\u00bb,\u00a0\u00bbcontentConfigValues\u00a0\u00bb:{},\u00a0\u00bbinherit\u00a0\u00bb:true},\u00a0\u00bbcustomFields\u00a0\u00bb:{\u00ab\u00a0adType\u00a0\u00bb:\u00a0\u00bb30&#215;1&Prime;,\u00a0\u00bblazyLoad\u00a0\u00bb:false,\u00a0\u00bbreserveSpace\u00a0\u00bb:false,\u00a0\u00bbdisplayAdLabel\u00a0\u00bb:false,\u00a0\u00bbadLabelAlignment\u00a0\u00bb:\u00a0\u00bbleft\u00a0\u00bb},\u00a0\u00bbdisplayProperties\u00a0\u00bb:{},\u00a0\u00bblocalEdits\u00a0\u00bb:{},\u00a0\u00bbvariants\u00a0\u00bb:{}}}]},{\u00ab\u00a0collection\u00a0\u00bb:\u00a0\u00bbsections\u00a0\u00bb,\u00a0\u00bbprops\u00a0\u00bb:{\u00ab\u00a0collection\u00a0\u00bb:\u00a0\u00bbsections\u00a0\u00bb,\u00a0\u00bbid\u00a0\u00bb:2},\u00a0\u00bbchildren\u00a0\u00bb:[{\u00ab\u00a0collection\u00a0\u00bb:\u00a0\u00bbfeatures\u00a0\u00bb,\u00a0\u00bbtype\u00a0\u00bb:\u00a0\u00bbshare-bar-custom-block\/default\u00a0\u00bb,\u00a0\u00bbprops\u00a0\u00bb:{\u00ab\u00a0collection\u00a0\u00bb:\u00a0\u00bbfeatures\u00a0\u00bb,\u00a0\u00bbtype\u00a0\u00bb:\u00a0\u00bbshare-bar-custom-block\/default\u00a0\u00bb,\u00a0\u00bbid\u00a0\u00bb:\u00a0\u00bbf0frOaBrSHpB1YY\u00a0\u00bb,\u00a0\u00bbcontentConfig\u00a0\u00bb:{\u00ab\u00a0contentService\u00a0\u00bb:\u00a0\u00bb\u00a0\u00bb,\u00a0\u00bbcontentConfigValues\u00a0\u00bb:{},\u00a0\u00bbinherit\u00a0\u00bb:true},\u00a0\u00bbcustomFields\u00a0\u00bb:{\u00ab\u00a0email\u00a0\u00bb:true,\u00a0\u00bbfacebook\u00a0\u00bb:true,\u00a0\u00bbpinterest\u00a0\u00bb:true,\u00a0\u00bbx\u00a0\u00bb:true,\u00a0\u00bbreddit\u00a0\u00bb:true,\u00a0\u00bblinkedIn\u00a0\u00bb:true,\u00a0\u00bbshowSaveButton\u00a0\u00bb:false},\u00a0\u00bbdisplayProperties\u00a0\u00bb:{},\u00a0\u00bblocalEdits\u00a0\u00bb:{},\u00a0\u00bbvariants\u00a0\u00bb:{}}},{\u00ab\u00a0collection\u00a0\u00bb:\u00a0\u00bbfeatures\u00a0\u00bb,\u00a0\u00bbtype\u00a0\u00bb:\u00a0\u00bbarticle-overline-custom-block\/default\u00a0\u00bb,\u00a0\u00bbprops\u00a0\u00bb:{\u00ab\u00a0collection\u00a0\u00bb:\u00a0\u00bbfeatures\u00a0\u00bb,\u00a0\u00bbtype\u00a0\u00bb:\u00a0\u00bbarticle-overline-custom-block\/default\u00a0\u00bb,\u00a0\u00bbid\u00a0\u00bb:\u00a0\u00bbf0fnYhhkVWJzUB\u00a0\u00bb,\u00a0\u00bbcontentConfig\u00a0\u00bb:{\u00ab\u00a0contentService\u00a0\u00bb:\u00a0\u00bb\u00a0\u00bb,\u00a0\u00bbcontentConfigValues\u00a0\u00bb:{},\u00a0\u00bbinherit\u00a0\u00bb:true},\u00a0\u00bbcustomFields\u00a0\u00bb:{\u00ab\u00a0kickerType\u00a0\u00bb:\u00a0\u00bbtrust_project\u00a0\u00bb},\u00a0\u00bbdisplayProperties\u00a0\u00bb:{},\u00a0\u00bblocalEdits\u00a0\u00bb:{},\u00a0\u00bbvariants\u00a0\u00bb:{}}},{\u00ab\u00a0collection\u00a0\u00bb:\u00a0\u00bbfeatures\u00a0\u00bb,\u00a0\u00bbtype\u00a0\u00bb:\u00a0\u00bb@wpmedia\/headline-block\/headline\u00a0\u00bb,\u00a0\u00bbprops\u00a0\u00bb:{\u00ab\u00a0collection\u00a0\u00bb:\u00a0\u00bbfeatures\u00a0\u00bb,\u00a0\u00bbtype\u00a0\u00bb:\u00a0\u00bb@wpmedia\/headline-block\/headline\u00a0\u00bb,\u00a0\u00bbid\u00a0\u00bb:\u00a0\u00bbf0fw2Yc3VooN16z\u00a0\u00bb,\u00a0\u00bbcontentConfig\u00a0\u00bb:{\u00ab\u00a0contentService\u00a0\u00bb:\u00a0\u00bb\u00a0\u00bb,\u00a0\u00bbcontentConfigValues\u00a0\u00bb:{},\u00a0\u00bbinherit\u00a0\u00bb:true},\u00a0\u00bbcustomFields\u00a0\u00bb:{},\u00a0\u00bbdisplayProperties\u00a0\u00bb:{},\u00a0\u00bblocalEdits\u00a0\u00bb:{},\u00a0\u00bbvariants\u00a0\u00bb:{}}},{\u00ab\u00a0collection\u00a0\u00bb:\u00a0\u00bbfeatures\u00a0\u00bb,\u00a0\u00bbtype\u00a0\u00bb:\u00a0\u00bbbyline-custom-block\/default\u00a0\u00bb,\u00a0\u00bbprops\u00a0\u00bb:{\u00ab\u00a0collection\u00a0\u00bb:\u00a0\u00bbfeatures\u00a0\u00bb,\u00a0\u00bbtype\u00a0\u00bb:\u00a0\u00bbbyline-custom-block\/default\u00a0\u00bb,\u00a0\u00bbid\u00a0\u00bb:\u00a0\u00bbf0fpqn0UHsuN1el\u00a0\u00bb,\u00a0\u00bbcontentConfig\u00a0\u00bb:{\u00ab\u00a0contentService\u00a0\u00bb:\u00a0\u00bb\u00a0\u00bb,\u00a0\u00bbcontentConfigValues\u00a0\u00bb:{},\u00a0\u00bbinherit\u00a0\u00bb:true},\u00a0\u00bbcustomFields\u00a0\u00bb:{\u00ab\u00a0externalizeLinkSites\u00a0\u00bb:\u00a0\u00bbnoovo\u00a0\u00bb},\u00a0\u00bbdisplayProperties\u00a0\u00bb:{},\u00a0\u00bblocalEdits\u00a0\u00bb:{},\u00a0\u00bbvariants\u00a0\u00bb:{}}},{\u00ab\u00a0collection\u00a0\u00bb:\u00a0\u00bbfeatures\u00a0\u00bb,\u00a0\u00bbtype\u00a0\u00bb:\u00a0\u00bbdate-custom-block\/default\u00a0\u00bb,\u00a0\u00bbprops\u00a0\u00bb:{\u00ab\u00a0collection\u00a0\u00bb:\u00a0\u00bbfeatures\u00a0\u00bb,\u00a0\u00bbtype\u00a0\u00bb:\u00a0\u00bbdate-custom-block\/default\u00a0\u00bb,\u00a0\u00bbid\u00a0\u00bb:\u00a0\u00bbf0f9NXwl4PqN1N7&Prime;,\u00a0\u00bbcontentConfig\u00a0\u00bb:{\u00ab\u00a0contentService\u00a0\u00bb:\u00a0\u00bb\u00a0\u00bb,\u00a0\u00bbcontentConfigValues\u00a0\u00bb:{},\u00a0\u00bbinherit\u00a0\u00bb:true},\u00a0\u00bbcustomFields\u00a0\u00bb:{},\u00a0\u00bbdisplayProperties\u00a0\u00bb:{},\u00a0\u00bblocalEdits\u00a0\u00bb:{},\u00a0\u00bbvariants\u00a0\u00bb:{}}},{\u00ab\u00a0collection\u00a0\u00bb:\u00a0\u00bbfeatures\u00a0\u00bb,\u00a0\u00bbtype\u00a0\u00bb:\u00a0\u00bblead-art-custom-block\/default\u00a0\u00bb,\u00a0\u00bbprops\u00a0\u00bb:{\u00ab\u00a0collection\u00a0\u00bb:\u00a0\u00bbfeatures\u00a0\u00bb,\u00a0\u00bbtype\u00a0\u00bb:\u00a0\u00bblead-art-custom-block\/default\u00a0\u00bb,\u00a0\u00bbid\u00a0\u00bb:\u00a0\u00bbf0fg1nDh6seAA8&Prime;,\u00a0\u00bbcontentConfig\u00a0\u00bb:{\u00ab\u00a0contentService\u00a0\u00bb:\u00a0\u00bb\u00a0\u00bb,\u00a0\u00bbcontentConfigValues\u00a0\u00bb:{},\u00a0\u00bbinherit\u00a0\u00bb:true},\u00a0\u00bbcustomFields\u00a0\u00bb:{\u00ab\u00a0imageLoadingStrategy\u00a0\u00bb:\u00a0\u00bbeager\u00a0\u00bb,\u00a0\u00bbimageRatio\u00a0\u00bb:\u00a0\u00bb16:9&Prime;,\u00a0\u00bbhideCaption\u00a0\u00bb:true,\u00a0\u00bbhideCredits\u00a0\u00bb:false,\u00a0\u00bbhideTitle\u00a0\u00bb:true},\u00a0\u00bbdisplayProperties\u00a0\u00bb:{},\u00a0\u00bblocalEdits\u00a0\u00bb:{},\u00a0\u00bbvariants\u00a0\u00bb:{}}},{\u00ab\u00a0collection\u00a0\u00bb:\u00a0\u00bbchains\u00a0\u00bb,\u00a0\u00bbtype\u00a0\u00bb:\u00a0\u00bbarticle-body-custom\u00a0\u00bb,\u00a0\u00bbprops\u00a0\u00bb:{\u00ab\u00a0collection\u00a0\u00bb:\u00a0\u00bbchains\u00a0\u00bb,\u00a0\u00bbtype\u00a0\u00bb:\u00a0\u00bbarticle-body-custom\u00a0\u00bb,\u00a0\u00bbid\u00a0\u00bb:\u00a0\u00bbc0f1Pbzs0mLN1zl\u00a0\u00bb,\u00a0\u00bbcustomFields\u00a0\u00bb:{\u00ab\u00a0hideVideoCaption\u00a0\u00bb:false,\u00a0\u00bbhideVideoCredits\u00a0\u00bb:false},\u00a0\u00bbdisplayProperties\u00a0\u00bb:{}},\u00a0\u00bbchildren\u00a0\u00bb:[{\u00ab\u00a0collection\u00a0\u00bb:\u00a0\u00bbfeatures\u00a0\u00bb,\u00a0\u00bbtype\u00a0\u00bb:\u00a0\u00bbads-custom-block\/default\u00a0\u00bb,\u00a0\u00bbprops\u00a0\u00bb:{\u00ab\u00a0collection\u00a0\u00bb:\u00a0\u00bbfeatures\u00a0\u00bb,\u00a0\u00bbtype\u00a0\u00bb:\u00a0\u00bbads-custom-block\/default\u00a0\u00bb,\u00a0\u00bbid\u00a0\u00bb:\u00a0\u00bbf0fzYrJ2wHZ12jH\u00a0\u00bb,\u00a0\u00bbcontentConfig\u00a0\u00bb:{\u00ab\u00a0contentService\u00a0\u00bb:\u00a0\u00bb\u00a0\u00bb,\u00a0\u00bbcontentConfigValues\u00a0\u00bb:{},\u00a0\u00bbinherit\u00a0\u00bb:true},\u00a0\u00bbcustomFields\u00a0\u00bb:{\u00ab\u00a0adType\u00a0\u00bb:\u00a0\u00bb300&#215;250|300&#215;600|300&#215;1050|fluid\u00a0\u00bb,\u00a0\u00bblazyLoad\u00a0\u00bb:true,\u00a0\u00bbreserveSpace\u00a0\u00bb:true,\u00a0\u00bbdisplayAdLabel\u00a0\u00bb:true,\u00a0\u00bbadLabelAlignment\u00a0\u00bb:\u00a0\u00bbleft\u00a0\u00bb,\u00a0\u00bbdisableDesktopDisplay\u00a0\u00bb:true},\u00a0\u00bbdisplayProperties\u00a0\u00bb:{},\u00a0\u00bblocalEdits\u00a0\u00bb:{},\u00a0\u00bbvariants\u00a0\u00bb:{}}}]},{\u00ab\u00a0collection\u00a0\u00bb:\u00a0\u00bbfeatures\u00a0\u00bb,\u00a0\u00bbtype\u00a0\u00bb:\u00a0\u00bbauthor-bio-custom-block\/default\u00a0\u00bb,\u00a0\u00bbprops\u00a0\u00bb:{\u00ab\u00a0collection\u00a0\u00bb:\u00a0\u00bbfeatures\u00a0\u00bb,\u00a0\u00bbtype\u00a0\u00bb:\u00a0\u00bbauthor-bio-custom-block\/default\u00a0\u00bb,\u00a0\u00bbid\u00a0\u00bb:\u00a0\u00bbf0fQqffRHdTPRM\u00a0\u00bb,\u00a0\u00bbcontentConfig\u00a0\u00bb:{\u00ab\u00a0contentService\u00a0\u00bb:\u00a0\u00bb\u00a0\u00bb,\u00a0\u00bbcontentConfigValues\u00a0\u00bb:{},\u00a0\u00bbinherit\u00a0\u00bb:true},\u00a0\u00bbcustomFields\u00a0\u00bb:{\u00ab\u00a0externalizeLinkSites\u00a0\u00bb:\u00a0\u00bbnoovo\u00a0\u00bb,\u00a0\u00bbshowFirstAuthorOnly\u00a0\u00bb:false},\u00a0\u00bbdisplayProperties\u00a0\u00bb:{},\u00a0\u00bblocalEdits\u00a0\u00bb:{},\u00a0\u00bbvariants\u00a0\u00bb:{}}},{\u00ab\u00a0collection\u00a0\u00bb:\u00a0\u00bbfeatures\u00a0\u00bb,\u00a0\u00bbtype\u00a0\u00bb:\u00a0\u00bbstandard-list-custom-block\/default\u00a0\u00bb,\u00a0\u00bbprops\u00a0\u00bb:{\u00ab\u00a0collection\u00a0\u00bb:\u00a0\u00bbfeatures\u00a0\u00bb,\u00a0\u00bbtype\u00a0\u00bb:\u00a0\u00bbstandard-list-custom-block\/default\u00a0\u00bb,\u00a0\u00bbid\u00a0\u00bb:\u00a0\u00bbf0fKem1znZJ61Hg\u00a0\u00bb,\u00a0\u00bbcontentConfig\u00a0\u00bb:{\u00ab\u00a0contentService\u00a0\u00bb:\u00a0\u00bb\u00a0\u00bb,\u00a0\u00bbcontentConfigValues\u00a0\u00bb:{},\u00a0\u00bbinherit\u00a0\u00bb:true},\u00a0\u00bbcustomFields\u00a0\u00bb:{\u00ab\u00a0listContentConfig\u00a0\u00bb:{\u00ab\u00a0contentService\u00a0\u00bb:\u00a0\u00bbstory-feed-query\u00a0\u00bb,\u00a0\u00bbcontentConfigValues\u00a0\u00bb:{\u00ab\u00a0query\u00a0\u00bb:\u00a0\u00bbtype:story AND taxonomy.primary_section._id:\\\u00a0\u00bb\/en-vedette\/actualites-potins\\\u00a0\u00bb\u00a0\u00bb,\u00a0\u00bbsize\u00a0\u00bb:10,\u00a0\u00bboffset\u00a0\u00bb:1}},\u00a0\u00bbtitleLinkTarget\u00a0\u00bb:\u00a0\u00bbauto\u00a0\u00bb,\u00a0\u00bbshowDate\u00a0\u00bb:true,\u00a0\u00bblinkTarget\u00a0\u00bb:\u00a0\u00bbauto\u00a0\u00bb,\u00a0\u00bbaspectRatio\u00a0\u00bb:\u00a0\u00bb16&#215;9&Prime;,\u00a0\u00bbaxisRowCount\u00a0\u00bb:\u00a0\u00bb4&Prime;,\u00a0\u00bblistType\u00a0\u00bb:\u00a0\u00bbstandard\u00a0\u00bb,\u00a0\u00bblabelType\u00a0\u00bb:\u00a0\u00bbiconStyle\u00a0\u00bb,\u00a0\u00bbdisclaimerLinkTarget\u00a0\u00bb:\u00a0\u00bbauto\u00a0\u00bb,\u00a0\u00bbhidePagination\u00a0\u00bb:true},\u00a0\u00bbdisplayProperties\u00a0\u00bb:{},\u00a0\u00bblocalEdits\u00a0\u00bb:{},\u00a0\u00bbvariants\u00a0\u00bb:{}}},{\u00ab\u00a0collection\u00a0\u00bb:\u00a0\u00bbfeatures\u00a0\u00bb,\u00a0\u00bbtype\u00a0\u00bb:\u00a0\u00bbstandard-list-custom-block\/default\u00a0\u00bb,\u00a0\u00bbprops\u00a0\u00bb:{\u00ab\u00a0collection\u00a0\u00bb:\u00a0\u00bbfeatures\u00a0\u00bb,\u00a0\u00bbtype\u00a0\u00bb:\u00a0\u00bbstandard-list-custom-block\/default\u00a0\u00bb,\u00a0\u00bbid\u00a0\u00bb:\u00a0\u00bbf0fWNTeefTPJuR\u00a0\u00bb,\u00a0\u00bbcontentConfig\u00a0\u00bb:{\u00ab\u00a0contentService\u00a0\u00bb:\u00a0\u00bb\u00a0\u00bb,\u00a0\u00bbcontentConfigValues\u00a0\u00bb:{},\u00a0\u00bbinherit\u00a0\u00bb:true},\u00a0\u00bbcustomFields\u00a0\u00bb:{\u00ab\u00a0listContentConfig\u00a0\u00bb:{\u00ab\u00a0contentService\u00a0\u00bb:\u00a0\u00bbcontent-api-collections\u00a0\u00bb,\u00a0\u00bbcontentConfigValues\u00a0\u00bb:{\u00ab\u00a0_id\u00a0\u00bb:\u00a0\u00bbPHOCB34OENFCDJ6R3AC2BKH6AY\u00a0\u00bb,\u00a0\u00bbcontent_alias\u00a0\u00bb:\u00a0\u00bbcontenus-promotionnels\u00a0\u00bb}},\u00a0\u00bbtitleLinkTarget\u00a0\u00bb:\u00a0\u00bbauto\u00a0\u00bb,\u00a0\u00bbshowDate\u00a0\u00bb:false,\u00a0\u00bblinkTarget\u00a0\u00bb:\u00a0\u00bbauto\u00a0\u00bb,\u00a0\u00bbaspectRatio\u00a0\u00bb:\u00a0\u00bb16&#215;9&Prime;,\u00a0\u00bbaxisRowCount\u00a0\u00bb:null,\u00a0\u00bblistType\u00a0\u00bb:\u00a0\u00bbbloomberg\u00a0\u00bb,\u00a0\u00bblabelType\u00a0\u00bb:\u00a0\u00bbiconStyle\u00a0\u00bb,\u00a0\u00bbdisclaimerLinkTarget\u00a0\u00bb:\u00a0\u00bbauto\u00a0\u00bb,\u00a0\u00bbhidePagination\u00a0\u00bb:true,\u00a0\u00bbtitle\u00a0\u00bb:\u00a0\u00bbCONTENUS PROMOTIONNELS\u00a0\u00bb,\u00a0\u00bbshowDescription\u00a0\u00bb:false,\u00a0\u00bbshowSaveButton\u00a0\u00bb:false,\u00a0\u00bbsponsorshipText\u00a0\u00bb:\u00a0\u00bb\u00a0\u00bb,\u00a0\u00bbsponsorshipLink\u00a0\u00bb:\u00a0\u00bb\u00a0\u00bb,\u00a0\u00bblogoUrl\u00a0\u00bb:\u00a0\u00bb\u00a0\u00bb,\u00a0\u00bbslidesPerViewDesktop\u00a0\u00bb:null},\u00a0\u00bbdisplayProperties\u00a0\u00bb:{},\u00a0\u00bblocalEdits\u00a0\u00bb:{},\u00a0\u00bbvariants\u00a0\u00bb:{}}}]},{\u00ab\u00a0collection\u00a0\u00bb:\u00a0\u00bbsections\u00a0\u00bb,\u00a0\u00bbprops\u00a0\u00bb:{\u00ab\u00a0collection\u00a0\u00bb:\u00a0\u00bbsections\u00a0\u00bb,\u00a0\u00bbid\u00a0\u00bb:3},\u00a0\u00bbchildren\u00a0\u00bb:[{\u00ab\u00a0collection\u00a0\u00bb:\u00a0\u00bbfeatures\u00a0\u00bb,\u00a0\u00bbtype\u00a0\u00bb:\u00a0\u00bbads-custom-block\/default\u00a0\u00bb,\u00a0\u00bbprops\u00a0\u00bb:{\u00ab\u00a0collection\u00a0\u00bb:\u00a0\u00bbfeatures\u00a0\u00bb,\u00a0\u00bbtype\u00a0\u00bb:\u00a0\u00bbads-custom-block\/default\u00a0\u00bb,\u00a0\u00bbid\u00a0\u00bb:\u00a0\u00bbf0fmD2PMfDX21BR\u00a0\u00bb,\u00a0\u00bbcontentConfig\u00a0\u00bb:{\u00ab\u00a0contentService\u00a0\u00bb:\u00a0\u00bb\u00a0\u00bb,\u00a0\u00bbcontentConfigValues\u00a0\u00bb:{},\u00a0\u00bbinherit\u00a0\u00bb:true},\u00a0\u00bbcustomFields\u00a0\u00bb:{\u00ab\u00a0adType\u00a0\u00bb:\u00a0\u00bb300&#215;250|300&#215;600|300&#215;1050|fluid\u00a0\u00bb,\u00a0\u00bblazyLoad\u00a0\u00bb:true,\u00a0\u00bbreserveSpace\u00a0\u00bb:true,\u00a0\u00bbdisplayAdLabel\u00a0\u00bb:true,\u00a0\u00bbadLabelAlignment\u00a0\u00bb:\u00a0\u00bbleft\u00a0\u00bb,\u00a0\u00bbadLabelOverride\u00a0\u00bb:\u00a0\u00bbPUBLICIT\u00c9\u00a0\u00bb},\u00a0\u00bbdisplayProperties\u00a0\u00bb:{},\u00a0\u00bblocalEdits\u00a0\u00bb:{},\u00a0\u00bbvariants\u00a0\u00bb:{}}}]},{\u00ab\u00a0collection\u00a0\u00bb:\u00a0\u00bbsections\u00a0\u00bb,\u00a0\u00bbprops\u00a0\u00bb:{\u00ab\u00a0collection\u00a0\u00bb:\u00a0\u00bbsections\u00a0\u00bb,\u00a0\u00bbid\u00a0\u00bb:4},\u00a0\u00bbchildren\u00a0\u00bb:[]},{\u00ab\u00a0collection\u00a0\u00bb:\u00a0\u00bbsections\u00a0\u00bb,\u00a0\u00bbprops\u00a0\u00bb:{\u00ab\u00a0collection\u00a0\u00bb:\u00a0\u00bbsections\u00a0\u00bb,\u00a0\u00bbid\u00a0\u00bb:5},\u00a0\u00bbchildren\u00a0\u00bb:[{\u00ab\u00a0collection\u00a0\u00bb:\u00a0\u00bbfeatures\u00a0\u00bb,\u00a0\u00bbtype\u00a0\u00bb:\u00a0\u00bb@wpmedia\/footer-block\/footer\u00a0\u00bb,\u00a0\u00bbprops\u00a0\u00bb:{\u00ab\u00a0collection\u00a0\u00bb:\u00a0\u00bbfeatures\u00a0\u00bb,\u00a0\u00bbtype\u00a0\u00bb:\u00a0\u00bb@wpmedia\/footer-block\/footer\u00a0\u00bb,\u00a0\u00bbid\u00a0\u00bb:\u00a0\u00bbf0fSE3zJqXVW10z\u00a0\u00bb,\u00a0\u00bbcontentConfig\u00a0\u00bb:{\u00ab\u00a0contentService\u00a0\u00bb:\u00a0\u00bb\u00a0\u00bb,\u00a0\u00bbcontentConfigValues\u00a0\u00bb:{},\u00a0\u00bbinherit\u00a0\u00bb:true},\u00a0\u00bbcustomFields\u00a0\u00bb:{\u00ab\u00a0navigationConfig\u00a0\u00bb:{\u00ab\u00a0contentService\u00a0\u00bb:\u00a0\u00bbsite-service-hierarchy\u00a0\u00bb,\u00a0\u00bbcontentConfigValues\u00a0\u00bb:{\u00ab\u00a0hierarchy\u00a0\u00bb:\u00a0\u00bbnoovomoi-footer-nav\u00a0\u00bb}}},\u00a0\u00bbdisplayProperties\u00a0\u00bb:{},\u00a0\u00bblocalEdits\u00a0\u00bb:{},\u00a0\u00bbvariants\u00a0\u00bb:{}}},{\u00ab\u00a0collection\u00a0\u00bb:\u00a0\u00bbfeatures\u00a0\u00bb,\u00a0\u00bbtype\u00a0\u00bb:\u00a0\u00bb@wpmedia\/links-bar-block\/links-bar\u00a0\u00bb,\u00a0\u00bbprops\u00a0\u00bb:{\u00ab\u00a0collection\u00a0\u00bb:\u00a0\u00bbfeatures\u00a0\u00bb,\u00a0\u00bbtype\u00a0\u00bb:\u00a0\u00bb@wpmedia\/links-bar-block\/links-bar\u00a0\u00bb,\u00a0\u00bbid\u00a0\u00bb:\u00a0\u00bbf0frOtWR2HIMX8&Prime;,\u00a0\u00bbcontentConfig\u00a0\u00bb:{\u00ab\u00a0contentService\u00a0\u00bb:\u00a0\u00bb\u00a0\u00bb,\u00a0\u00bbcontentConfigValues\u00a0\u00bb:{},\u00a0\u00bbinherit\u00a0\u00bb:true},\u00a0\u00bbcustomFields\u00a0\u00bb:{\u00ab\u00a0navigationConfig\u00a0\u00bb:{\u00ab\u00a0contentService\u00a0\u00bb:\u00a0\u00bbsite-service-hierarchy\u00a0\u00bb,\u00a0\u00bbcontentConfigValues\u00a0\u00bb:{\u00ab\u00a0hierarchy\u00a0\u00bb:\u00a0\u00bbheader-nav\u00a0\u00bb}},\u00a0\u00bbariaLabel\u00a0\u00bb:\u00a0\u00bbPlus de liens\u00a0\u00bb},\u00a0\u00bbdisplayProperties\u00a0\u00bb:{},\u00a0\u00bblocalEdits\u00a0\u00bb:{},\u00a0\u00bbvariants\u00a0\u00bb:{}}}]}]};Fusion.spa=false;Fusion.spaEnabled=false;<script async src=\"\/\/www.instagram.com\/embed.js\"><\/script><\/p>\n","protected":false},"excerpt":{"rendered":"Mario Pelchat a senti le besoin de justifier sa r\u00e9cente d\u00e9cision \u00e0 La Voix au lendemain de l\u2019\u00e9mission.&hellip;\n","protected":false},"author":2,"featured_media":53172,"comment_status":"","ping_status":"","sticky":false,"template":"","format":"standard","meta":{"footnotes":"","_share_on_mastodon":"0"},"categories":[13],"tags":[113,112,3756,3760,23,142],"class_list":["post-53171","post","type-post","status-publish","format-standard","has-post-thumbnail","category-television","tag-divertissement","tag-entertainment","tag-la-voix","tag-mario-pelchat","tag-suisse","tag-television"],"share_on_mastodon":{"url":"https:\/\/pubeurope.com\/@ch_fr\/116247677099214136","error":""},"_links":{"self":[{"href":"https:\/\/www.europesays.com\/ch-fr\/wp-json\/wp\/v2\/posts\/53171","targetHints":{"allow":["GET"]}}],"collection":[{"href":"https:\/\/www.europesays.com\/ch-fr\/wp-json\/wp\/v2\/posts"}],"about":[{"href":"https:\/\/www.europesays.com\/ch-fr\/wp-json\/wp\/v2\/types\/post"}],"author":[{"embeddable":true,"href":"https:\/\/www.europesays.com\/ch-fr\/wp-json\/wp\/v2\/users\/2"}],"replies":[{"embeddable":true,"href":"https:\/\/www.europesays.com\/ch-fr\/wp-json\/wp\/v2\/comments?post=53171"}],"version-history":[{"count":0,"href":"https:\/\/www.europesays.com\/ch-fr\/wp-json\/wp\/v2\/posts\/53171\/revisions"}],"wp:featuredmedia":[{"embeddable":true,"href":"https:\/\/www.europesays.com\/ch-fr\/wp-json\/wp\/v2\/media\/53172"}],"wp:attachment":[{"href":"https:\/\/www.europesays.com\/ch-fr\/wp-json\/wp\/v2\/media?parent=53171"}],"wp:term":[{"taxonomy":"category","embeddable":true,"href":"https:\/\/www.europesays.com\/ch-fr\/wp-json\/wp\/v2\/categories?post=53171"},{"taxonomy":"post_tag","embeddable":true,"href":"https:\/\/www.europesays.com\/ch-fr\/wp-json\/wp\/v2\/tags?post=53171"}],"curies":[{"name":"wp","href":"https:\/\/api.w.org\/{rel}","templated":true}]}}