{"id":55886,"date":"2026-03-19T18:35:16","date_gmt":"2026-03-19T18:35:16","guid":{"rendered":"https:\/\/www.europesays.com\/ch-fr\/55886\/"},"modified":"2026-03-19T18:35:16","modified_gmt":"2026-03-19T18:35:16","slug":"une-question-posee-a-tout-le-monde-en-parle-continue-de-faire-jaser","status":"publish","type":"post","link":"https:\/\/www.europesays.com\/ch-fr\/55886\/","title":{"rendered":"une question pos\u00e9e \u00e0 Tout le monde en parle continue de faire jaser"},"content":{"rendered":"<p class=\"c-paragraph\"><a href=\"https:\/\/www.noovomoi.ca\/en-vedette\/lysandre-nadeau-claude-begin-debut-serie.html\" target=\"_self\" rel=\"nofollow noopener\" title=\"https:\/\/www.noovomoi.ca\/en-vedette\/lysandre-nadeau-claude-begin-debut-serie.html\">Lysandre Nadeau et Claude B\u00e9gin<\/a> \u00e9taient sur le plateau de Tout le monde en parle dimanche dernier, et une question de MC Gilles fait jaser.<\/p>\n<p class=\"c-paragraph\">Celui qui agissait \u00e0 titre de coanimateur a demand\u00e9 \u00e0 Lysandre Nadeau: \u00abEst-ce que vous avez un objectif social?\u00bb, en faisant r\u00e9f\u00e9rence \u00e0 son travail de cr\u00e9atrice de contenu.<\/p>\n<p class=\"c-paragraph\">Plusieurs cr\u00e9ateurs de contenu et agences de relations publiques ont r\u00e9agi \u00e0 cette question, tout en soulignant que Lysandre avait su y r\u00e9pondre avec aplomb.<\/p>\n<p class=\"c-paragraph\">Entre autres, Florence Brouillard, de <a href=\"https:\/\/www.instagram.com\/brouillardrp\/\" target=\"_self\" rel=\"nofollow noopener\" title=\"https:\/\/www.instagram.com\/brouillardrp\/\">Brouillard PR<\/a>, a tenu \u00e0 apporter des pr\u00e9cisions, notamment en lien avec un possible choc des g\u00e9n\u00e9rations.<\/p>\n<p class=\"c-paragraph\">La cr\u00e9atrice de contenu <a href=\"https:\/\/www.instagram.com\/marilouethier\/\" target=\"_blank\" rel=\"nofollow noopener\" title=\"https:\/\/www.instagram.com\/marilouethier\/\">Marilou \u00c9thier<\/a> a \u00e9galement publi\u00e9 une vid\u00e9o pour appuyer la r\u00e9ponse de Lysandre Nadeau. Elle en a profit\u00e9 pour exprimer son ras-le-bol face aux questions sur la pertinence de la cr\u00e9ation de contenu.<\/p>\n<p class=\"c-paragraph\">\u00abJe suis tann\u00e9e qu\u2019on essaie de d\u00e9fendre les r\u00e9seaux sociaux en disant que oui, oui, oui, je vous jure, il y a du contenu pertinent. On peut-tu juste assumer qu\u2019il y a des gens qui aiment le contenu qu\u2019on fait, m\u00eame s\u2019il n\u2019est pas li\u00e9 \u00e0 une cause sociale? Est-ce que \u00e7a a absolument besoin d\u2019en \u00eatre une?\u00bb<\/p>\n<p class=\"c-paragraph\">Le journaliste tr\u00e8s suivi <a href=\"https:\/\/www.instagram.com\/farnellmorisset\/\" target=\"_blank\" rel=\"nofollow noopener\" title=\"https:\/\/www.instagram.com\/farnellmorisset\/\">Farnell Morisset<\/a> a \u00e9galement tenu \u00e0 apporter une certaine nuance quant \u00e0 la perception des g\u00e9n\u00e9rations plus \u00e2g\u00e9es face au m\u00e9tier de cr\u00e9ateur de contenu.<\/p>\n<p class=\"c-paragraph\">\u00abLe Qu\u00e9bec a besoin d\u2019une industrie culturelle. C\u2019est juste qu\u2019on a besoin que cette industrie culturelle-l\u00e0 nous refl\u00e8te tous. Et quand on ne se voit pas dans votre monde, bien, on va se&#8230; cr\u00e9er le n\u00f4tre. Au lieu de questionner la l\u00e9gitimit\u00e9 des influenceurs, invitez leur valeur sociale dans vos espaces, dans vos cercles.\u00bb<\/p>\n<p class=\"c-paragraph\">L\u2019entrevue compl\u00e8te avec Lysandre Nadeau et Claude B\u00e9gin est disponible sur <a href=\"https:\/\/ici.radio-canada.ca\/tele\/tout-le-monde-en-parle\/site\/segments\/entrevue\/2323223\/lysandre-nadeau-claude-begin-telerealite\" target=\"_blank\" rel=\"nofollow noopener\" title=\"https:\/\/ici.radio-canada.ca\/tele\/tout-le-monde-en-parle\/site\/segments\/entrevue\/2323223\/lysandre-nadeau-claude-begin-telerealite\">le site web de Tout le monde en parle<\/a>. <\/p>\n<p>Articles connexes<script async src=\"\/\/www.instagram.com\/embed.js\"><\/script><\/p>\n","protected":false},"excerpt":{"rendered":"Lysandre Nadeau et Claude B\u00e9gin \u00e9taient sur le plateau de Tout le monde en parle dimanche dernier, et&hellip;\n","protected":false},"author":2,"featured_media":55887,"comment_status":"","ping_status":"","sticky":false,"template":"","format":"standard","meta":{"footnotes":"","_share_on_mastodon":"0"},"categories":[13],"tags":[6541,113,112,15020,15368,18260,23,142,10692],"class_list":["post-55886","post","type-post","status-publish","format-standard","has-post-thumbnail","category-television","tag-claude-begin","tag-divertissement","tag-entertainment","tag-guy-a-lepage","tag-lysandre-nadeau","tag-mc-gilles","tag-suisse","tag-television","tag-tout-le-monde-en-parle"],"share_on_mastodon":{"url":"https:\/\/pubeurope.com\/@ch_fr\/116257287322457876","error":""},"_links":{"self":[{"href":"https:\/\/www.europesays.com\/ch-fr\/wp-json\/wp\/v2\/posts\/55886","targetHints":{"allow":["GET"]}}],"collection":[{"href":"https:\/\/www.europesays.com\/ch-fr\/wp-json\/wp\/v2\/posts"}],"about":[{"href":"https:\/\/www.europesays.com\/ch-fr\/wp-json\/wp\/v2\/types\/post"}],"author":[{"embeddable":true,"href":"https:\/\/www.europesays.com\/ch-fr\/wp-json\/wp\/v2\/users\/2"}],"replies":[{"embeddable":true,"href":"https:\/\/www.europesays.com\/ch-fr\/wp-json\/wp\/v2\/comments?post=55886"}],"version-history":[{"count":0,"href":"https:\/\/www.europesays.com\/ch-fr\/wp-json\/wp\/v2\/posts\/55886\/revisions"}],"wp:featuredmedia":[{"embeddable":true,"href":"https:\/\/www.europesays.com\/ch-fr\/wp-json\/wp\/v2\/media\/55887"}],"wp:attachment":[{"href":"https:\/\/www.europesays.com\/ch-fr\/wp-json\/wp\/v2\/media?parent=55886"}],"wp:term":[{"taxonomy":"category","embeddable":true,"href":"https:\/\/www.europesays.com\/ch-fr\/wp-json\/wp\/v2\/categories?post=55886"},{"taxonomy":"post_tag","embeddable":true,"href":"https:\/\/www.europesays.com\/ch-fr\/wp-json\/wp\/v2\/tags?post=55886"}],"curies":[{"name":"wp","href":"https:\/\/api.w.org\/{rel}","templated":true}]}}