{"id":57201,"date":"2026-03-20T14:56:10","date_gmt":"2026-03-20T14:56:10","guid":{"rendered":"https:\/\/www.europesays.com\/ch-fr\/57201\/"},"modified":"2026-03-20T14:56:10","modified_gmt":"2026-03-20T14:56:10","slug":"amazon-voudrait-relancer-un-smartphone-12-ans-apres-lechec-du-fire-phone-frandroid","status":"publish","type":"post","link":"https:\/\/www.europesays.com\/ch-fr\/57201\/","title":{"rendered":"Amazon voudrait relancer un smartphone 12 ans apr\u00e8s l&rsquo;\u00e9chec du Fire Phone \u2014 Frandroid"},"content":{"rendered":"<p>Amazon n\u2019a pas compl\u00e8tement abandonn\u00e9 l\u2019id\u00e9e de percer sur le march\u00e9 des <a href=\"https:\/\/www.frandroid.com\/guide-dachat\/smartphones\/332196_10-smartphones-attendus-debut-2016\" rel=\"nofollow noopener\" target=\"_blank\">smartphones<\/a>. L\u2019entreprise serait en train d\u2019en d\u00e9velopper un nouveau.<\/p>\n<p><a href=\"https:\/\/images.frandroid.com\/wp-content\/uploads\/2017\/06\/Amazon-Fire-Phone-8.jpg\" target=\"_blank\" class=\"article-content__figure\" rel=\"nofollow noopener\"><img fetchpriority=\"high\" decoding=\"async\" loading=\"eager\" width=\"1000\" height=\"664\" src=\"https:\/\/www.europesays.com\/ch-fr\/wp-content\/uploads\/2026\/03\/Amazon-Fire-Phone-8.jpg\" alt=\"\" class=\"wp-image-436344 wp-image wp-image\"  \/><\/a><\/p>\n<p>La photo d\u2019illustration de cet article vous a peut-\u00eatre rappel\u00e9 une \u00e9trange \u00e9poque. Celle o\u00f9 Amazon, g\u00e9ant du commerce en ligne, \u00e9tait persuad\u00e9 de pouvoir rivaliser avec Google et Apple en sortant son <a href=\"https:\/\/www.frandroid.com\/actualites-generales\/224003_amazon-fire-phone-nouvelle-arme-jeff-bezos\" rel=\"nofollow noopener\" target=\"_blank\">Fire Phone<\/a>. Supervis\u00e9 par Jeff Bezos, il a fallu 14 mois avant que l\u2019appareil disparaisse d\u00e9finitivement. Un \u00e9chec cuisant qui ne semble pas avoir refroidi les ardeurs de l\u2019entreprise pour autant.<\/p>\n<p>                <img decoding=\"async\" width=\"1200\" height=\"446\" loading=\"lazy\" alt=\"Back Market 2\" title=\"Back Market 2\" class=\"is-radiusless placeholder-default wp-image\" src=\"https:\/\/www.europesays.com\/ch-fr\/wp-content\/uploads\/2026\/03\/1773251891_925_back-market-2-1200x446.jpg\" \/><img decoding=\"async\" width=\"1200\" height=\"446\" loading=\"lazy\" alt=\"Back Market 2\" title=\"Back Market 2\" class=\"is-radiusless placeholder-default wp-image\" src=\"https:\/\/www.europesays.com\/ch-fr\/wp-content\/uploads\/2026\/03\/1773251891_925_back-market-2-1200x446.jpg\" \/>            <\/p>\n<p>\n                    Sauvez la Galaxy !                 <\/p>\n<p class=\"has-text-weight-medium is-size-6 is-line-height-normal\">\n                    M\u00eame apr\u00e8s la sortie des derniers mod\u00e8les, les Samsung Galaxy des g\u00e9n\u00e9rations pr\u00e9c\u00e9dentes restent d\u2019excellentes r\u00e9f\u00e9rences. Retrouvez toute la gamme Samsung Galaxy \u00e0 prix r\u00e9duit en reconditionn\u00e9 sur Back Market.                <\/p>\n<p>Selon des sources internes, Amazon pr\u00e9parerait l\u2019arriv\u00e9e d\u2019un nouveau smartphone. Appel\u00e9 projet \u00ab Transformer \u00bb, le mobile ne ressemblerait pas \u00e0 l\u2019id\u00e9e que l\u2019on s\u2019en fait spontan\u00e9ment. Comme le Fire Phone avant lui, il serait surtout une sorte de passerelle entre l\u2019utilisateur et la plateforme d\u2019achats.<\/p>\n<p>Un smartphone pour faciliter les achats sur Amazon, mais pas que<\/p>\n<p>L\u2019objectif du mobile serait simplifier tout ce qui tourne autour d\u2019Amazon et de ses services : les achats, le visionnage de films et s\u00e9ries sur Prime Video, l\u2019\u00e9coute via Amazon Music ou encore la commande de repas chez les partenaires de la marque. Pour y parvenir, le smartphone ferait appel \u00e0 <a href=\"https:\/\/www.frandroid.com\/marques\/amazon\/2885945_alexa-arrive-en-france-comment-acceder-a-la-nouvelle-ia-damazon\" rel=\"nofollow noopener\" target=\"_blank\">l\u2019intelligence artificielle Alexa<\/a>, mais sans qu\u2019elle soit au centre du syst\u00e8me d\u2019exploitation encore inconnu.<\/p>\n<p>\u00c0 ce stade, les d\u00e9tails sont vagues. Pas question de parler de fiche technique ou de prix. On sait que le projet est dirig\u00e9 par l\u2019\u00e9quipe interne ZeroOne. On trouve \u00e0 sa t\u00eate J Allard, ancien de chez Microsoft qui a notamment travaill\u00e9 sur la console Xbox. Avant d\u2019en arriver \u00e0 sa vision actuelle, Amazon a m\u00eame pens\u00e9 fabriquer un \u00ab dumbphone \u00bb, un mobile aux fonctions tr\u00e8s basiques \u00e0 l\u2019instar du <a href=\"https:\/\/www.frandroid.com\/produits-android\/smartphone\/2560815_ce-smartphone-reduit-a-lessentiel-soffre-un-prix-de-luxe\" rel=\"nofollow noopener\" target=\"_blank\">Light Phone<\/a>.<\/p>\n<p>Les sources pr\u00e9viennent que le projet n\u2019a pas de fen\u00eatre de sortie d\u00e9finie et qu\u2019il pourrait \u00eatre abandonn\u00e9 si les priorit\u00e9s d\u2019Amazon changent en cours de route. Du c\u00f4t\u00e9 de la firme, c\u2019est sans surprise le silence absolu sur le sujet.<\/p>\n","protected":false},"excerpt":{"rendered":"Amazon n\u2019a pas compl\u00e8tement abandonn\u00e9 l\u2019id\u00e9e de percer sur le march\u00e9 des smartphones. L\u2019entreprise serait en train d\u2019en&hellip;\n","protected":false},"author":2,"featured_media":57202,"comment_status":"","ping_status":"","sticky":false,"template":"","format":"standard","meta":{"footnotes":"","_share_on_mastodon":"0"},"categories":[7],"tags":[18516,61,57,59,58,23,60,62],"class_list":["post-57201","post","type-post","status-publish","format-standard","has-post-thumbnail","category-sciences-et-technologies","tag-amazon-fire-phone","tag-science","tag-science-and-technology","tag-sciences","tag-sciences-et-technologies","tag-suisse","tag-technologies","tag-technology"],"share_on_mastodon":{"url":"https:\/\/pubeurope.com\/@ch_fr\/116262088449819844","error":""},"_links":{"self":[{"href":"https:\/\/www.europesays.com\/ch-fr\/wp-json\/wp\/v2\/posts\/57201","targetHints":{"allow":["GET"]}}],"collection":[{"href":"https:\/\/www.europesays.com\/ch-fr\/wp-json\/wp\/v2\/posts"}],"about":[{"href":"https:\/\/www.europesays.com\/ch-fr\/wp-json\/wp\/v2\/types\/post"}],"author":[{"embeddable":true,"href":"https:\/\/www.europesays.com\/ch-fr\/wp-json\/wp\/v2\/users\/2"}],"replies":[{"embeddable":true,"href":"https:\/\/www.europesays.com\/ch-fr\/wp-json\/wp\/v2\/comments?post=57201"}],"version-history":[{"count":0,"href":"https:\/\/www.europesays.com\/ch-fr\/wp-json\/wp\/v2\/posts\/57201\/revisions"}],"wp:featuredmedia":[{"embeddable":true,"href":"https:\/\/www.europesays.com\/ch-fr\/wp-json\/wp\/v2\/media\/57202"}],"wp:attachment":[{"href":"https:\/\/www.europesays.com\/ch-fr\/wp-json\/wp\/v2\/media?parent=57201"}],"wp:term":[{"taxonomy":"category","embeddable":true,"href":"https:\/\/www.europesays.com\/ch-fr\/wp-json\/wp\/v2\/categories?post=57201"},{"taxonomy":"post_tag","embeddable":true,"href":"https:\/\/www.europesays.com\/ch-fr\/wp-json\/wp\/v2\/tags?post=57201"}],"curies":[{"name":"wp","href":"https:\/\/api.w.org\/{rel}","templated":true}]}}