{"id":59323,"date":"2026-03-22T02:40:11","date_gmt":"2026-03-22T02:40:11","guid":{"rendered":"https:\/\/www.europesays.com\/ch-fr\/59323\/"},"modified":"2026-03-22T02:40:11","modified_gmt":"2026-03-22T02:40:11","slug":"prix-fiche-technique-et-offre-de-lancement-frandroid","status":"publish","type":"post","link":"https:\/\/www.europesays.com\/ch-fr\/59323\/","title":{"rendered":"prix, fiche technique et offre de lancement \u2014 Frandroid"},"content":{"rendered":"<p>Realme vient de sortir son nouveau smartphone, le Realme 16 Pro, un mod\u00e8le milieu de gamme avec un grand \u00e9cran AMOLED qui est disponible \u00e0 399,99 euros sur Boulanger au lieu de 429,99 euros.<\/p>\n<p>        <a title=\"Voici le Realme 16 Pro \u00e0 399,99 \u20ac sur Boulanger\" data-enddate=\"1774306800\" data-old-price=\"429.99\" data-new-price=\"399.99\" data-button-type=\"eshop\" data-product-rate=\"8\" href=\"https:\/\/shop.frandroid.com\/u2t41uhs\" class=\"product-button is-shadowed\" data-gtm=\"{&quot;nom_marchand&quot;:&quot;boulanger&quot;,&quot;nom_produit&quot;:&quot;inconnu&quot;,&quot;categorie_produit&quot;:&quot;inconnu&quot;,&quot;position_marchand&quot;:0,&quot;offer_url&quot;:&quot;https:\\\/\\\/shop.frandroid.com\\\/u2t41uhs&quot;,&quot;module_produit&quot;:&quot;bouton&quot;,&quot;zone&quot;:&quot;contenu-page&quot;,&quot;event&quot;:&quot;afficlic&quot;,&quot;texte&quot;:&quot;voici-le-realme-16-pro-a-39999-e-sur-boulanger&quot;}\" rel=\"nofollow noopener\" target=\"_blank\"><br \/>\n            Voici le Realme 16 Pro \u00e0 399,99 \u20ac sur Boulanger<\/p>\n<p>                        D\u00e9couvrir l\u2019offre<\/p>\n<p>        <\/a><\/p>\n<p><a href=\"https:\/\/images.frandroid.com\/wp-content\/uploads\/2026\/03\/photo-8.jpg\" target=\"_blank\" class=\"article-content__figure\" rel=\"nofollow noopener\"><img fetchpriority=\"high\" decoding=\"async\" loading=\"eager\" width=\"1200\" height=\"802\" src=\"https:\/\/www.europesays.com\/ch-fr\/wp-content\/uploads\/2026\/03\/photo-8.jpg\" alt=\"\" class=\"wp-image-3004447 wp-image wp-image\"  \/><\/a><\/p>\n<p>Il fait partie de la nouvelle s\u00e9rie Realme 16 de la marque : le Realme 16 Pro est un smartphone plus accessible que <a href=\"https:\/\/www.frandroid.com\/produits\/smartphones\/realme\/2977033-realme-16-pro-plus\" target=\"_blank\" rel=\"noreferrer noopener nofollow\">le mod\u00e8le Pro Plus<\/a>, avec quelques concessions techniques, notamment au niveau de la batterie et des capteurs photo. Reste un beau produit avec un \u00e9cran de qualit\u00e9, bien lumineux, une puissance globale satisfaisante et une bonne utilisation de l\u2019intelligence artificielle, notamment au niveau de la photo, de la cr\u00e9ation de contenu ou tout simplement la productivit\u00e9 au quotidien. Pour lui donner un petit coup de boost au lancement, Boulanger propose <a href=\"https:\/\/shop.frandroid.com\/u2t41uhs\" target=\"_blank\" rel=\"noreferrer noopener affiliate nofollow\" data-gtm=\"{&quot;event&quot;:&quot;afficlic&quot;,&quot;nom_marchand&quot;:&quot;boulanger&quot;,&quot;nom_produit&quot;:&quot;inconnu&quot;,&quot;categorie_produit&quot;:&quot;inconnu&quot;,&quot;module_produit&quot;:&quot;editolink&quot;,&quot;position_marchand&quot;:0,&quot;texte&quot;:&quot;une-reduction-de-30-euros&quot;,&quot;offer_url&quot;:&quot;https:\/\/shop.frandroid.com\/u2t41uhs&quot;,&quot;zone&quot;:&quot;contenu-page&quot;}\">une r\u00e9duction de 30 euros<\/a> pendant quelques jours. <\/p>\n<p>Les atouts du Realme 16 Pro<\/p>\n<p>Le bloc photo avec le capteur principal 200 Mpx<\/p>\n<p>La batterie de 6 500 mAh pour une autonomie \u00e9lev\u00e9e<\/p>\n<p>L\u2019\u00e9cran AMOLED 6,78 pouces HDR est tr\u00e8s lumineux<\/p>\n<p>Lanc\u00e9 un peu partout \u00e0 429,99 euros, le Realme 16 Pro 8+256 Go est actuellement <a href=\"https:\/\/shop.frandroid.com\/u2t41uhs\" target=\"_blank\" rel=\"noreferrer noopener affiliate nofollow\" data-gtm=\"{&quot;event&quot;:&quot;afficlic&quot;,&quot;nom_marchand&quot;:&quot;boulanger&quot;,&quot;nom_produit&quot;:&quot;inconnu&quot;,&quot;categorie_produit&quot;:&quot;inconnu&quot;,&quot;module_produit&quot;:&quot;editolink&quot;,&quot;position_marchand&quot;:0,&quot;texte&quot;:&quot;disponible-pour-399-99-euros&quot;,&quot;offer_url&quot;:&quot;https:\/\/shop.frandroid.com\/u2t41uhs&quot;,&quot;zone&quot;:&quot;contenu-page&quot;}\">disponible pour 399,99 euros<\/a> sur Boulanger pour une dur\u00e9e limit\u00e9e.<\/p>\n<p>        <a title=\"Voici le Realme 16 Pro \u00e0 399,99 \u20ac sur Boulanger\" data-enddate=\"1774306800\" data-old-price=\"429.99\" data-new-price=\"399.99\" data-button-type=\"eshop\" data-product-rate=\"8\" href=\"https:\/\/shop.frandroid.com\/u2t41uhs\" class=\"product-button is-shadowed\" data-gtm=\"{&quot;nom_marchand&quot;:&quot;inconnu&quot;,&quot;nom_produit&quot;:&quot;inconnu&quot;,&quot;categorie_produit&quot;:&quot;inconnu&quot;,&quot;position_marchand&quot;:&quot;0&quot;,&quot;offer_url&quot;:&quot;https:\\\/\\\/shop.frandroid.com\\\/u2t41uhs&quot;,&quot;module_produit&quot;:&quot;bouton&quot;,&quot;zone&quot;:&quot;contenu-page&quot;,&quot;event&quot;:&quot;afficlic&quot;,&quot;texte&quot;:&quot;voici-le-realme-16-pro-a-39999-e-sur-boulanger&quot;}\" rel=\"nofollow noopener\" target=\"_blank\"><br \/>\n            Voici le Realme 16 Pro \u00e0 399,99 \u20ac sur Boulanger<\/p>\n<p>                        D\u00e9couvrir l\u2019offre<\/p>\n<p>        <\/a><\/p>\n<p>Si, par la suite, l\u2019offre mentionn\u00e9e dans cet article n\u2019est plus disponible, merci de jeter un coup d\u2019\u0153il ci-dessous afin de d\u00e9nicher d\u2019autres offres concernant le Realme 16 Pro. Le tableau s\u2019actualise automatiquement. <\/p>\n<p>    <a href=\"https:\/\/www.frandroid.com\/produits\/smartphones\/realme\/2977199-realme-16-pro\" class=\"product-resume__prices-title__product-name has-text-weight-bold\" rel=\"nofollow noopener\" target=\"_blank\"><br \/>\n    Realme 16 Pro    <\/a><br \/>\n        au meilleur prix<\/p>\n<p>                Voir plus d\u2019offres \u00e0 partir de 316\u00a0\u20ac<br \/>\n                Voir moins d\u2019offres<\/p>\n<p>Un smartphone puissant aux origines insolites<\/p>\n<p>On pourrait naturellement penser que le Realme 16 Pro est une \u00e9volution du Realme 15 Pro. Mais force est de constater, selon notre test, que la marque s\u2019est plut\u00f4t repos\u00e9e sur les bases du <a href=\"https:\/\/www.frandroid.com\/bons-plans\/2573139_realme-14-pro-quand-le-meilleur-rival-du-xiaomi-redmi-note-14-pro-devient-moins-cher-dans-sa-version-512-go\" target=\"_blank\" rel=\"noreferrer noopener nofollow\">Realme 14 Pro<\/a>. Non pas qu\u2019elles soient mauvaises, mais elles sont un peu plus dat\u00e9es. Il ne faut pas croire que la marque n\u2019a pas fait de progr\u00e8s pour autant : l\u2019\u00e9cran, par exemple, est une dalle AMOLED LTPS de 6,78 pouces qui affiche 2 780 x 1 264 pixels avec un taux de rafra\u00eechissement montant jusqu\u2019\u00e0 144 Hz.<\/p>\n<p>Ce qui signifie que les animations sont fluides, que ce soit en jeu ou devant une vid\u00e9o. Par contre, la marque a fait un choix bizarre, celui de ne pas pouvoir l\u2019activer sur de gros jeux comme <a href=\"https:\/\/www.frandroid.com\/telecharger\/jeux\/fortnite\" target=\"_blank\" rel=\"noreferrer noopener nofollow\">Fortnite<\/a> ou <a href=\"https:\/\/www.frandroid.com\/telecharger\/jeux\/genshin-impact\" target=\"_blank\" rel=\"noreferrer noopener nofollow\">Genshin Impact<\/a>, mais par contre c\u2019est possible de le monter pour des apps inutiles. Donc difficile de le recommander vraiment pour du gaming, m\u00eame si son processeur fait qu\u2019il tourne quand m\u00eame bien.<\/p>\n<p>Une puissance dans la veine de son tarif<\/p>\n<p>Le processeur, parlons-en : il s\u2019agit d\u2019une puce Dimensity 7300-Max avec 8 Go de RAM et 256 Go de stockage. \u00c0 titre de comparaison, il est un peu moins puissant que le <a href=\"https:\/\/www.frandroid.com\/produits\/smartphones\/xiaomi\/2918493-xiaomi-redmi-note-15-pro\" target=\"_blank\" rel=\"noreferrer noopener nofollow\">Redmi Note 15 Pro<\/a> de Xiaomi avec son <a href=\"https:\/\/www.frandroid.com\/marques\/mediatek-materiels-accessoires\/2518019_les-smartphones-android-abordables-vont-devenir-encore-plus-rapides-grace-a-ces-processeurs#:~:text=Les%20Dimensity%207400%20et%207400X,rapport%20%C3%A0%20la%20g%C3%A9n%C3%A9ration%20pr%C3%A9c%C3%A9dente.\" target=\"_blank\" rel=\"noreferrer noopener nofollow\">Dimensity 7400 Ultra<\/a>, pour ne citer que lui. Il reste toutefois suffisant pour un usage multim\u00e9dia et bureautique classique. M\u00eame la mont\u00e9e en temp\u00e9rature est contenue apr\u00e8s une heure d\u2019utilisation intensive.<\/p>\n<p>Pour l\u2019appareil photo, il fait un bon travail avec son double capteur de 200 + 8 Mpx, surtout avec l\u2019IA qui vient retoucher les r\u00e9sultats dans les secondes qui suivent pour un clich\u00e9 am\u00e9lior\u00e9. Realme vient enfoncer le clou avec une autonomie au taquet : une batterie de 6 500 mAh compatible charge rapide 45 W et charge invers\u00e9e 6 W pour une autonomie de deux jours complets en \u00e9tant \u00e9conome. Par contre, on d\u00e9plore l\u2019absence de charge sans-fil, assez \u00e9tonnante.<\/p>\n<p>        <a title=\"Voici le Realme 16 Pro \u00e0 399,99 \u20ac sur Boulanger\" data-enddate=\"1774306800\" data-old-price=\"429.99\" data-new-price=\"399.99\" data-button-type=\"eshop\" data-product-rate=\"8\" href=\"https:\/\/shop.frandroid.com\/u2t41uhs\" class=\"product-button is-shadowed\" data-gtm=\"{&quot;nom_marchand&quot;:&quot;inconnu&quot;,&quot;nom_produit&quot;:&quot;inconnu&quot;,&quot;categorie_produit&quot;:&quot;inconnu&quot;,&quot;position_marchand&quot;:&quot;0&quot;,&quot;offer_url&quot;:&quot;https:\\\/\\\/shop.frandroid.com\\\/u2t41uhs&quot;,&quot;module_produit&quot;:&quot;bouton&quot;,&quot;zone&quot;:&quot;contenu-page&quot;,&quot;event&quot;:&quot;afficlic&quot;,&quot;texte&quot;:&quot;voici-le-realme-16-pro-a-39999-e-sur-boulanger&quot;}\" rel=\"nofollow noopener\" target=\"_blank\"><br \/>\n            Voici le Realme 16 Pro \u00e0 399,99 \u20ac sur Boulanger<\/p>\n<p>                        D\u00e9couvrir l\u2019offre<\/p>\n<p>        <\/a><\/p>\n<p>Le test du Realme 16 Pro est comme le smartphone, tout chaud sorti du four : vous pouvez <a href=\"https:\/\/www.frandroid.com\/marques\/realme\/2983241_test-realme-16-pro-endurant-et-bourre-de-fonctions-originales-ce-smartphone-de-milieu-de-gamme-a-de-quoi-convaincre\" target=\"_blank\" rel=\"noreferrer noopener nofollow\">le consulter ici<\/a> pour voir ce que vaut vraiment ce nouveau t\u00e9l\u00e9phone.<\/p>\n<p>Il y a aussi notre guide sur <a href=\"https:\/\/www.frandroid.com\/guide-dachat\/smartphones\/495533_les-meilleurs-smartphones-a-moins-de-500-euros-notre-selection\" target=\"_blank\" rel=\"noreferrer noopener nofollow\">les meilleurs smartphones \u00e0 moins de 500 euros<\/a> si vous cherchez \u00e0 le comparer avec des t\u00e9l\u00e9phones ayant le m\u00eame rapport qualit\u00e9\/prix.<\/p>\n","protected":false},"excerpt":{"rendered":"Realme vient de sortir son nouveau smartphone, le Realme 16 Pro, un mod\u00e8le milieu de gamme avec un&hellip;\n","protected":false},"author":2,"featured_media":59324,"comment_status":"","ping_status":"","sticky":false,"template":"","format":"standard","meta":{"footnotes":"","_share_on_mastodon":"0"},"categories":[7],"tags":[1784,17379,61,57,59,58,23,60,62],"class_list":["post-59323","post","type-post","status-publish","format-standard","has-post-thumbnail","category-sciences-et-technologies","tag-bons-plans-boulanger","tag-realme-16-pro","tag-science","tag-science-and-technology","tag-sciences","tag-sciences-et-technologies","tag-suisse","tag-technologies","tag-technology"],"share_on_mastodon":{"url":"https:\/\/pubeurope.com\/@ch_fr\/116270518911299719","error":""},"_links":{"self":[{"href":"https:\/\/www.europesays.com\/ch-fr\/wp-json\/wp\/v2\/posts\/59323","targetHints":{"allow":["GET"]}}],"collection":[{"href":"https:\/\/www.europesays.com\/ch-fr\/wp-json\/wp\/v2\/posts"}],"about":[{"href":"https:\/\/www.europesays.com\/ch-fr\/wp-json\/wp\/v2\/types\/post"}],"author":[{"embeddable":true,"href":"https:\/\/www.europesays.com\/ch-fr\/wp-json\/wp\/v2\/users\/2"}],"replies":[{"embeddable":true,"href":"https:\/\/www.europesays.com\/ch-fr\/wp-json\/wp\/v2\/comments?post=59323"}],"version-history":[{"count":0,"href":"https:\/\/www.europesays.com\/ch-fr\/wp-json\/wp\/v2\/posts\/59323\/revisions"}],"wp:featuredmedia":[{"embeddable":true,"href":"https:\/\/www.europesays.com\/ch-fr\/wp-json\/wp\/v2\/media\/59324"}],"wp:attachment":[{"href":"https:\/\/www.europesays.com\/ch-fr\/wp-json\/wp\/v2\/media?parent=59323"}],"wp:term":[{"taxonomy":"category","embeddable":true,"href":"https:\/\/www.europesays.com\/ch-fr\/wp-json\/wp\/v2\/categories?post=59323"},{"taxonomy":"post_tag","embeddable":true,"href":"https:\/\/www.europesays.com\/ch-fr\/wp-json\/wp\/v2\/tags?post=59323"}],"curies":[{"name":"wp","href":"https:\/\/api.w.org\/{rel}","templated":true}]}}