{"id":60452,"date":"2026-03-22T21:31:04","date_gmt":"2026-03-22T21:31:04","guid":{"rendered":"https:\/\/www.europesays.com\/ch-fr\/60452\/"},"modified":"2026-03-22T21:31:04","modified_gmt":"2026-03-22T21:31:04","slug":"battu-a-rapperswil-fribourg-gotteron-est-mene-2-0-rts-ch","status":"publish","type":"post","link":"https:\/\/www.europesays.com\/ch-fr\/60452\/","title":{"rendered":"Battu \u00e0 Rapperswil, Fribourg-Gott\u00e9ron est men\u00e9 2-0 &#8211; rts.ch"},"content":{"rendered":"<p><a href=\"https:\/\/news.google.com\/rss\/articles\/CBMizAFBVV95cUxONDZiV1NtMlFYYWNBVl82akRzbXNTeXJadWlvYVZqeFoxLUk1eEFGZEhKb2NPUkpFMzlKdkhpME1mNHF2NXUzVzI5Ukx0RXNZWmdwR0pIVC1JTGdMbjN5aWJRcUg0NERxMWJUeV8xRmIyZkR5bUxTR0FBbDZ2U2RTNW1oT3AxVFRpekVwWkZFZUtNWEFOUTBhajNaMWhpZkprSXM5Tkx1dEEtRlk1MEY1QWJYZUk0NzZack5YWERJYWgwSVBvT1dsYjZHZ1E?oc=5\" target=\"_blank\" rel=\"nofollow noopener\">Battu \u00e0 Rapperswil, Fribourg-Gott\u00e9ron est men\u00e9 2-0<\/a>&nbsp;&nbsp;rts.ch<a href=\"https:\/\/news.google.com\/rss\/articles\/CBMi4AFBVV95cUxOTFFTWDV3OXFTZ1VqcFNOZXkwWks0eDBVMTZvOWJRcUxLZ1pPaThDYWF3bHVIX3ZWSjZwdG12cFBDYVdyYV9ycXpNTWVpamYxdnJPejNEcW9OTi15bVVMWm5haGx4Y014RjVLODhxTjJRTnZ1SkNudUtnRm1PandZUW9STHZVM3pzSzJZUTdVTHVCb091aDRKTnNyOERTS0FfdzBvOTkzTVZSZ0E2bFQyZE0tYjdQLUFsdmJ4dk1tWGxEeTJwVmpKVkVvRU5NeUQ4RE1xVFQycnBNOFNoYjI0Wg?oc=5\" target=\"_blank\" rel=\"nofollow noopener\">Par son geste apr\u00e8s son but dans la cage vide, le d\u00e9fenseur de Rapperswil Igor Jelovac a mis le feu aux poudres (2-5). Mais il a aussi \u00e9t\u00e9 bon dans le jeu et m\u00e9rite l&rsquo;une des trois \u00e9toiles de l&rsquo;acte I de la s\u00e9rie face \u00e0 Fribourg. \ud83d\udc49 Retrouvez l&rsquo;article complet : https:\/<\/a>&nbsp;&nbsp;Facebook<a href=\"https:\/\/news.google.com\/rss\/articles\/CBMid0FVX3lxTE9KSnAtU211RkprZExsUFNNdkZqU0RndUtzZlZXN0doYzNaYTlNWE9DcVlVZVZsMjBFQmhXdl9FV1l2OFRmd2hQRTZqeDNjS1lqQWxCYzgwNDRoM3c5aXFJUEFGOUpyRDQ5eXVQeGRxRlc5cUplSFNj?oc=5\" target=\"_blank\" rel=\"nofollow noopener\">FRIBOURG \u2013 Les Dragons pansent leurs plaies<\/a>&nbsp;&nbsp;Plan\u00e8te Hockey<a href=\"https:\/\/news.google.com\/rss\/articles\/CBMimgFBVV95cUxOanRiM1o5SVJZZ0pCVkNjdmVpUUFRN2JNR1lWUWt5ek1DZ0xSZ3l0cXFzWFI1UEtGQ0hzazBILS1wTHVkanNpS0JRYVhDQzFkMGN0bDBXZmVsZlN4am11MGJqSzdRbzQxR2dPcnJJWEN5aHR2NzBRNGxPM2N1bTFXa1FvbDZhZVp0bjQyckRHQW1Pb0R2UTNzOEVB?oc=5\" target=\"_blank\" rel=\"nofollow noopener\">Fribourg devra faire sans son ailier. Attilio Biasca ne jouera pas<\/a>&nbsp;&nbsp;La Libert\u00e9<a href=\"https:\/\/news.google.com\/rss\/articles\/CBMipAFBVV95cUxNNndscDN1MzlxUzlob0dYUDA1eDEzbGNyeXdCWFRjc2JYLVRzLUF5emRRMnp4TlhzRUxkbTBwRVdudGthaXVXbjgwY2lxRDlnNUUzXzN5VXlLM2paUU1tZFllaTFXOW9IZkR1UE5VREFKUTJYVGFjXzZKaDlOSm5hRXRfd00xdW9TcjI2ZnpCbTdqQ3J3blpTREl6OURCeVRvV0duNg?oc=5\" target=\"_blank\" rel=\"nofollow noopener\">Sherkan junior, \u00abmachin\u00bb de Fribourg et autres bizarreries des play-off<\/a>&nbsp;&nbsp;24 Heures<\/p>\n","protected":false},"excerpt":{"rendered":"Battu \u00e0 Rapperswil, Fribourg-Gott\u00e9ron est men\u00e9 2-0&nbsp;&nbsp;rts.chPar son geste apr\u00e8s son but dans la cage vide, le d\u00e9fenseur&hellip;\n","protected":false},"author":2,"featured_media":60453,"comment_status":"","ping_status":"","sticky":false,"template":"","format":"standard","meta":{"footnotes":"","_share_on_mastodon":"0"},"categories":[4],"tags":[22,19245,211,493,1372,219,2270,21,8610,10135,8185,19246,2272,186,23],"class_list":["post-60452","post","type-post","status-publish","format-standard","has-post-thumbnail","category-actualites","tag-actualites","tag-berra","tag-fribourg","tag-hockey","tag-hockey-club-fribourg-gotteron","tag-hockey-sur-glace","tag-national-league","tag-news","tag-rapperswil","tag-rapperswil-fribourg","tag-roger-ronnberg","tag-saint-leonard","tag-schlittschuh-club-rapperswil-jona-lakers","tag-sport","tag-suisse"],"share_on_mastodon":{"url":"https:\/\/pubeurope.com\/@ch_fr\/116274966225624327","error":""},"_links":{"self":[{"href":"https:\/\/www.europesays.com\/ch-fr\/wp-json\/wp\/v2\/posts\/60452","targetHints":{"allow":["GET"]}}],"collection":[{"href":"https:\/\/www.europesays.com\/ch-fr\/wp-json\/wp\/v2\/posts"}],"about":[{"href":"https:\/\/www.europesays.com\/ch-fr\/wp-json\/wp\/v2\/types\/post"}],"author":[{"embeddable":true,"href":"https:\/\/www.europesays.com\/ch-fr\/wp-json\/wp\/v2\/users\/2"}],"replies":[{"embeddable":true,"href":"https:\/\/www.europesays.com\/ch-fr\/wp-json\/wp\/v2\/comments?post=60452"}],"version-history":[{"count":0,"href":"https:\/\/www.europesays.com\/ch-fr\/wp-json\/wp\/v2\/posts\/60452\/revisions"}],"wp:featuredmedia":[{"embeddable":true,"href":"https:\/\/www.europesays.com\/ch-fr\/wp-json\/wp\/v2\/media\/60453"}],"wp:attachment":[{"href":"https:\/\/www.europesays.com\/ch-fr\/wp-json\/wp\/v2\/media?parent=60452"}],"wp:term":[{"taxonomy":"category","embeddable":true,"href":"https:\/\/www.europesays.com\/ch-fr\/wp-json\/wp\/v2\/categories?post=60452"},{"taxonomy":"post_tag","embeddable":true,"href":"https:\/\/www.europesays.com\/ch-fr\/wp-json\/wp\/v2\/tags?post=60452"}],"curies":[{"name":"wp","href":"https:\/\/api.w.org\/{rel}","templated":true}]}}