{"id":62722,"date":"2026-03-24T09:57:33","date_gmt":"2026-03-24T09:57:33","guid":{"rendered":"https:\/\/www.europesays.com\/ch-fr\/62722\/"},"modified":"2026-03-24T09:57:33","modified_gmt":"2026-03-24T09:57:33","slug":"argentine-face-a-la-violence-autoritaire-la-resistance-populaire","status":"publish","type":"post","link":"https:\/\/www.europesays.com\/ch-fr\/62722\/","title":{"rendered":"Argentine: \u00abFace \u00e0 la violence autoritaire, la r\u00e9sistance populaire\u00bb"},"content":{"rendered":"<p>Il y a cinquante ans, le 24 mars 1976, les militaires argentins, avec le soutien des Etats-Unis et la complicit\u00e9 d\u2019une partie de la classe politique, du grand patronat et de certains secteurs de l\u2019Eglise catholique, ont perp\u00e9tr\u00e9 un coup d\u2019Etat civilo-militaire qui restera dans les annales de toute l\u2019Am\u00e9rique latine pour sa brutalit\u00e9 r\u00e9pressive. Ce coup d\u2019Etat ouvrait un nouveau cycle de l\u2019agression \u00e9conomique et sociale contre les secteurs majoritaires de la population. Il instaurait \u00e9galement le m\u00e9canisme pernicieux de l\u2019endettement et de la d\u00e9pendance, avec une augmentation illimit\u00e9e de la dette ext\u00e9rieure.<\/p>\n<p>Les sept ann\u00e9es que dura cette dictature furent les plus brutales de l\u2019histoire contemporaine de l\u2019Argentine. Elles ont marqu\u00e9 l\u2019imposition violente du terrorisme d\u2019Etat, avec un bilan dramatique de 30\u2019000 personnes disparues \u2013 dont 500 b\u00e9b\u00e9s enlev\u00e9s \u00e0 leurs parents disparus \u2013, plus de 11\u2019000 prisonniers politiques, des dizaines de milliers de personnes d\u00e9plac\u00e9es et de r\u00e9fugi\u00e9s \u00e0 l\u2019\u00e9tranger.<\/p>\n<p>Le r\u00e9gime dictatorial a cherch\u00e9 \u00e0 an\u00e9antir toute une g\u00e9n\u00e9ration de jeunes gens engag\u00e9s et solidaires qui voulaient rendre le monde plus juste. L\u2019objectif a \u00e9t\u00e9 seulement partiellement atteint: l\u2019arm\u00e9e a \u00e9chou\u00e9 \u00e0 vaincre la r\u00e9sistance populaire.<br \/>Pour faire face \u00e0 la r\u00e9pression syst\u00e9matique et syst\u00e9mique, en prenant pour r\u00e9f\u00e9rence exemplaire les M\u00e8res et les Grands-m\u00e8res de la place de Mai, un vaste mouvement social de d\u00e9fense des droits humains a vu le jour.<\/p>\n<p>Affaiblis et toujours plus rejet\u00e9s, apr\u00e8s la guerre des Malouines o\u00f9 des centaines de jeunes ont perdu la vie, les militaires ont perdu de leur influence. En 1983, ils ont d\u00fb quitter le pouvoir.<\/p>\n<p>L\u2019engagement profond d\u2019une grande partie de la soci\u00e9t\u00e9 argentine pour la M\u00e9moire, la V\u00e9rit\u00e9 et la Justice est le fil conducteur d\u2019une lutte sans fin pour les droits humains. Entre 2006 et octobre 2025, pr\u00e8s de 1200 militaires, civils et religieux ont \u00e9t\u00e9 condamn\u00e9s pour crimes contre l\u2019humanit\u00e9 dans des tribunaux ordinaires. L\u2019Argentine est devenue un exemple important dans le monde entier pour se souvenir du pass\u00e9 et emp\u00eacher que l\u2019histoire soit oubli\u00e9e ou ni\u00e9e.<\/p>\n<p>Affrontant cet intense engagement du peuple avec la M\u00e9moire, le pr\u00e9sident Javier Milei, qui gouverne depuis d\u00e9cembre 2023, cherche \u00e0 imposer le n\u00e9gationnisme comme id\u00e9ologie dominante et justifier les crimes de la dictature. L\u2019Etat de droit, les diversit\u00e9s et la lutte des femmes pour l\u2019\u00e9galit\u00e9 sont des concepts rejet\u00e9s. Il ignore le changement climatique. Il ne reconna\u00eet pas les organisations multilat\u00e9rales internationales et leurs programmes, comme l\u2019Agenda 2030 ou les Objectifs de d\u00e9veloppement durable, etc.<\/p>\n<p>Le gouvernement argentin actuel m\u00e8ne une politique de d\u00e9mant\u00e8lement \u00e9conomique et social syst\u00e9matique. Au cours des deux derni\u00e8res ann\u00e9es, il a pouss\u00e9 plus de 20\u2019000 entreprises \u00e0 la faillite \u2013 dont la plupart comptaient moins de 500 employ\u00e9s \u2013 et supprim\u00e9 pr\u00e8s de 281\u2019000 emplois, dont 90\u2019000 dans des domaines sensibles de l\u2019Etat tels que la recherche, la sant\u00e9, l\u2019\u00e9ducation, les droits humains, l\u2019aide sociale, etc. Pr\u00e8s d\u2019une centaine de grandes manifestations sociales ont \u00e9t\u00e9 violemment r\u00e9prim\u00e9es \u2013 ce qui constitue l\u2019autre pilier du projet de Milei \u2013 faisant au moins 2400 bless\u00e9s parmi les manifestant\u00b7es et plus de 460 personnes arr\u00eat\u00e9es, selon les donn\u00e9es d\u00fbment enregistr\u00e9es.<\/p>\n<p>Le n\u00e9gationnisme de Milei contre la vie, la plan\u00e8te, l\u2019Etat de droit et m\u00eame la d\u00e9mocratie le rapproche de l\u2019extr\u00eame droite. Il s\u2019inspire de Trump et de Netanyahou. Il entretient des liens \u00e9troits avec les dirigeants n\u00e9ofascistes europ\u00e9ens. Ainsi, le projet de la droite radicale internationale se renforce. Cette droite promeut des id\u00e9es culturelles, religieuses et politiques qui sont extr\u00eames, patriarcales et r\u00e9actionnaires. L\u2019objectif est de d\u00e9manteler le syst\u00e8me de protection sociale, les mesures de solidarit\u00e9 et de diversit\u00e9, l\u2019accueil des migrants ou encore le droit du peuple palestinien ainsi que de tous les peuples \u00e0 d\u00e9cider de son avenir.<\/p>\n<p>Cinquante ans apr\u00e8s le coup d\u2019Etat en Argentine, nous affirmons:<\/p>\n<p>\u2022 Plus jamais de terrorisme d\u2019Etat;<br \/>\u2022 Non au projet \u00e9conomique et social de Milei;<br \/>\u2022 Non au n\u00e9gationnisme, partout et sous toutes ses formes;<br \/>\u2022 Oui la solidarit\u00e9 internationale.<\/p>\n<p>Le 24 mars 2026, depuis la Suisse, nous constatons que les diverses formes de r\u00e9sistance et de protestation en Argentine sont bien pr\u00e9sentes. Nous nous engageons \u00e0 nouveau pour une Argentine, une Am\u00e9rique latine et un autre monde possible.<\/p>\n<p>Collectif signataire: NUNCA MAS, ARGENTINOS PARA LA VICTORIA-SUIZA, ASOCIACION EL PERISCOPIO, JARDIN DES DISPARUS, LATINO LAB, AMIS<\/p>\n<p>Avec l\u2019adh\u00e9sion des organisations suivantes:<\/p>\n<p>ACAF \u2013 Assembl\u00e9e de citoyens argentins en France,<br \/>Aipazcomun Suisse \u2013 Association internationale pour la paix en Colombie et dans le monde,<br \/>ALAM \u2013 Association latinoam\u00e9ricaine de Meyrin,<br \/>AMCA \u2013 Associazione per l\u2019aiuto medico al Centro America (ONG), solidarit\u00e9 m\u00e9dicale avec Am\u00e9rique centrale et le Mexique, Tessin,<br \/>Asolatino, association de solidarit\u00e9 avec la Colombie, Berne,<br \/>Association des Chiliens r\u00e9sidant \u00e0 Gen\u00e8ve,<br \/>Association de solidarit\u00e9 Nicaragua-el Salvador, Gen\u00e8ve,<br \/>Association Maurice Demierre, Bulle,<br \/>Associazione Italia-Nicaragua di Livorno, Italie,<br \/>CADTM Suisse \u2013 Comit\u00e9 pour l\u2019abolition des dettes ill\u00e9gitimes,<br \/>CETIM, Gen\u00e8ve,<br \/>Centrale sanitaire Suisse romande (CSSR),<br \/>Colectivo federal Intermesas de sitios de la Memoria,<br \/>Comit\u00e9 M\u00e9moire et Justice de Gen\u00e8ve,<br \/>Comunidad Bolivia Plurinacional.Ch,<br \/>Donde est\u00e1n? O\u00f9 sont-ils?, Uruguay,<br \/>E-CHANGER, Suisse,<br \/>Groupe Nicaragua \u2013 Jumelage Del\u00e9mont-La Trinidad, association de solidarit\u00e9, Del\u00e9mont,<br \/>Gruppo Insegnanti di geografia autorganizzati, Italie,<br \/>Jumelage Biel-Bienne-San Marcos, solidarit\u00e9 avec le Nicaragua, Bienne,<br \/>Les Vert-e-s suisses,<br \/>Lupi solidali, groupe solidaire d\u2019Italiens, Berne,<br \/>MediCuba-Suiza, Suisse,<br \/>Novo Movimento, solidarit\u00e9 avec le Br\u00e9sil, Winterthur et r\u00e9gion,<br \/>Parti solidarit\u00e9S,<br \/>Jeunesse solidaire,<br \/>Parti socialiste genevois (PSG),<br \/>Parti ouvrier et populaire vaudois (POP-Vaud),<br \/>Parti suisse du travail (PST-POP),<br \/>Quinto Suyo Suiza Peru,<br \/>Red Whipalas\/Whipalas Network,<br \/>Solifonds, organisme de solidarit\u00e9 syndical avec les mouvements sociaux en lutte, Z\u00fcrich,<br \/>Syndicat SSP-VPOD Gen\u00e8ve,<br \/>Syndicom, syndicat suisse des m\u00e9dias et de la communication,<br \/>Zentralamerika Sekretariat, solidarit\u00e9 avec l\u2019Am\u00e9rique centrale.<\/p>\n<p>et l\u2019appui des personnalit\u00e9s suivantes:<\/p>\n<p>Alfonso Gomez, conseiller administratif vert en Ville de Gen\u00e8ve,<br \/>Anne-Catherine Men\u00e9trey, ancienne d\u00e9put\u00e9e et ancienne conseill\u00e8re nationale verte (VD),<br \/>Antonio Hodgers, ancien conseiller d\u2019Etat du canton de Gen\u00e8ve, ancien conseiller national vert,<br \/>Bernard Borel, conseiller communal \u00e0 Aigle et pr\u00e9sident de l\u2019AVIVO Chablais,<br \/>Carlo Sommaruga, conseiller aux Etats socialiste (GE), pr\u00e9sident de la Commission de politique ext\u00e9rieure du Parlement suisse,<br \/>Cristina Kitsos, conseill\u00e8re administrative socialiste en Ville de Gen\u00e8ve,<br \/>Delphine Klopfenstein Broggini, conseill\u00e8re nationale verte (GE),<br \/>Emmanuel Deonna, conseiller municipale socialiste (GE) et pr\u00e9sident de la commission Migration et Ge-n\u00e8ve internationale au Parti socialiste genevois,<br \/>Estela de Carlotto, pr\u00e9sidente de Abuelas de Plaza de Mayo,<br \/>Franco Cavalli, ancien conseiller national socialiste (TI), ancien pr\u00e9sident de l\u2019Union internationale contre le cancer,<br \/>Jean-Charles Rielle, d\u00e9put\u00e9 socialiste au Grand Conseil (GE), ancien conseiller national (GE),<br \/>Jean-Pierre Tombola, d\u00e9put\u00e9 socialiste au Grand Conseil (GE),<br \/>Jo\u00eblle Bertossa, conseill\u00e8re administrative socialiste en Ville de Gen\u00e8ve,<br \/>Laurence Fehlmann-Rielle, conseill\u00e8re nationale socialiste (GE),<br \/>Lisa Mazzone, pr\u00e9sidente des Vert-e-s suisses, ancienne conseill\u00e8re aux Etats (GE),<br \/>Luc Recordon, ancien conseiller national vert et ancien conseiller aux Etats (VD),<br \/>Maria Adela Antokoletz, secr\u00e9taire ex\u00e9cutive de FEDEFAM (Federaci\u00f3n latinoamericana de asociaciones de familiares de detenidos desaparecidos),<br \/>Marjorie de Chastonay, conseill\u00e8re administrative verte en Ville de Gen\u00e8ve,<br \/>Maryam Yunus Ebener, pr\u00e9sidente des Verts-e-s genevois-e-s,<br \/>Pierre-Yves Maillard, ancien conseiller d\u2019Etat socialiste du canton de Vaud, conseiller aux Etats et Pr\u00e9si-dent de l\u2019Union syndicale suisse,<br \/>Rudi Berli, conseiller national vert (GE),<br \/>Sylvain Th\u00e9voz, d\u00e9put\u00e9 socialiste au Grand conseil (GE),<br \/>Taty Almeida, pr\u00e9sidente de Madres de Plaza de Mayo,<br \/>L\u00ednea Fundadora,<br \/>Ueli Leuenberger, ancien conseiller national vert (GE), ancien pr\u00e9sident des Vert-e-s suisses,<br \/>Vania Alleva, syndicaliste.<\/p>\n","protected":false},"excerpt":{"rendered":"Il y a cinquante ans, le 24 mars 1976, les militaires argentins, avec le soutien des Etats-Unis et&hellip;\n","protected":false},"author":2,"featured_media":62723,"comment_status":"","ping_status":"","sticky":false,"template":"","format":"standard","meta":{"footnotes":"","_share_on_mastodon":"0"},"categories":[4],"tags":[22,3917,19687,21,23],"class_list":["post-62722","post","type-post","status-publish","format-standard","has-post-thumbnail","category-actualites","tag-actualites","tag-argentine","tag-declaration","tag-news","tag-suisse"],"share_on_mastodon":{"url":"https:\/\/pubeurope.com\/@ch_fr\/116283562011516985","error":""},"_links":{"self":[{"href":"https:\/\/www.europesays.com\/ch-fr\/wp-json\/wp\/v2\/posts\/62722","targetHints":{"allow":["GET"]}}],"collection":[{"href":"https:\/\/www.europesays.com\/ch-fr\/wp-json\/wp\/v2\/posts"}],"about":[{"href":"https:\/\/www.europesays.com\/ch-fr\/wp-json\/wp\/v2\/types\/post"}],"author":[{"embeddable":true,"href":"https:\/\/www.europesays.com\/ch-fr\/wp-json\/wp\/v2\/users\/2"}],"replies":[{"embeddable":true,"href":"https:\/\/www.europesays.com\/ch-fr\/wp-json\/wp\/v2\/comments?post=62722"}],"version-history":[{"count":0,"href":"https:\/\/www.europesays.com\/ch-fr\/wp-json\/wp\/v2\/posts\/62722\/revisions"}],"wp:featuredmedia":[{"embeddable":true,"href":"https:\/\/www.europesays.com\/ch-fr\/wp-json\/wp\/v2\/media\/62723"}],"wp:attachment":[{"href":"https:\/\/www.europesays.com\/ch-fr\/wp-json\/wp\/v2\/media?parent=62722"}],"wp:term":[{"taxonomy":"category","embeddable":true,"href":"https:\/\/www.europesays.com\/ch-fr\/wp-json\/wp\/v2\/categories?post=62722"},{"taxonomy":"post_tag","embeddable":true,"href":"https:\/\/www.europesays.com\/ch-fr\/wp-json\/wp\/v2\/tags?post=62722"}],"curies":[{"name":"wp","href":"https:\/\/api.w.org\/{rel}","templated":true}]}}