{"id":63605,"date":"2026-03-24T20:51:13","date_gmt":"2026-03-24T20:51:13","guid":{"rendered":"https:\/\/www.europesays.com\/ch-fr\/63605\/"},"modified":"2026-03-24T20:51:13","modified_gmt":"2026-03-24T20:51:13","slug":"lausanne-sport-esports-tournois-a-polymanga-un-officiel-2xko","status":"publish","type":"post","link":"https:\/\/www.europesays.com\/ch-fr\/63605\/","title":{"rendered":"Lausanne Sport-Esports, tournois \u00e0 Polymanga, un officiel 2XKO"},"content":{"rendered":"<p>Joueuses et joueurs suisses, l\u2019heure de briller est arriv\u00e9e. En effet, le Lausanne-Sport Esports participera \u00e0 la 20e \u00e9dition de Polymanga avec un programme particuli\u00e8rement charg\u00e9. On parle de huit tournois qui misent sur les jeux de combat, avec une \u00e9tape officielle pour l\u2019excellent 2XKO, sign\u00e9 Riot Games. Pour. rappel, l\u2019\u00e9v\u00e9nement se d\u00e9roulera du 3 au 6 avril prochain \u00e0 Beaulieu Lausanne.<\/p>\n<p><img loading=\"lazy\" data-recalc-dims=\"1\" decoding=\"async\" width=\"768\" height=\"404\" src=\"https:\/\/www.europesays.com\/ch-fr\/wp-content\/uploads\/2026\/03\/lausanne-sport.jpg\" alt=\"\" class=\"wp-image-105388\"  \/><\/p>\n<p>Le stand du Lausanne-Sport Esports s\u2019\u00e9tendra sur 140 m\u00b2 et sera situ\u00e9 \u00e0 l\u2019entr\u00e9e du th\u00e9\u00e2tre du salon. Tout au long du week-end, les visiteurs pourront assister \u00e0 des comp\u00e9titions, participer \u00e0 des animations et d\u00e9couvrir l\u2019univers de l\u2019esport. Mieux encore, la finale du tournoi sur Street Fighter 6 sera comment\u00e9e par le c\u00e9l\u00e8bre vid\u00e9aste <a href=\"https:\/\/www.youtube.com\/channel\/UCo0U1tbk3YbqiLDhkeWOviQ\" rel=\"nofollow noopener\" target=\"_blank\">Bob Lennon<\/a> le samedi entre 16h et 17h.<\/p>\n<p>Comme cit\u00e9 en amont, le Lausanne-Sport Esports accueillera \u00e9galement un tournoi officiel du circuit comp\u00e9titif du jeu 2XKO. Cette \u00e9tape fait partie des trois \u00e9v\u00e9nements officiels organis\u00e9s dans la r\u00e9gion DACH (Suisse, Allemagne, Autriche) ! <\/p>\n<p>Programme complet <\/p>\n<p>Vendredi 3 avril 2026 :<\/p>\n<p>Rivals of Aether II (PC)<\/p>\n<p>Grandblue Fantasy Versus: Rising (PC)<\/p>\n<p>Vampire Savior: The Lord of Vampire (PC)<\/p>\n<p>Samedi 4 avril 2026 :<\/p>\n<p>Street Fighter 6 (PC\/Playstation 5\/ Xbox Series S)<\/p>\n<p>Guilty Gear: Strive (PC\/Playstation 4\/ Playstation 5)<\/p>\n<p>Tekken 8 (PC\/Playstation 5\/ Xbox Series S)<\/p>\n<p>Dimanche 5 avril 2026 :<\/p>\n<p>2XKO EU Community Series \u2013 Riot Games (PC\/Playstation 5)<\/p>\n<p>Lundi 6 avril 2026 :<\/p>\n<p>Super Smash Bros. Ultimate (Nintendo Switch)<\/p>\n<p>Vous pouvez retrouver le reste des informations sur le site officiel de Polymanga (<a href=\"https:\/\/www.polymanga.com\/\" rel=\"nofollow noopener\" target=\"_blank\">lien<\/a>).<\/p>\n<p>T\u00e9l\u00e9charger notre application<\/p>\n<p><a href=\"https:\/\/jvmag.ch\/2026\/02\/12\/jvmag-se-dote-dune-application-mobile-android-et-ios\/\" rel=\"nofollow noopener\" target=\"_blank\"><img data-recalc-dims=\"1\" loading=\"lazy\" decoding=\"async\" width=\"768\" height=\"432\" src=\"https:\/\/www.europesays.com\/ch-fr\/wp-content\/uploads\/2026\/03\/1774385473_396_jvmag-app-cover-2.jpeg\" alt=\"\" class=\"wp-image-102132\"  \/><\/a><\/p>\n","protected":false},"excerpt":{"rendered":"Joueuses et joueurs suisses, l\u2019heure de briller est arriv\u00e9e. En effet, le Lausanne-Sport Esports participera \u00e0 la 20e&hellip;\n","protected":false},"author":2,"featured_media":63606,"comment_status":"","ping_status":"","sticky":false,"template":"","format":"standard","meta":{"footnotes":"","_share_on_mastodon":"0"},"categories":[19],"tags":[19809,177,19810,19811,23,472],"class_list":["post-63605","post","type-post","status-publish","format-standard","has-post-thumbnail","category-lausanne","tag-2xko","tag-lausanne","tag-lausanne-esports","tag-polymanga","tag-suisse","tag-tournoi"],"share_on_mastodon":{"url":"https:\/\/pubeurope.com\/@ch_fr\/116286133542347752","error":""},"_links":{"self":[{"href":"https:\/\/www.europesays.com\/ch-fr\/wp-json\/wp\/v2\/posts\/63605","targetHints":{"allow":["GET"]}}],"collection":[{"href":"https:\/\/www.europesays.com\/ch-fr\/wp-json\/wp\/v2\/posts"}],"about":[{"href":"https:\/\/www.europesays.com\/ch-fr\/wp-json\/wp\/v2\/types\/post"}],"author":[{"embeddable":true,"href":"https:\/\/www.europesays.com\/ch-fr\/wp-json\/wp\/v2\/users\/2"}],"replies":[{"embeddable":true,"href":"https:\/\/www.europesays.com\/ch-fr\/wp-json\/wp\/v2\/comments?post=63605"}],"version-history":[{"count":0,"href":"https:\/\/www.europesays.com\/ch-fr\/wp-json\/wp\/v2\/posts\/63605\/revisions"}],"wp:featuredmedia":[{"embeddable":true,"href":"https:\/\/www.europesays.com\/ch-fr\/wp-json\/wp\/v2\/media\/63606"}],"wp:attachment":[{"href":"https:\/\/www.europesays.com\/ch-fr\/wp-json\/wp\/v2\/media?parent=63605"}],"wp:term":[{"taxonomy":"category","embeddable":true,"href":"https:\/\/www.europesays.com\/ch-fr\/wp-json\/wp\/v2\/categories?post=63605"},{"taxonomy":"post_tag","embeddable":true,"href":"https:\/\/www.europesays.com\/ch-fr\/wp-json\/wp\/v2\/tags?post=63605"}],"curies":[{"name":"wp","href":"https:\/\/api.w.org\/{rel}","templated":true}]}}