{"id":64730,"date":"2026-03-25T13:51:16","date_gmt":"2026-03-25T13:51:16","guid":{"rendered":"https:\/\/www.europesays.com\/ch-fr\/64730\/"},"modified":"2026-03-25T13:51:16","modified_gmt":"2026-03-25T13:51:16","slug":"demissionne-ou-je-te-tue-la-securite-renforcee-sur-le-tournage-de-la-serie-harry-potter-apres-des-menaces-de-mort","status":"publish","type":"post","link":"https:\/\/www.europesays.com\/ch-fr\/64730\/","title":{"rendered":"\u00ab\u00a0D\u00e9missionne ou je te tue\u00a0\u00bb : la s\u00e9curit\u00e9 renforc\u00e9e sur le tournage de la s\u00e9rie \u00ab\u00a0Harry Potter\u00a0\u00bb apr\u00e8s des menaces de mort"},"content":{"rendered":"<p class=\"mb-4 text-lg md:leading-8 break-words\">\u00ab\u00a0Je vais venir chez toi et te tuer\u00a0\u00bb. \u00ab\u00a0D\u00e9missionne ou je te tue\u00a0\u00bb. L&rsquo;acteur Paapa Essiedu, choisi pour incarner le professeur Rogue dans la prochaine <a data-i13n=\"cpos:1;pos:1\" href=\"https:\/\/www.bfmtv.com\/culture\/cinema-series\/harry-potter-une-premiere-image-de-la-serie-devoilee-par-hbo_AN-202603240712.html\" rel=\"nofollow noopener\" target=\"_blank\" data-ylk=\"slk:s\u00e9rie Harry Potter;cpos:1;pos:1;elm:context_link;itc:0;sec:content-canvas\" data-yga=\"{&quot;yLinkPosition&quot;:&quot;1&quot;,&quot;yLinkElement&quot;:&quot;context_link&quot;,&quot;yPosition&quot;:&quot;1&quot;,&quot;yModuleName&quot;:&quot;content-canvas&quot;,&quot;yLinkText&quot;:&quot;s\u00e9rie Harry Potter&quot;,&quot;yHasCommerce&quot;:false}\" class=\"link \">s\u00e9rie Harry Potter<\/a>, a d\u00e9clar\u00e9 avoir re\u00e7u des messages racistes et des menaces de mort. Le PDG de HBO, Casey Bloys, a indiqu\u00e9 avoir \u00ab\u00a0renforc\u00e9 l&rsquo;\u00e9quipe de s\u00e9curit\u00e9\u00a0\u00bb sur le tournage de la s\u00e9rie.<\/p>\n<p class=\"mb-4 text-lg md:leading-8 break-words\">\u00ab\u00a0Avec tous les acteurs qui participent \u00e0 des s\u00e9ries bas\u00e9es sur des franchises \u00e0 succ\u00e8s \u2013 et c&rsquo;est \u00e9videmment le cas ici, avec des fans passionn\u00e9s et ses d\u00e9tracteurs qui n&rsquo;h\u00e9sitent pas \u00e0 donner leur avis \u2013 cela peut parfois devenir effrayant\u00a0\u00bb, a-t-il ainsi admis \u00e0 <a data-i13n=\"cpos:2;pos:1\" href=\"https:\/\/variety.com\/2026\/tv\/global\/casey-bloys-hbo-max-ted-sarandos-harry-potter-1236698186\/\" rel=\"nofollow noopener\" target=\"_blank\" data-ylk=\"slk:Variety;cpos:2;pos:1;elm:context_link;itc:0;sec:content-canvas\" data-yga=\"{&quot;yLinkPosition&quot;:&quot;2&quot;,&quot;yLinkElement&quot;:&quot;context_link&quot;,&quot;yPosition&quot;:&quot;1&quot;,&quot;yModuleName&quot;:&quot;content-canvas&quot;,&quot;yLinkText&quot;:&quot;Variety&quot;,&quot;yHasCommerce&quot;:false}\" class=\"link \">Variety<\/a>.<\/p>\n<p class=\"mb-4 text-lg md:leading-8 break-words\">Casey Bloys a expliqu\u00e9 avoir anticip\u00e9 cette possibilit\u00e9, et \u00ab\u00a0mis en place des formations, notamment sur les bonnes pratiques en mati\u00e8re de r\u00e9seaux sociaux et de gestion de ces derniers\u00a0\u00bb.<\/p>\n<p class=\"mb-4 text-lg md:leading-8 break-words\">Lorsque le nom de Paapa Essiedu a \u00e9t\u00e9 annonc\u00e9 en avril dernier, certains internautes ont critiqu\u00e9 ce choix, puisque le personnage \u00e9tait d\u00e9crit comme blanc dans les livres de <a data-i13n=\"cpos:3;pos:1\" href=\"https:\/\/www.bfmtv.com\/people\/je-n-etais-pas-multimillionnaire-a-14-ans-j-k-rowling-se-moque-d-emma-watson-apres-sa-tentative-de-reconciliation_AN-202509290703.html\" rel=\"nofollow noopener\" target=\"_blank\" data-ylk=\"slk:J.K. Rowling;cpos:3;pos:1;elm:context_link;itc:0;sec:content-canvas\" data-yga=\"{&quot;yLinkPosition&quot;:&quot;3&quot;,&quot;yLinkElement&quot;:&quot;context_link&quot;,&quot;yPosition&quot;:&quot;1&quot;,&quot;yModuleName&quot;:&quot;content-canvas&quot;,&quot;yLinkText&quot;:&quot;J.K. Rowling&quot;,&quot;yHasCommerce&quot;:false}\" class=\"link \">J.K. Rowling<\/a>.<\/p>\n<p class=\"mb-4 text-lg md:leading-8 break-words\">\u00ab\u00a0Personne ne devrait avoir \u00e0 subir cela pour avoir fait son travail\u00a0\u00bb, assure le principal int\u00e9ress\u00e9 au <a data-i13n=\"cpos:4;pos:1\" href=\"https:\/\/www.thetimes.com\/culture\/tv-radio\/article\/paapa-essiedu-harry-potter-snape-interview-3hqkzzmlk\" rel=\"nofollow noopener\" target=\"_blank\" data-ylk=\"slk:Times;cpos:4;pos:1;elm:context_link;itc:0;sec:content-canvas\" data-yga=\"{&quot;yLinkPosition&quot;:&quot;4&quot;,&quot;yLinkElement&quot;:&quot;context_link&quot;,&quot;yPosition&quot;:&quot;1&quot;,&quot;yModuleName&quot;:&quot;content-canvas&quot;,&quot;yLinkText&quot;:&quot;Times&quot;,&quot;yHasCommerce&quot;:false}\" class=\"link \">Times<\/a>, ajoutant cependant qu&rsquo;il \u00e9tait \u00ab\u00a0quasiment certain\u00a0\u00bb que ces menaces n&rsquo;allaient pas \u00eatre mises \u00e0 ex\u00e9cution.<\/p>\n<p class=\"mb-4 text-lg md:leading-8 break-words\">\u00ab\u00a0Beaucoup de gens risquent leur vie dans leur travail. Je joue un sorcier dans \u00ab\u00a0Harry Potter\u00a0\u00bb. Et je mentirais si je disais que cela ne m&rsquo;affecte pas \u00e9motionnellement\u00a0\u00bb.<\/p>\n<p class=\"mb-4 text-lg md:leading-8 break-words\">Face \u00e0 ce cyberharc\u00e8lement, l&rsquo;acteur britannique de 35 ans assure qu&rsquo;il ne portera pas plainte. \u00ab\u00a0Je ne pense pas qu&rsquo;un adolescent de dix-sept ans mis en prison deux semaines pour m&rsquo;avoir menac\u00e9 de mort me ferait vraiment me sentir mieux\u00a0\u00bb.<\/p>\n<p>Une tribune contre la transphobie<\/p>\n<p class=\"mb-4 text-lg md:leading-8 break-words\">Paapa Essiedu figure aussi parmi les quatre cents professionnels de la t\u00e9l\u00e9vision et du cin\u00e9ma \u00e0 avoir sign\u00e9 une tribune pour d\u00e9fendre les droits des personnes transgenres dans l&rsquo;industrie du cin\u00e9ma.<\/p>\n<p class=\"mb-4 text-lg md:leading-8 break-words\">Un engagement qui contraste avec les d\u00e9clarations pol\u00e9miques de <a data-i13n=\"cpos:5;pos:1\" href=\"https:\/\/www.bfmtv.com\/people\/je-n-etais-pas-multimillionnaire-a-14-ans-j-k-rowling-se-moque-d-emma-watson-apres-sa-tentative-de-reconciliation_AN-202509290703.html\" rel=\"nofollow noopener\" target=\"_blank\" data-ylk=\"slk:J.K. Rowling;cpos:5;pos:1;elm:context_link;itc:0;sec:content-canvas\" data-yga=\"{&quot;yLinkPosition&quot;:&quot;5&quot;,&quot;yLinkElement&quot;:&quot;context_link&quot;,&quot;yPosition&quot;:&quot;1&quot;,&quot;yModuleName&quot;:&quot;content-canvas&quot;,&quot;yLinkText&quot;:&quot;J.K. Rowling&quot;,&quot;yHasCommerce&quot;:false}\" class=\"link \">J.K. Rowling<\/a> sur le genre et la transidentit\u00e9 ces derni\u00e8res ann\u00e9es. Plusieurs acteurs et actrices de la saga originale comme <a data-i13n=\"cpos:6;pos:1\" href=\"https:\/\/www.bfmtv.com\/people\/j-espere-pouvoir-continuer-a-aimer-les-gens-avec-qui-je-ne-partage-pas-les-memes-opinions-emma-watson-evoque-j-k-rowling_AN-202509250759.html\" rel=\"nofollow noopener\" target=\"_blank\" data-ylk=\"slk:Emma Watson;cpos:6;pos:1;elm:context_link;itc:0;sec:content-canvas\" data-yga=\"{&quot;yLinkPosition&quot;:&quot;6&quot;,&quot;yLinkElement&quot;:&quot;context_link&quot;,&quot;yPosition&quot;:&quot;1&quot;,&quot;yModuleName&quot;:&quot;content-canvas&quot;,&quot;yLinkText&quot;:&quot;Emma Watson&quot;,&quot;yHasCommerce&quot;:false}\" class=\"link \">Emma Watson<\/a> ou encore <a data-i13n=\"cpos:7;pos:1\" href=\"https:\/\/www.bfmtv.com\/people\/daniel-radcliffe-revele-avoir-ecrit-au-jeune-acteur-qui-va-incarner-harry-potter-dans-la-serie-hbo_AN-202511200464.html\" rel=\"nofollow noopener\" target=\"_blank\" data-ylk=\"slk:Daniel Radcliffe;cpos:7;pos:1;elm:context_link;itc:0;sec:content-canvas\" data-yga=\"{&quot;yLinkPosition&quot;:&quot;7&quot;,&quot;yLinkElement&quot;:&quot;context_link&quot;,&quot;yPosition&quot;:&quot;1&quot;,&quot;yModuleName&quot;:&quot;content-canvas&quot;,&quot;yLinkText&quot;:&quot;Daniel Radcliffe&quot;,&quot;yHasCommerce&quot;:false}\" class=\"link \">Daniel Radcliffe<\/a> ont pris leurs distances avec l&rsquo;autrice.<\/p>\n<p class=\"mb-4 text-lg md:leading-8 break-words\">La premi\u00e8re diffusion de la s\u00e9rie HBO est pr\u00e9vue pour 2027.<\/p>\n<p class=\"mb-4 text-lg md:leading-8 break-words\"><a data-i13n=\"cpos:8;pos:1\" href=\"https:\/\/www.bfmtv.com\/people\/demissionne-ou-je-te-tue-la-securite-renforcee-sur-le-tournage-de-la-serie-harry-potter-apres-des-menaces-de-mort_AN-202603250406.html#xtor=AL-68\" rel=\"nofollow noopener\" target=\"_blank\" data-ylk=\"slk:Article original publi\u00e9 sur BFMTV.com;cpos:8;pos:1;elm:context_link;itc:0;sec:content-canvas\" data-yga=\"{&quot;yLinkPosition&quot;:&quot;8&quot;,&quot;yLinkElement&quot;:&quot;context_link&quot;,&quot;yPosition&quot;:&quot;1&quot;,&quot;yModuleName&quot;:&quot;content-canvas&quot;,&quot;yLinkText&quot;:&quot;Article original publi\u00e9 sur BFMTV.com&quot;,&quot;yHasCommerce&quot;:false}\" class=\"link \">Article original publi\u00e9 sur BFMTV.com<\/a><\/p>\n","protected":false},"excerpt":{"rendered":"\u00ab\u00a0Je vais venir chez toi et te tuer\u00a0\u00bb. \u00ab\u00a0D\u00e9missionne ou je te tue\u00a0\u00bb. L&rsquo;acteur Paapa Essiedu, choisi pour&hellip;\n","protected":false},"author":2,"featured_media":64731,"comment_status":"","ping_status":"","sticky":false,"template":"","format":"standard","meta":{"footnotes":"","_share_on_mastodon":"0"},"categories":[15],"tags":[20064,158,157,113,112,3542,19194,20065,159,20067,23,20066],"class_list":["post-64730","post","type-post","status-publish","format-standard","has-post-thumbnail","category-people","tag-casey-bloys","tag-celebrities","tag-celebrity","tag-divertissement","tag-entertainment","tag-harry-potter","tag-menaces-de-mort","tag-paapa-essiedu","tag-people","tag-professeur-rogue","tag-suisse","tag-viktorija-burakauskas"],"share_on_mastodon":{"url":"https:\/\/pubeurope.com\/@ch_fr\/116290144358621071","error":""},"_links":{"self":[{"href":"https:\/\/www.europesays.com\/ch-fr\/wp-json\/wp\/v2\/posts\/64730","targetHints":{"allow":["GET"]}}],"collection":[{"href":"https:\/\/www.europesays.com\/ch-fr\/wp-json\/wp\/v2\/posts"}],"about":[{"href":"https:\/\/www.europesays.com\/ch-fr\/wp-json\/wp\/v2\/types\/post"}],"author":[{"embeddable":true,"href":"https:\/\/www.europesays.com\/ch-fr\/wp-json\/wp\/v2\/users\/2"}],"replies":[{"embeddable":true,"href":"https:\/\/www.europesays.com\/ch-fr\/wp-json\/wp\/v2\/comments?post=64730"}],"version-history":[{"count":0,"href":"https:\/\/www.europesays.com\/ch-fr\/wp-json\/wp\/v2\/posts\/64730\/revisions"}],"wp:featuredmedia":[{"embeddable":true,"href":"https:\/\/www.europesays.com\/ch-fr\/wp-json\/wp\/v2\/media\/64731"}],"wp:attachment":[{"href":"https:\/\/www.europesays.com\/ch-fr\/wp-json\/wp\/v2\/media?parent=64730"}],"wp:term":[{"taxonomy":"category","embeddable":true,"href":"https:\/\/www.europesays.com\/ch-fr\/wp-json\/wp\/v2\/categories?post=64730"},{"taxonomy":"post_tag","embeddable":true,"href":"https:\/\/www.europesays.com\/ch-fr\/wp-json\/wp\/v2\/tags?post=64730"}],"curies":[{"name":"wp","href":"https:\/\/api.w.org\/{rel}","templated":true}]}}