{"id":65074,"date":"2026-03-25T18:12:07","date_gmt":"2026-03-25T18:12:07","guid":{"rendered":"https:\/\/www.europesays.com\/ch-fr\/65074\/"},"modified":"2026-03-25T18:12:07","modified_gmt":"2026-03-25T18:12:07","slug":"love-supreme-dolivier-cadiot-le-paradis-est-sur-le-toit","status":"publish","type":"post","link":"https:\/\/www.europesays.com\/ch-fr\/65074\/","title":{"rendered":"\u00ab\u00a0Love Supreme\u00a0\u00bb d&rsquo;Olivier Cadiot, le paradis est sur le toit"},"content":{"rendered":"<p>Olivier Cadiot met en sc\u00e8ne un conte urbain burlesque o\u00f9 un narrateur tente avec ses voisins de cr\u00e9er un jardin au sommet de son immeuble. \u00ab\u00a0Love Supreme\u00a0\u00bb, titre clin d&rsquo;oeil \u00e0 l&#8217;embl\u00e9matique album de John Coltrane, est un hommage au vivre ensemble comme antidote \u00e0 l\u2019ultramoderne solitude.<\/p>\n<p>C\u2019est l\u2019histoire d\u2019un homme qui, avec son colocataire, d\u00e9cide d\u2019investir les toits de son immeuble pour profiter du grand air, y faire des plantations, aid\u00e9 par la gardienne de l\u2019immeuble qui a la main verte. Il lui vient m\u00eame l\u2019id\u00e9e d\u2019y installer une yourte pour y dormir. Mais le propri\u00e9taire des lieux n\u2019est pas d\u2019accord. Les r\u00e9sidents vont-ils savoir s\u2019organiser pour r\u00e9aliser leur petit paradis? Alors que le narrateur frappe de porte en porte pour solliciter leur aide, il d\u00e9couvre toute une micro-humanit\u00e9 h\u00e9t\u00e9roclite qui vit dans les \u00e9tages.<\/p>\n<p class=\"q-text\">Comment va r\u00e9agir le milliardaire qui d\u00e9teste toute id\u00e9e de communaut\u00e9? Cette vieille id\u00e9e datant de l\u2019imm\u00e9diat apr\u00e8s-guerre lui semble d\u00e9mod\u00e9e et finalement injuste (pour lui-m\u00eame).<\/p>\n<p>  Extrait de \u00ab\u00a0Love Supreme\u00a0\u00bb d\u2019Olivier Cadiot Une galerie de portraits<\/p>\n<p>De livre en livre, le narrateur d\u2019Olivier Cadiot est toujours un peu le m\u00eame homme, irr\u00e9m\u00e9diablement inadapt\u00e9 \u00e0 la soci\u00e9t\u00e9 qui l\u2019entoure, mais plein d\u2019espoir. Derri\u00e8re la loufoquerie, le propos est politique. Olivier Cadiot met en sc\u00e8ne une certaine id\u00e9e du collectif, montre la n\u00e9cessit\u00e9 de s\u2019organiser face aux forces r\u00e9actionnaires et au pouvoir de l\u2019argent, et avec \u00ab\u00a0Love Supreme\u00a0\u00bb imagine des zadistes urbains qui tentent de cr\u00e9er, ensemble, une utopie moderne.<\/p>\n<p>Son livre est aussi une galerie de portraits, peupl\u00e9e de personnages parfois burlesques, tel ce philosophe qui escalade l\u2019immeuble par l\u2019ext\u00e9rieur, ou tr\u00e8s \u00e9mouvants, telle cette jeune femme qui a rat\u00e9 l\u2019entr\u00e9e au Conservatoire et r\u00e9p\u00e8te \u00ab\u00a0La mouette\u00a0\u00bb de Tch\u00e9khov toute la journ\u00e9e.<\/p>\n<p class=\"q-text\">Ce sont peut-\u00eatre Perec, Coltrane et Polanski qui m\u2019aident \u00e0 \u00e9crire. Ce n\u2019est pas moi qui convoque des r\u00e9f\u00e9rences, mais plut\u00f4t des gens qui sont l\u00e0 dans ma t\u00eate et me disent: \u00ab\u00a0\u00e9cris sur moi, \u00e9cris sur moi!\u00a0\u00bb<\/p>\n<p>  Olivier Cadiot, auteur de \u00ab\u00a0Love Supreme\u00a0\u00bb, dans le podcast QWERTZ du 23 mars Un livre qui \u00e9chappe aux cat\u00e9gories litt\u00e9raires<\/p>\n<p>Po\u00e8te, dramaturge, traducteur, \u00e9crivain, Olivier Cadiot a construit depuis quarante ans une \u0153uvre th\u00e9orique et romanesque d\u2019une grande richesse, travaillant inlassablement l\u2019\u00e9criture comme un mat\u00e9riau. Ce nouveau texte, comme les pr\u00e9c\u00e9dents, dont le tr\u00e8s beau \u00ab\u00a0M\u00e9decine g\u00e9n\u00e9rale\u00a0\u00bb (ed. POL, 2021), \u00e9chappe aux cat\u00e9gories litt\u00e9raires, avec des passages qui rel\u00e8vent de la po\u00e9sie performative.<\/p>\n<p>Il est aussi tiss\u00e9 de citations, son titre lui-m\u00eame faisant r\u00e9f\u00e9rence \u00e0 un album du saxophoniste am\u00e9ricain John Coltrane. Et on peut bien s\u00fbr le lire comme un hommage \u00e0 \u00ab\u00a0La vie mode d\u2019emploi\u00a0\u00bb de Georges Perec.<\/p>\n<p class=\"sources\">Sylvie Tanette\/aq<\/p>\n<p class=\"article-footnote\">Olivier Cadiot, \u00ab\u00a0Love Supreme\u00a0\u00bb, ed. POL, mars 2026.<\/p>\n<p class=\"article-footnote\">Vous aimez lire?\u00a0\u00a0<a href=\"https:\/\/www.rts.ch\/info\/culture\/livres\/10829254-vous-aimez-les-livres-voici-qwertz.html\" data-item-id=\"richtext_link\" rel=\"nofollow noopener\" target=\"_blank\">Abonnez-vous \u00e0 QWERTZ<\/a>\u00a0et recevez chaque vendredi cette newsletter consacr\u00e9e \u00e0 l&rsquo;actualit\u00e9 du livre pr\u00e9par\u00e9e par RTS Culture.<\/p>\n","protected":false},"excerpt":{"rendered":"Olivier Cadiot met en sc\u00e8ne un conte urbain burlesque o\u00f9 un narrateur tente avec ses voisins de cr\u00e9er&hellip;\n","protected":false},"author":2,"featured_media":65075,"comment_status":"","ping_status":"","sticky":false,"template":"","format":"standard","meta":{"footnotes":"","_share_on_mastodon":"0"},"categories":[10],"tags":[647,380,113,112,20105,1328,20106,389,214,20107,20108,5070,23],"class_list":["post-65074","post","type-post","status-publish","format-standard","has-post-thumbnail","category-divertissement","tag-album","tag-arts-et-divertissement","tag-divertissement","tag-entertainment","tag-georges-perec","tag-hommage","tag-john-coltrane","tag-litterature","tag-livres","tag-love-supreme","tag-olivier-cadiot","tag-portrait","tag-suisse"],"share_on_mastodon":{"url":"https:\/\/pubeurope.com\/@ch_fr\/116291170741310593","error":""},"_links":{"self":[{"href":"https:\/\/www.europesays.com\/ch-fr\/wp-json\/wp\/v2\/posts\/65074","targetHints":{"allow":["GET"]}}],"collection":[{"href":"https:\/\/www.europesays.com\/ch-fr\/wp-json\/wp\/v2\/posts"}],"about":[{"href":"https:\/\/www.europesays.com\/ch-fr\/wp-json\/wp\/v2\/types\/post"}],"author":[{"embeddable":true,"href":"https:\/\/www.europesays.com\/ch-fr\/wp-json\/wp\/v2\/users\/2"}],"replies":[{"embeddable":true,"href":"https:\/\/www.europesays.com\/ch-fr\/wp-json\/wp\/v2\/comments?post=65074"}],"version-history":[{"count":0,"href":"https:\/\/www.europesays.com\/ch-fr\/wp-json\/wp\/v2\/posts\/65074\/revisions"}],"wp:featuredmedia":[{"embeddable":true,"href":"https:\/\/www.europesays.com\/ch-fr\/wp-json\/wp\/v2\/media\/65075"}],"wp:attachment":[{"href":"https:\/\/www.europesays.com\/ch-fr\/wp-json\/wp\/v2\/media?parent=65074"}],"wp:term":[{"taxonomy":"category","embeddable":true,"href":"https:\/\/www.europesays.com\/ch-fr\/wp-json\/wp\/v2\/categories?post=65074"},{"taxonomy":"post_tag","embeddable":true,"href":"https:\/\/www.europesays.com\/ch-fr\/wp-json\/wp\/v2\/tags?post=65074"}],"curies":[{"name":"wp","href":"https:\/\/api.w.org\/{rel}","templated":true}]}}