{"id":69890,"date":"2026-03-28T23:56:04","date_gmt":"2026-03-28T23:56:04","guid":{"rendered":"https:\/\/www.europesays.com\/ch-fr\/69890\/"},"modified":"2026-03-28T23:56:04","modified_gmt":"2026-03-28T23:56:04","slug":"25-ans-de-mac-os-x-de-10-12-a-10-15-la-mue-continue-avant-la-transplantation-cardiaque","status":"publish","type":"post","link":"https:\/\/www.europesays.com\/ch-fr\/69890\/","title":{"rendered":"25 ans de Mac OS\u00a0X : de 10.12 \u00e0 10.15, la mue continue avant la transplantation cardiaque"},"content":{"rendered":"<p>Petit \u00e0 petit, nous arrivons sur la fin de notre voyage \u00e0 travers les 25 ans de Mac OS\u00a0X. Ou devrais-je dire OS\u00a0X\u00a0? Ou finalement macOS\u00a0? Si les noms varient, la cible d\u2019Apple pour cette s\u00e9rie de mises \u00e0 jour annuelles n\u2019a pas chang\u00e9 d\u2019un iota depuis 10.7 : rapprocher autant que possible le Mac de l\u2019iPhone et de l\u2019iPad, en apportant le feeling des appareils mobiles de la pomme tout en rajoutant de nouvelles fonctions provenant directement de la tablette. Avant d\u2019en prendre le c\u0153ur\u00a0? Revue de ces syst\u00e8mes en commen\u00e7ant par 10.12, qui a d\u00e9j\u00e0 une d\u00e9cennie au compteur\u2026 le temps passe vite\u00a0!<\/p>\n<p><img decoding=\"async\" loading=\"lazy\" src=\"https:\/\/www.europesays.com\/ch-fr\/wp-content\/uploads\/2026\/03\/mg-a9316e18-w1920-w828-w1300.jpg\"   data-jslghtbx=\"https:\/\/cdn.mgig.fr\/2026\/03\/mg-a9316e18-w1920.jpg\"\/>macOS\u00a010.12 ressemble fortement \u00e0 OS\u00a0X 10.11, Siri en plus. Capture MacGeneration.<\/p>\n<p>&#13;<br \/>\n25 ans de Mac OS X&#13;<\/p>\n<p>Cette s\u00e9rie d\u2019articles est rendue possible et accessible \u00e0 tous gr\u00e2ce au succ\u00e8s de notre derni\u00e8re <a href=\"https:\/\/fr.ulule.com\/50-ans-apple-le-livre-par-macgeneration\/\" rel=\"nofollow noopener\" target=\"_blank\">campagne de financement participatif<\/a>. Gr\u00e2ce \u00e0 votre soutien, en plus de c\u00e9l\u00e9brer le 50e anniversaire d\u2019Apple avec un livre et une journ\u00e9e sp\u00e9ciale, nous pouvons rendre honneur \u00e0 Mac OS X. Au m\u00eame titre que l\u2019iMac ou l\u2019iPod, ce syst\u00e8me d\u2019exploitation a jou\u00e9 un r\u00f4le cl\u00e9 dans le renouveau d\u2019Apple au tournant des ann\u00e9es 2000.<\/p>\n<p>&#13;<br \/>\n&#13;<\/p>\n<p>macOS\u00a010.12 Sierra : les services en ligne et la synchro entre appareils comme priorit\u00e9<\/p>\n<p>En apparence, macOS\u00a010.12, sorti le 20 septembre 2016, semble une copie conforme de 10.11\u2026 mais c\u2019est pour mieux cacher son jeu : Apple a profit\u00e9 de cette version pour rajouter toute une flop\u00e9e de services qui semblent venir tout droit de l\u2019\u00e9cosyst\u00e8me iOS\/iPadOS, au premier rang desquels se trouve le fameux Siri\u00a0! C\u2019est en effet avec cette version que macOS obtient le droit d\u2019invoquer l\u2019assistant personnel d\u2019Apple (nous n\u2019oserons pas parler d\u2019intelligence artificielle) comme ses camarades mobiles savent le faire depuis maintenant cinq ans avant lui.<\/p>\n<p><img decoding=\"async\" loading=\"lazy\" src=\"https:\/\/www.europesays.com\/ch-fr\/wp-content\/uploads\/2026\/03\/mg-0bbc090d-w470.jpg\"   data-jslghtbx=\"\"\/>Siri fait sa premi\u00e8re apparition sur 10.12. Capture MacGeneration.<\/p>\n<p>Mais l\u2019assistant vocal n\u2019est pas venu les mains vides : d\u2019autres fonctions venues d\u2019iOS sont dans ses baluchons. iCloud Drive facilite d\u00e9sormais la vie entre les machines, permettant de synchroniser le bureau et le dossier documents entre plusieurs Mac et appareils iOS, quand Optimized Storage de son c\u00f4t\u00e9 fait le m\u00e9nage dans les fichiers peu utilis\u00e9s et passe nettoyer les caches, les doublons ou autres installateurs inutiles.<\/p>\n<p>Autres nouveaut\u00e9s visibles pour l\u2019utilisateur, les onglets sont maintenant g\u00e9n\u00e9ralis\u00e9s \u00e0 toutes les apps, y compris les applications tierces, quand un copier\/coller sur un appareil peut d\u00e9sormais \u00eatre transf\u00e9r\u00e9 sans manipulation suppl\u00e9mentaire entre toutes les machines connect\u00e9es \u00e0 iCloud. Apple\u00a0Pay fait aussi son apparition, n\u00e9cessitant pour le moment la validation sur un iPhone apr\u00e8s avoir lanc\u00e9 la demande sur le Mac. Et cerise sur le g\u00e2teau, il n\u2019est maintenant plus n\u00e9cessaire de taper le mot de passe de session pour les propri\u00e9taires d\u2019Apple\u00a0Watch : sa proximit\u00e9 avec le Mac permet de le d\u00e9verrouiller directement\u00a0!<\/p>\n<p>macOS\u00a010.13 High\u00a0Sierra : la mise \u00e0 jour discr\u00e8te mais majeure<\/p>\n<p>S\u2019il est une mise \u00e0 jour qui peut \u00eatre consid\u00e9r\u00e9e comme silencieuse mais importante pour la suite, c\u2019est bien High\u00a0Sierra : d\u00e8s le d\u00e9part, cette version sortie le 25 septembre 2017 est annonc\u00e9e par Craig Federighi comme \u00ab\u00a0une ann\u00e9e pass\u00e9e \u00e0 perfectionner\u00a0\u00bb macOS Sierra.<\/p>\n<p><img decoding=\"async\" loading=\"lazy\" src=\"https:\/\/www.europesays.com\/ch-fr\/wp-content\/uploads\/2026\/03\/mg-e7862f69-w1920-w828-w1300.jpg\"   data-jslghtbx=\"https:\/\/cdn.mgig.fr\/2026\/03\/mg-e7862f69-w1920.jpg\"\/>macOS\u00a010.13 High\u00a0Sierra est une mise \u00e0 jour interne plus qu\u2019autre chose. Capture MacGeneration.<\/p>\n<p>La plus grosse avanc\u00e9e de ce syst\u00e8me est un \u00e9l\u00e9ment en test chez les d\u00e9veloppeurs depuis l\u2019ann\u00e9e pr\u00e9c\u00e9dente, et qui m\u00e9rite d\u2019\u00eatre \u00e9prouv\u00e9 de fond en comble tant il est crucial pour la machine : pour la premi\u00e8re fois depuis Classic, Apple change totalement de syst\u00e8me de fichier. Adieu le HFS+ (autrement appel\u00e9 Mac OS Extended), qui a suivi les OS d\u2019Apple depuis 1998 et \u00e9tait con\u00e7u pour les disques durs \u00e0 plateaux, bonjour \u00e0 APFS (Apple File System). Ce nouveau syst\u00e8me de fichiers apporte toutes les fonctions modernes qu\u2019on pourrait lui demander : il est pens\u00e9 d\u00e8s l\u2019origine pour les SSD, l\u00e0 o\u00f9 HFS+ a d\u00fb composer avec des rustines comme le support de TRIM pour g\u00e9rer proprement l\u2019usure des cellules, permet les snapshots, qui am\u00e9liorent drastiquement les performances et la fiabilit\u00e9 de syst\u00e8mes de sauvegarde comme Time Machine. Les clones offrent des copies quasi instantan\u00e9es de dossiers et fichiers en r\u00e9utilisant les m\u00eames blocs tant qu\u2019ils ne sont pas modifi\u00e9s, \u00e9conomisant temps et espace disque. Les containers autorisent des volumes aux tailles ajustables sans avoir \u00e0 tout repartitionner, et le chiffrement \u00e0 la vol\u00e9e s\u2019int\u00e8gre directement \u00e0 FileVault.<\/p>\n<p>M\u00eame si le gros du morceau est APFS, Apple a pens\u00e9 \u00e0 quelques amuses-gueules \u00e0 c\u00f4t\u00e9 : le syst\u00e8me g\u00e9n\u00e9ralise le support du HEVC\/H.265 pour la vid\u00e9o 4K, et le HEIF fait son apparition nativement, bien utile pour comprendre les photos prises par l\u2019iPhone qui a adopt\u00e9 ce nouveau format, permettant les Live Photos. Niveau GPU, Metal passe en version 2, adoptant les eGPU, la VR et am\u00e9liorant le Machine Learning.<\/p>\n<p><img decoding=\"async\" loading=\"lazy\" src=\"https:\/\/www.europesays.com\/ch-fr\/wp-content\/uploads\/2026\/03\/mg-82fab72c-w1920-w828-w1300.jpg\"   data-jslghtbx=\"https:\/\/cdn.mgig.fr\/2026\/03\/mg-82fab72c-w1920.jpg\"\/>C\u2019est discret pour le grand public, mais cette petite mention APFS change \u00e9norm\u00e9ment de choses pour le syst\u00e8me. Capture MacGeneration.<\/p>\n<p>Peu de nouveaut\u00e9s vraiment marquantes sont visibles du grand public : Photo est r\u00e9nov\u00e9 pour l\u2019occasion du nouveau format, et Safari 11 permet le blocage des vid\u00e9os en lecture automatique (merci\u00a0!), quand Mail soigne sa gourmandise d\u2019espace disque.<\/p>\n<p>macOS\u00a010.14 Mojave : macOS assume sa phase goth<\/p>\n<p>Que les fans d\u2019OMD, The Cure ou Sisters of Mercy se mettent en cercle et chantent : alleluia, l\u2019obscurit\u00e9 s\u2019empare de l\u2019interface de macOS avec 10.14 en ce 24 septembre 2018\u00a0! Le \u00ab\u00a0Dark Mode\u00a0\u00bb est en effet LA grande nouveaut\u00e9 de macOS\u00a010.14 Mojave, qui am\u00e8ne avec lui les fonds d\u2019\u00e9cran dynamiques, faisant varier la luminosit\u00e9 et le moment de prise de vue avec l\u2019heure du jour.<\/p>\n<p><img decoding=\"async\" loading=\"lazy\" src=\"https:\/\/www.europesays.com\/ch-fr\/wp-content\/uploads\/2026\/03\/mg-110e8de7-w1920-w828-w1300.jpg\"   data-jslghtbx=\"https:\/\/cdn.mgig.fr\/2026\/03\/mg-110e8de7-w1920.jpg\"\/>macOS a mis son plus bel eyeliner pour l\u2019occasion, et enfil\u00e9 ses Doc\u2019s. Capture MacGeneration.<\/p>\n<p>Apple a tout de m\u00eame v\u00e9rifi\u00e9 que macOS ne tombe pas totalement dans le c\u00f4t\u00e9 sombre : l\u2019un des plus gros chapitres de cette mise \u00e0 jour porte sur la s\u00e9curit\u00e9, avec un renforcement massif des autorisations. Les acc\u00e8s \u00e0 la cam\u00e9ra, au micro, \u00e0 des donn\u00e9es sensibles comme les mails, les messages, l\u2019historique de Safari ou Time Machine sont maintenant soumis \u00e0 des demandes explicites, rappelant \u00e0 certains un certain c\u00f4t\u00e9 Vista, m\u00eame si c\u2019est pour la bonne cause. Safari r\u00e9duit le nombre de donn\u00e9es laiss\u00e9es sur les sites, avec un profil g\u00e9n\u00e9rique effa\u00e7ant la plupart des d\u00e9tails.<\/p>\n<p><img decoding=\"async\" loading=\"lazy\" src=\"https:\/\/www.europesays.com\/ch-fr\/wp-content\/uploads\/2026\/03\/mg-b022b914-w1920-w828-w1300.jpg\"   data-jslghtbx=\"https:\/\/cdn.mgig.fr\/2026\/03\/mg-b022b914-w1920.jpg\"\/>Que les fans de la lumi\u00e8re se rassurent, macOS a gard\u00e9 un c\u00f4t\u00e9 tr\u00e8s lumineux au choix. Capture MacGeneration.<\/p>\n<p>C\u2019est aussi l\u2019arriv\u00e9e de bon nombre d\u2019apps que l\u2019on croit sur le moment tout droit venues d\u2019iOS : News, Bourse, Dictaphone ou encore Maison. Craig Federighi n\u2019en fait pas myst\u00e8re, ces apps sont un portage direct d\u2019iOS, gr\u00e2ce \u00e0 un effort qui dure depuis plusieurs ann\u00e9es en interne chez Apple. Ces petits bouts de code, insignifiants sur le moment, annoncent une grosse arriv\u00e9e dans la prochaine it\u00e9ration de macOS\u2026<\/p>\n<p>macOS\u00a010.15 Catalina : iPadOS envahit macOS<\/p>\n<p>Avec Catalina, de nombreux \u00e9l\u00e9ments arrivent d\u2019iPadOS, que ce soit sur la forme, comme sur le fond. Dans un premier temps, iTunes, application historique, explose en trois parties : Musique, TV et Podcasts remplacent ce qui \u00e9tait devenu une usine \u00e0 gaz avec le temps et l\u2019ajout de fonctions. Mais c\u2019est aussi l\u2019arriv\u00e9e officielle du projet Catalyst qui avait permis sur 10.14 d\u2019apporter des apps directement d\u2019iPadOS.<\/p>\n<p><img decoding=\"async\" loading=\"lazy\" src=\"https:\/\/www.europesays.com\/ch-fr\/wp-content\/uploads\/2026\/03\/mg-a778d2a6-w1920-w828-w1300.jpg\"   data-jslghtbx=\"https:\/\/cdn.mgig.fr\/2026\/03\/mg-a778d2a6-w1920.jpg\"\/>Avec 10.15, iTunes s\u2019est fait \u00e9parpiller fa\u00e7on puzzle. Capture MacGeneration.<\/p>\n<p>En ext\u00e9rieur, c\u2019est l\u2019ajout de fonctions tr\u00e8s pratiques, paraissant simples en apparence, mais n\u00e9cessitant une synergie particuli\u00e8rement forte entre les syst\u00e8mes d\u2019Apple : Sidecar par exemple, permet de consid\u00e9rer un iPad comme un \u00e9cran externe et tactile pour un Mac sans avoir \u00e0 se pr\u00e9occuper d\u2019une quelconque synchronisation entre les deux. C\u2019est aussi l\u2019arriv\u00e9e de Screen Time, qui d\u00e9compte l\u2019utilisation de chaque application pour vous rappeler \u00e0 quel point vous \u00eates accroc \u00e0 votre machine\u2026<\/p>\n<p>En interne, c\u2019est le grand chamboulement : les apps 32 bits sont totalement abandonn\u00e9es, le syst\u00e8me n\u2019acceptant d\u00e9sormais que du 64 bits complet, y compris pour les API et extensions. En parlant d\u2019extensions d\u2019ailleurs, le syst\u00e8me met \u00e0 la porte tous les plugins, pilotes et autres utilitaires qui s\u2019approcheraient d\u2019un peu trop pr\u00e8s du syst\u00e8me, qui passe en lecture seule sur une partition s\u00e9par\u00e9e. Si la s\u00e9curit\u00e9 s\u2019en trouve drastiquement renforc\u00e9e, ce nouveau fonctionnement complique \u00e9norm\u00e9ment la vie de certains d\u00e9veloppeurs d\u2019utilitaires d\u00e9di\u00e9s \u00e0 la maintenance.<\/p>\n<p><img decoding=\"async\" loading=\"lazy\" src=\"https:\/\/www.europesays.com\/ch-fr\/wp-content\/uploads\/2026\/03\/mg-27b2b196-w1920-w828-w1300.jpg\"   data-jslghtbx=\"https:\/\/cdn.mgig.fr\/2026\/03\/mg-27b2b196-w1920.jpg\"\/>Ces innocentes petites apps n\u2019\u00e9taient que les pr\u00e9mices d\u2019une v\u00e9ritable m\u00e9tamorphose mat\u00e9rielle. Capture MacGeneration.<\/p>\n<p>Les apps, quelles qu\u2019elles soient, doivent maintenant passer par la notarisation, sous peine de n\u00e9cessiter des manipulations peu naturelles pour les utilisateurs lambdas. Si d\u2019un c\u00f4t\u00e9 l\u2019id\u00e9e renforce la s\u00e9curit\u00e9, encore une fois, de l\u2019autre elle oblige les d\u00e9veloppeurs \u00e0 se faire conna\u00eetre et \u00e0 montrer patte blanche \u00e0 Apple pour toute nouvelle app.<\/p>\n<p>\u00c9trangement, apr\u00e8s avoir rapproch\u00e9 l\u2019apparence et le feeling du syst\u00e8me d\u2019iOS\/iPadOS, Apple semble avoir tout fait pour que les entrailles soient elles aussi les plus proches possibles des machines mobiles de la marque\u2026 pour quelle raison\u00a0? Quel est ce myst\u00e8re qui se cache derri\u00e8re ces similitudes\u00a0? Rien moins qu\u2019une transplantation cardiaque\u00a0! Mais \u00e7a, ce sera pour le chapitre final de notre saga des 25 ans de Mac OS\u00a0X\u00a0!<\/p>\n","protected":false},"excerpt":{"rendered":"Petit \u00e0 petit, nous arrivons sur la fin de notre voyage \u00e0 travers les 25 ans de Mac&hellip;\n","protected":false},"author":2,"featured_media":69891,"comment_status":"","ping_status":"","sticky":false,"template":"","format":"standard","meta":{"footnotes":"","_share_on_mastodon":"0"},"categories":[7],"tags":[21381,21385,21382,21383,21384,61,57,59,58,23,60,62],"class_list":["post-69890","post","type-post","status-publish","format-standard","has-post-thumbnail","category-sciences-et-technologies","tag-25-ans-de-mac-os-x","tag-macos-10-12","tag-macos-10-13","tag-macos-10-14","tag-macos-10-15","tag-science","tag-science-and-technology","tag-sciences","tag-sciences-et-technologies","tag-suisse","tag-technologies","tag-technology"],"share_on_mastodon":{"url":"https:\/\/pubeurope.com\/@ch_fr\/116309510341908966","error":""},"_links":{"self":[{"href":"https:\/\/www.europesays.com\/ch-fr\/wp-json\/wp\/v2\/posts\/69890","targetHints":{"allow":["GET"]}}],"collection":[{"href":"https:\/\/www.europesays.com\/ch-fr\/wp-json\/wp\/v2\/posts"}],"about":[{"href":"https:\/\/www.europesays.com\/ch-fr\/wp-json\/wp\/v2\/types\/post"}],"author":[{"embeddable":true,"href":"https:\/\/www.europesays.com\/ch-fr\/wp-json\/wp\/v2\/users\/2"}],"replies":[{"embeddable":true,"href":"https:\/\/www.europesays.com\/ch-fr\/wp-json\/wp\/v2\/comments?post=69890"}],"version-history":[{"count":0,"href":"https:\/\/www.europesays.com\/ch-fr\/wp-json\/wp\/v2\/posts\/69890\/revisions"}],"wp:featuredmedia":[{"embeddable":true,"href":"https:\/\/www.europesays.com\/ch-fr\/wp-json\/wp\/v2\/media\/69891"}],"wp:attachment":[{"href":"https:\/\/www.europesays.com\/ch-fr\/wp-json\/wp\/v2\/media?parent=69890"}],"wp:term":[{"taxonomy":"category","embeddable":true,"href":"https:\/\/www.europesays.com\/ch-fr\/wp-json\/wp\/v2\/categories?post=69890"},{"taxonomy":"post_tag","embeddable":true,"href":"https:\/\/www.europesays.com\/ch-fr\/wp-json\/wp\/v2\/tags?post=69890"}],"curies":[{"name":"wp","href":"https:\/\/api.w.org\/{rel}","templated":true}]}}