{"id":74209,"date":"2026-03-31T20:47:13","date_gmt":"2026-03-31T20:47:13","guid":{"rendered":"https:\/\/www.europesays.com\/ch-fr\/74209\/"},"modified":"2026-03-31T20:47:13","modified_gmt":"2026-03-31T20:47:13","slug":"national-league-quarts-prolongation-a-lausanne","status":"publish","type":"post","link":"https:\/\/www.europesays.com\/ch-fr\/74209\/","title":{"rendered":"NATIONAL LEAGUE &#8211; QUARTS: prolongation \u00e0 Lausanne"},"content":{"rendered":"<p>National League \u2013 Quart (Bof 7, Acte VI)<\/p>\n<p>Lausanne HC \u2013 Gen\u00e8ve-Servette HC: 3-3 *<\/p>\n<p>Vaudoise Ar\u00e9na, Lausanne VD \u2013 Spect.: \u2013 \u2013 Arb.: Stolc, Dipietro, Steenstra, Humair \u2013 SOG: \u2013 <br \/>BUTS: 10:40 Kahun (J\u00e4ger, Niku) 1-0; 29:39 Kahun (Br\u00e4nnstr\u00f6m, Czarnik) 2-0; 33:55 Caggiula (Rochette) 3-0; 34:56 Vesey (Granlund \/ PP1) 3-1; 46:33 Puljuj\u00e4rvi (Manninen, Vesey \/ PP1) 3-2; 49:42 Saarij\u00e4rvi (PP1) 3-3<\/p>\n<p><img fetchpriority=\"high\" decoding=\"async\" width=\"1200\" height=\"849\" src=\"https:\/\/www.europesays.com\/ch-fr\/wp-content\/uploads\/2026\/03\/Capture-decran-2026-03-31-a-18.26.28-1200x849.png\" alt=\"\" class=\"wp-image-178873\"  \/><\/p>\n","protected":false},"excerpt":{"rendered":"National League \u2013 Quart (Bof 7, Acte VI) Lausanne HC \u2013 Gen\u00e8ve-Servette HC: 3-3 * Vaudoise Ar\u00e9na, Lausanne&hellip;\n","protected":false},"author":2,"featured_media":74210,"comment_status":"","ping_status":"","sticky":false,"template":"","format":"standard","meta":{"footnotes":"","_share_on_mastodon":"0"},"categories":[19],"tags":[19254,10848,177,746,747,18151,23],"class_list":["post-74209","post","type-post","status-publish","format-standard","has-post-thumbnail","category-lausanne","tag-game-center-nl","tag-geneve-servette-hc","tag-lausanne","tag-lausanne-hc","tag-nl","tag-playoffs-nl","tag-suisse"],"share_on_mastodon":{"url":"https:\/\/pubeurope.com\/@ch_fr\/116325754091403827","error":""},"_links":{"self":[{"href":"https:\/\/www.europesays.com\/ch-fr\/wp-json\/wp\/v2\/posts\/74209","targetHints":{"allow":["GET"]}}],"collection":[{"href":"https:\/\/www.europesays.com\/ch-fr\/wp-json\/wp\/v2\/posts"}],"about":[{"href":"https:\/\/www.europesays.com\/ch-fr\/wp-json\/wp\/v2\/types\/post"}],"author":[{"embeddable":true,"href":"https:\/\/www.europesays.com\/ch-fr\/wp-json\/wp\/v2\/users\/2"}],"replies":[{"embeddable":true,"href":"https:\/\/www.europesays.com\/ch-fr\/wp-json\/wp\/v2\/comments?post=74209"}],"version-history":[{"count":0,"href":"https:\/\/www.europesays.com\/ch-fr\/wp-json\/wp\/v2\/posts\/74209\/revisions"}],"wp:featuredmedia":[{"embeddable":true,"href":"https:\/\/www.europesays.com\/ch-fr\/wp-json\/wp\/v2\/media\/74210"}],"wp:attachment":[{"href":"https:\/\/www.europesays.com\/ch-fr\/wp-json\/wp\/v2\/media?parent=74209"}],"wp:term":[{"taxonomy":"category","embeddable":true,"href":"https:\/\/www.europesays.com\/ch-fr\/wp-json\/wp\/v2\/categories?post=74209"},{"taxonomy":"post_tag","embeddable":true,"href":"https:\/\/www.europesays.com\/ch-fr\/wp-json\/wp\/v2\/tags?post=74209"}],"curies":[{"name":"wp","href":"https:\/\/api.w.org\/{rel}","templated":true}]}}