{"id":74414,"date":"2026-04-01T00:53:06","date_gmt":"2026-04-01T00:53:06","guid":{"rendered":"https:\/\/www.europesays.com\/ch-fr\/74414\/"},"modified":"2026-04-01T00:53:06","modified_gmt":"2026-04-01T00:53:06","slug":"tiques-moustiques-le-risque-de-maladies-vectorielles-augmente-t-il-au-printemps","status":"publish","type":"post","link":"https:\/\/www.europesays.com\/ch-fr\/74414\/","title":{"rendered":"Tiques, moustiques : le risque de maladies vectorielles augmente-t-il au printemps ?"},"content":{"rendered":"<p class=\"mb-4 text-lg md:leading-8 break-words\">Avec le retour des temp\u00e9ratures cl\u00e9mentes, tiques et moustiques refont leur apparition. Derri\u00e8re ces piq\u00fbres parfois anodines se cachent des maladies dites vectorielles, transmises par ces insectes \u00ab d\u00e9voreurs de sang \u00bb. Un risque qui, au fil des ann\u00e9es, progresse aussi en France, en particulier d\u00e8s le printemps, p\u00e9riode cl\u00e9 de leur r\u00e9activation.<\/p>\n<p>D\u00e9finition : qu\u2019est-ce qu\u2019une maladie vectorielle ?<\/p>\n<p class=\"mb-4 text-lg md:leading-8 break-words\">Les maladies vectorielles sont des maladies infectieuses transmises par un vecteur vivant, comme un moustique, une tique ou un phl\u00e9botome (petits moucherons piqueurs).<\/p>\n<p class=\"mb-4 text-lg md:leading-8 break-words\">Ces insectes vecteurs, dits h\u00e9matophages car ils se nourrissent de sang, se contaminent en piquant un animal ou un humain infect\u00e9, puis transmettent \u00e0 leur tour le virus, la bact\u00e9rie ou le parasite lors d\u2019un nouveau repas sanguin. \u00ab Ce n\u2019est pas le contact entre deux personnes qui permet la transmission, mais le passage par un vecteur, qui fait le relais entre un individu infect\u00e9 et un autre \u00bb, pr\u00e9cise la docteure Doroth\u00e9e Boisseau, infectiologue.<\/p>\n<p class=\"mb-4 text-lg md:leading-8 break-words\">\u00c0 l\u2019\u00e9chelle mondiale, ces maladies repr\u00e9sentent un enjeu majeur de sant\u00e9 publique. Certaines, comme le paludisme, restent responsables de centaines de milliers de d\u00e9c\u00e8s chaque ann\u00e9e, principalement dans les zones tropicales.<\/p>\n<p class=\"mb-4 text-lg md:leading-8 break-words\">&#8230;<\/p>\n<p class=\"mb-4 text-lg md:leading-8 break-words\"><a href=\"https:\/\/www.santemagazine.fr\/sante\/maladies\/maladies-infectieuses\/tiques-moustiques-le-risque-de-maladies-vectorielles-augmente-t-il-au-printemps-1150318#at_medium=affiliate&amp;at_campaign=flux_rss&amp;at_type=Yahoo\" rel=\"nofollow noopener\" target=\"_blank\" data-ylk=\"slk:Lire la suite;elm:context_link;itc:0;sec:content-canvas\" data-yga=\"{&quot;yLinkElement&quot;:&quot;context_link&quot;,&quot;yModuleName&quot;:&quot;content-canvas&quot;,&quot;yLinkText&quot;:&quot;Lire la suite&quot;}\" class=\"link \">Lire la suite<\/a><\/p>\n","protected":false},"excerpt":{"rendered":"Avec le retour des temp\u00e9ratures cl\u00e9mentes, tiques et moustiques refont leur apparition. Derri\u00e8re ces piq\u00fbres parfois anodines se&hellip;\n","protected":false},"author":2,"featured_media":74415,"comment_status":"","ping_status":"","sticky":false,"template":"","format":"standard","meta":{"footnotes":"","_share_on_mastodon":"0"},"categories":[9],"tags":[83,22310,22311,6184,4458,84,23],"class_list":["post-74414","post","type-post","status-publish","format-standard","has-post-thumbnail","category-sante","tag-health","tag-insectes-vecteurs","tag-le-relais","tag-maladies-infectieuses","tag-moustiques","tag-sante","tag-suisse"],"share_on_mastodon":{"url":"https:\/\/pubeurope.com\/@ch_fr\/116326721317067100","error":""},"_links":{"self":[{"href":"https:\/\/www.europesays.com\/ch-fr\/wp-json\/wp\/v2\/posts\/74414","targetHints":{"allow":["GET"]}}],"collection":[{"href":"https:\/\/www.europesays.com\/ch-fr\/wp-json\/wp\/v2\/posts"}],"about":[{"href":"https:\/\/www.europesays.com\/ch-fr\/wp-json\/wp\/v2\/types\/post"}],"author":[{"embeddable":true,"href":"https:\/\/www.europesays.com\/ch-fr\/wp-json\/wp\/v2\/users\/2"}],"replies":[{"embeddable":true,"href":"https:\/\/www.europesays.com\/ch-fr\/wp-json\/wp\/v2\/comments?post=74414"}],"version-history":[{"count":0,"href":"https:\/\/www.europesays.com\/ch-fr\/wp-json\/wp\/v2\/posts\/74414\/revisions"}],"wp:featuredmedia":[{"embeddable":true,"href":"https:\/\/www.europesays.com\/ch-fr\/wp-json\/wp\/v2\/media\/74415"}],"wp:attachment":[{"href":"https:\/\/www.europesays.com\/ch-fr\/wp-json\/wp\/v2\/media?parent=74414"}],"wp:term":[{"taxonomy":"category","embeddable":true,"href":"https:\/\/www.europesays.com\/ch-fr\/wp-json\/wp\/v2\/categories?post=74414"},{"taxonomy":"post_tag","embeddable":true,"href":"https:\/\/www.europesays.com\/ch-fr\/wp-json\/wp\/v2\/tags?post=74414"}],"curies":[{"name":"wp","href":"https:\/\/api.w.org\/{rel}","templated":true}]}}