{"id":75816,"date":"2026-04-02T00:47:08","date_gmt":"2026-04-02T00:47:08","guid":{"rendered":"https:\/\/www.europesays.com\/ch-fr\/75816\/"},"modified":"2026-04-02T00:47:08","modified_gmt":"2026-04-02T00:47:08","slug":"ariane-brodier-revient-sur-sa-double-agression","status":"publish","type":"post","link":"https:\/\/www.europesays.com\/ch-fr\/75816\/","title":{"rendered":"Ariane Brodier revient sur sa double agression"},"content":{"rendered":"<p>\n    La com\u00e9dienne et animatrice de t\u00e9l\u00e9vision \u00e9tait l\u2019invit\u00e9e d\u2019Hugo Cl\u00e9ment dans son podcast \u00abSafe Pace\u00bb pour t\u00e9moigner des agressions subies, d\u2019abord par un chien puis par un homme, en novembre dernier alors qu\u2019elle \u00e9tait partie faire un footing.<\/p>\n<p class=\"fig-paragraph\">Maxime Grousset, C\u00e9cile Wolfrom, Alice Detollenare et maintenant\u00a0<a href=\"https:\/\/www.lefigaro.fr\/tag\/ariane-brodier\" target=\"_blank\" rel=\"noopener nofollow\" data-gtm-custom-categorie=\"navigation\" data-gtm-custom-action=\"crossclick\" data-gtm-custom-label=\"Contextuel\" data-gtm-event=\"customEventSPE\">Ariane Brodier<\/a> . Toutes les semaines, dans son podcast \u00abSafe Pace\u00bb,\u00a0<a href=\"https:\/\/www.lefigaro.fr\/tag\/hugo-clement\" target=\"_blank\" rel=\"noopener nofollow\" data-gtm-custom-categorie=\"navigation\" data-gtm-custom-action=\"crossclick\" data-gtm-custom-label=\"Contextuel\" data-gtm-event=\"customEventSPE\">Hugo Cl\u00e9ment<\/a>\u00a0et son \u00e9quipe d\u2019experts sportifs &#8211; compos\u00e9e de Charlotte Morel, Fred Belaubre et Hugo Tormento &#8211; re\u00e7oivent des invit\u00e9s pour aborder durant une heure une th\u00e9matique li\u00e9e aux sports d\u2019endurance.<\/p>\n<p class=\"fig-paragraph\">Apr\u00e8s avoir trait\u00e9 \u00ables cl\u00e9s pour mieux dormir\u00bb, \u00abcomment progresser en natation\u00a0?\u00bb, \u00able running\u00a0: rem\u00e8de anti-cancer\u00a0?\u00bb, l\u2019animateur de \u00abSur le Front\u00bb sur\u00a0<a href=\"https:\/\/tvmag.lefigaro.fr\/programme-tv\/chaine\/47\/tous-les-programmes-de-france-5\" target=\"_blank\" rel=\"noopener nofollow\" data-gtm-custom-categorie=\"navigation\" data-gtm-custom-action=\"crossclick\" data-gtm-custom-label=\"Contextuel\" data-gtm-event=\"customEventSPE\">France 5<\/a>\u00a0a choisi, ce lundi, un sujet autour des femmes coureuses et du harc\u00e8lement et des agressions. \u00abPour une femme, les sorties course \u00e0 pied peuvent parfois tourner au cauchemar\u00bb, souligne l\u2019\u00e9pisode qui re\u00e7oit Lucile Woodward, coach sportive et chroniqueuse dans \u00abLes Maternelles\u00bb et la com\u00e9dienne Ariane Brodier.<\/p>\n<p class=\"fig-body-link\">\n            \u00c0 lire aussi<br \/>\n        <a class=\"fig-body-link__link\" href=\"http:\/\/tvmag.lefigaro.fr\/programme-tv\/people\/cette-cicatrice-n-est-pas-une-honte-ariane-brodier-revient-sur-sa-violente-agression-20251217\" target=\"_blank\" data-fig-type=\"Article\" rel=\"noopener nofollow\" data-gtm-custom-categorie=\"navigation\" data-gtm-custom-action=\"crossclick\" data-gtm-custom-label=\"Contextuel\" data-gtm-event=\"customEventSPE\" data-fig-domain=\"TVMAG\"><\/p>\n<p>        \u00abCette cicatrice n\u2019est pas une honte\u00bb\u00a0: Ariane Brodier revient sur sa violente agression<br \/>\n    <\/a>\n<\/p>\n<p>                                                <a class=\"fig-a11y-skip\" href=\"#fig-a11y-skip-main-inarticle\" is=\"fig-a11y-skip\" data-trigger-mode=\"visible-once\"><br \/>\n    Passer la publicit\u00e9<br \/>\n<\/a>            <\/p>\n<p class=\"fig-paragraph\">Cette derni\u00e8re est revenue sur la double agression qu\u2019elle a subie en 2025, alors m\u00eame qu\u2019elle \u00e9tait partie pour deux footings distincts. \u00abAvant je courais \u00e0 5 heures du matin, je ne r\u00e9fl\u00e9chissais pas, j\u2019allais dehors, beaucoup dans la nature etc. [&#8230;] Maintenant, je r\u00e9fl\u00e9chis compl\u00e8tement diff\u00e9remment. Je ne cours plus pr\u00e8s de chez moi parce que je me suis fait agresser pr\u00e8s de chez moi. Quand il fait nuit, j\u2019y vais vraiment tranquillement\u00bb, a-t-elle list\u00e9, expliquant que son attention s\u2019\u00e9tait aiguis\u00e9e apr\u00e8s avoir \u00e9t\u00e9 agress\u00e9e une premi\u00e8re fois, le 20 novembre 2025.<\/p>\n<p class=\"fig-paragraph\">\u00abJ\u2019\u00e9tais en trail et je me suis fait mordre par un chien. Un chien qui m\u2019a charg\u00e9e, qui \u00e9tait avec une longe mais avec pas de ma\u00eetre au bout. Et vraiment, il m\u2019a charg\u00e9e, donc il m\u2019a mordue \u00e0 la main\u00bb, a expliqu\u00e9 Ariane Brodier dans le podcast avant de venir \u00e0 sa deuxi\u00e8me agression, subie trois jours seulement apr\u00e8s, le 23 novembre 2025. \u00abJ\u2019adore les chiens et je fais beaucoup de trail donc je sais que je suis amen\u00e9e \u00e0 rencontrer d\u2019autres chiens. Et c\u2019est quand m\u00eame hyper dommage d\u2019arr\u00eater une pratique parce que tu as peur\u00bb, s\u2019est-elle justifi\u00e9e en pr\u00e9cisant que cette fois, elle \u00e9tait partie courir accompagn\u00e9e elle aussi de son chien, \u00abpour ne pas devenir phobique\u00bb.<\/p>\n<p class=\"fig-paragraph\">\u00abJe ne vais pas entrer dans les d\u00e9tails, parce qu\u2019il y a une proc\u00e9dure judiciaire en cours, mais j\u2019ai crois\u00e9 quelqu\u2019un. Et cette personne &#8211; \u00e0 qui j\u2019ai juste demand\u00e9 d\u2019attacher son chien parce que je n\u2019\u00e9tais pas \u00e0 l\u2019aise avec \u00e7a, c\u2019\u00e9tait trop frais par rapport \u00e0 l\u2019agression &#8211; s\u2019est \u00e9nerv\u00e9e. \u00c7a s\u2019est envenim\u00e9, au final cette personne m\u2019a frapp\u00e9e et m\u2019a cass\u00e9e le nez. Il m\u2019a bien cass\u00e9 le nez, avant d\u2019avoir explos\u00e9 mon t\u00e9l\u00e9phone pendant que j\u2019\u00e9tais en train d\u2019appeler les secours\u00bb, a-t-elle racont\u00e9 tandis qu\u2019Hugo Cl\u00e9ment a insist\u00e9 sur le fait qu\u2019il s\u2019agissait d\u2019une \u00abfracture ouverte\u00bb. \u00abJ\u2019avais le nez ici, ce n\u2019\u00e9tait pas pratique\u00bb, a-t-elle ironis\u00e9 tout en montrant sa joue.<\/p>\n<p>                                                \u00abUn sc\u00e9nario classique d\u2019un homicide involontaire\u00bb<\/p>\n<p class=\"fig-paragraph\">\u00abJe me suis dit que c\u2019\u00e9tait le crescendo de l\u2019horreur, que peut-\u00eatre j\u2019\u00e9tais tomb\u00e9e sur quelqu\u2019un qui a un probl\u00e8me psychologique enfin que c\u2019est peut-\u00eatre mon dernier jour, a-t-elle confi\u00e9 face aux autres invit\u00e9s install\u00e9s autour de la table. Et d\u2019ailleurs, le m\u00e9decin l\u00e9giste m\u2019a dit\u00a0: \u201cVous savez, c\u2019est vraiment le sc\u00e9nario classique d\u2019un homicide involontaire\u201d. [&#8230;] Ce n\u2019est pas un sc\u00e9nario classique. On ne te p\u00e8te pas la gueule comme \u00e7a un dimanche apr\u00e8s-midi quand tu es en train de promener ton chien\u00bb, a expliqu\u00e9 celle qui \u00e9tait en \u00e9tat de sid\u00e9ration avant d\u2019ajouter\u00a0: \u00abEt surtout, je voulais calmer la personne et que le d\u00e9nouement soit un peu cool.\u00bb\u00a0<\/p>\n<p class=\"fig-paragraph\">Pr\u00e8s de six mois plus tard, Ariane Brodier s\u2019est confi\u00e9e sur les cons\u00e9quences de cette double agression. \u00abJ\u2019ai \u00e9t\u00e9 oblig\u00e9e de faire de l\u2019EMDR pour ne pas avoir peur des gens. Je n\u2019arrivais pas \u00e0 sortir faire des courses. Aujourd\u2019hui je n\u2019arrive pas \u00e0 sortir courir depuis chez moi, je suis oblig\u00e9e de prendre ma voiture et \u00e7a, \u00e7a me saoule. [&#8230;] C\u2019est pass\u00e9, et c\u2019est important d\u2019en parler\u00bb, a-t-elle martel\u00e9. Et de conclure avec les recommandations des forces de l\u2019ordre\u00a0: \u00abSuite \u00e0 l\u2019agression, la police m\u2019a dit\u00a0: \u201cLe meilleur comportement \u00e0 avoir lorsque tu es une femme et que tu te fais insulter c\u2019est se taire. Et \u00e7a me g\u00eane de dingue d\u2019entendre \u00e7a.\u00bb<\/p>\n","protected":false},"excerpt":{"rendered":"La com\u00e9dienne et animatrice de t\u00e9l\u00e9vision \u00e9tait l\u2019invit\u00e9e d\u2019Hugo Cl\u00e9ment dans son podcast \u00abSafe Pace\u00bb pour t\u00e9moigner des&hellip;\n","protected":false},"author":2,"featured_media":75817,"comment_status":"","ping_status":"","sticky":false,"template":"","format":"standard","meta":{"footnotes":"","_share_on_mastodon":"0"},"categories":[15],"tags":[502,158,157,113,112,8497,159,1091,23],"class_list":["post-75816","post","type-post","status-publish","format-standard","has-post-thumbnail","category-people","tag-agression","tag-celebrities","tag-celebrity","tag-divertissement","tag-entertainment","tag-hugo-clement","tag-people","tag-podcast","tag-suisse"],"share_on_mastodon":{"url":"https:\/\/pubeurope.com\/@ch_fr\/116332360032433213","error":""},"_links":{"self":[{"href":"https:\/\/www.europesays.com\/ch-fr\/wp-json\/wp\/v2\/posts\/75816","targetHints":{"allow":["GET"]}}],"collection":[{"href":"https:\/\/www.europesays.com\/ch-fr\/wp-json\/wp\/v2\/posts"}],"about":[{"href":"https:\/\/www.europesays.com\/ch-fr\/wp-json\/wp\/v2\/types\/post"}],"author":[{"embeddable":true,"href":"https:\/\/www.europesays.com\/ch-fr\/wp-json\/wp\/v2\/users\/2"}],"replies":[{"embeddable":true,"href":"https:\/\/www.europesays.com\/ch-fr\/wp-json\/wp\/v2\/comments?post=75816"}],"version-history":[{"count":0,"href":"https:\/\/www.europesays.com\/ch-fr\/wp-json\/wp\/v2\/posts\/75816\/revisions"}],"wp:featuredmedia":[{"embeddable":true,"href":"https:\/\/www.europesays.com\/ch-fr\/wp-json\/wp\/v2\/media\/75817"}],"wp:attachment":[{"href":"https:\/\/www.europesays.com\/ch-fr\/wp-json\/wp\/v2\/media?parent=75816"}],"wp:term":[{"taxonomy":"category","embeddable":true,"href":"https:\/\/www.europesays.com\/ch-fr\/wp-json\/wp\/v2\/categories?post=75816"},{"taxonomy":"post_tag","embeddable":true,"href":"https:\/\/www.europesays.com\/ch-fr\/wp-json\/wp\/v2\/tags?post=75816"}],"curies":[{"name":"wp","href":"https:\/\/api.w.org\/{rel}","templated":true}]}}