{"id":76059,"date":"2026-04-02T04:53:08","date_gmt":"2026-04-02T04:53:08","guid":{"rendered":"https:\/\/www.europesays.com\/ch-fr\/76059\/"},"modified":"2026-04-02T04:53:08","modified_gmt":"2026-04-02T04:53:08","slug":"ensisheim-un-mois-davril-sous-le-signe-de-la-bande-dessinee","status":"publish","type":"post","link":"https:\/\/www.europesays.com\/ch-fr\/76059\/","title":{"rendered":"Ensisheim. Un mois d\u2019avril sous le signe de la bande dessin\u00e9e"},"content":{"rendered":"<p>Le dessinateur et auteur de bande dessin\u00e9e mulhousien Enzo Berkati a travaill\u00e9 pour le journal Spirou et le r\u00e9seau Canop\u00e9 avant de d\u00e9velopper Mauvais Monstre , sa premi\u00e8re bande dessin\u00e9e, pour Gl\u00e9nat. En 2025, il \u00e9tait pr\u00e9sent sur la premi\u00e8re \u00e9dition du festival de BD d\u2019Ensisheim. Il expose jusqu\u2019au 11\u00a0avril \u00e0 la m\u00e9diath\u00e8que d\u2019Ensisheim, des dessins originaux r\u00e9alis\u00e9s durant les soir\u00e9es de \u00ab\u00a0murder party\u00a0\u00bb organis\u00e9es dans le cadre du <a href=\"https:\/\/www.lalsace.fr\/culture-loisirs\/2025\/06\/03\/la-bande-dessinee-en-vedette-a-la-mediatheque\" target=\"_blank\" rel=\"nofollow noopener\">festival de BD 2025<\/a>.<\/p>\n<p>Une mani\u00e8re d\u2019annoncer le temps fort de ce mois d\u2019avril \u00e0 Ensisheim avec la seconde \u00e9dition du P\u2019tit festi qui aura le lieu le samedi 25 avril prochain. La premi\u00e8re \u00e9dition avait \u00e9t\u00e9 un beau succ\u00e8s avec un millier d\u2019amateurs qui avaient r\u00e9pondu pr\u00e9sents et cette seconde \u00e9dition (dont nous reparlerons plus en d\u00e9tail) promet d\u00e9j\u00e0 beaucoup avec notamment la pr\u00e9sence d\u2019auteurs comme l\u2019illustratrice et dessinatrice Anne Teuf, autrice de <a href=\"https:\/\/www.lalsace.fr\/culture-loisirs\/2021\/03\/27\/l-alsace-d-une-guerre-a-l-autre-avec-finnele\" target=\"_blank\" rel=\"nofollow noopener\">Finnele<\/a>\u00a0aux \u00e9ditions Delcourt, ainsi que de Dawid, l\u2019auteur de la s\u00e9rie Supers , tr\u00e8s appr\u00e9ci\u00e9e des jeunes et moins jeunes.<\/p>\n<p>Conf\u00e9rence, rencontres, atelier, spectacle, troc BD solidaire, vente de BD et mangas et diff\u00e9rentes animations rythmeront cette seconde \u00e9dition o\u00f9 l\u2019entr\u00e9e sera libre. La semaine du P\u2019tit festi, la m\u00e9diath\u00e8que accueillera aussi du 21 au 25 avril, l\u2019exposition \u00ab\u00a0Supers\u2026 du sc\u00e9nario au dessin\u00a0\u00bb propos\u00e9e par Fr\u00e9d\u00e9ric Maupom\u00e9 et Dawid sur les coulisses de la cr\u00e9ation de leur s\u00e9rie BD.<\/p>\n<p>  Le dialecte s\u2019invite \u00e0 la m\u00e9diath\u00e8que<\/p>\n<p>Les autres rendez-vous de ce mois d\u2019avril\u00a0: le \u00a0 mardi 7\u00a0avril  \u00e0 20\u00a0h\u00a015 \u00e0 la R\u00e9gence, Lucie Wissenberg (Arch\u00e9ologie Alsace) et Jean-Luc Isner (architecte du patrimoine) viendront parler de la restauration du Palais de R\u00e9gence et des \u00e9tudes arch\u00e9ologiques qui ont \u00e9t\u00e9 men\u00e9es \u00a0 en parall\u00e8le. Une autre conf\u00e9rence, le  jeudi 16 \u00a0 avril  \u00e0 20\u00a0h \u00e0 la m\u00e9diath\u00e8que, intitul\u00e9e \u00ab \u00a0 le climat, et moi, et moi, et moi\u2026 \u00a0 \u00bb avec les <a href=\"https:\/\/www.lalsace.fr\/videos\/bas-rhin-les-shifters-en-action-pour-la-decarbonation-de-l-economie-3x55z0k?playlist=qlsfp5\" target=\"_blank\" rel=\"nofollow noopener\">Shifters<\/a> du Haut-Rhin mettra l\u2019accent sur le climat, l\u2019effet de serre et pr\u00e9sentera des solutions volontairement orient\u00e9es vers le quotidien du public (gratuit, r\u00e9servation obligatoire sur www.resa.ensisheim.net). La m\u00e9diath\u00e8que va aussi s\u2019ouvrir d\u00e9sormais au dialecte. \u00ab \u00a0 S\u2019Gibt e Mole \u00a0 \u00bb et des contes en Alsacien donne rendez-vous le samedi 18 \u00a0 avril \u00e0 11\u00a0h et le festival \u00ab\u00a0l\u2019Alsace se raconte\u00a0\u00bb se prolongera le mercredi 22 \u00a0 avril \u00e0 14\u00a0h avec Tisser le r\u00eave\/den Traum weben au palais de la R\u00e9gence. Un spectacle de contes de Lou Poirier et Franziska Braegger, pour tout public d\u00e8s 6 ans (gratuit, r\u00e9servation obligatoire sur www.resa.ensisheim.net).<\/p>\n<p class=\"note\">Renseignements au 03\u00a089\u00a026\u00a049\u00a054 et programme complet sur le site de la Ville d\u2019Ensisheim<\/p>\n","protected":false},"excerpt":{"rendered":"Le dessinateur et auteur de bande dessin\u00e9e mulhousien Enzo Berkati a travaill\u00e9 pour le journal Spirou et le&hellip;\n","protected":false},"author":2,"featured_media":76060,"comment_status":"","ping_status":"","sticky":false,"template":"","format":"standard","meta":{"footnotes":"","_share_on_mastodon":"0"},"categories":[10],"tags":[663,113,2655,22622,112,297,22623,23],"class_list":["post-76059","post","type-post","status-publish","format-standard","has-post-thumbnail","category-divertissement","tag-culture-loisirs","tag-divertissement","tag-edition-colmar-guebwiller","tag-ensisheim","tag-entertainment","tag-fil-info","tag-hardt","tag-suisse"],"share_on_mastodon":{"url":"https:\/\/pubeurope.com\/@ch_fr\/116333327332038982","error":""},"_links":{"self":[{"href":"https:\/\/www.europesays.com\/ch-fr\/wp-json\/wp\/v2\/posts\/76059","targetHints":{"allow":["GET"]}}],"collection":[{"href":"https:\/\/www.europesays.com\/ch-fr\/wp-json\/wp\/v2\/posts"}],"about":[{"href":"https:\/\/www.europesays.com\/ch-fr\/wp-json\/wp\/v2\/types\/post"}],"author":[{"embeddable":true,"href":"https:\/\/www.europesays.com\/ch-fr\/wp-json\/wp\/v2\/users\/2"}],"replies":[{"embeddable":true,"href":"https:\/\/www.europesays.com\/ch-fr\/wp-json\/wp\/v2\/comments?post=76059"}],"version-history":[{"count":0,"href":"https:\/\/www.europesays.com\/ch-fr\/wp-json\/wp\/v2\/posts\/76059\/revisions"}],"wp:featuredmedia":[{"embeddable":true,"href":"https:\/\/www.europesays.com\/ch-fr\/wp-json\/wp\/v2\/media\/76060"}],"wp:attachment":[{"href":"https:\/\/www.europesays.com\/ch-fr\/wp-json\/wp\/v2\/media?parent=76059"}],"wp:term":[{"taxonomy":"category","embeddable":true,"href":"https:\/\/www.europesays.com\/ch-fr\/wp-json\/wp\/v2\/categories?post=76059"},{"taxonomy":"post_tag","embeddable":true,"href":"https:\/\/www.europesays.com\/ch-fr\/wp-json\/wp\/v2\/tags?post=76059"}],"curies":[{"name":"wp","href":"https:\/\/api.w.org\/{rel}","templated":true}]}}