{"id":76434,"date":"2026-04-02T10:47:06","date_gmt":"2026-04-02T10:47:06","guid":{"rendered":"https:\/\/www.europesays.com\/ch-fr\/76434\/"},"modified":"2026-04-02T10:47:06","modified_gmt":"2026-04-02T10:47:06","slug":"itineraire-dune-enfant-pas-gatee","status":"publish","type":"post","link":"https:\/\/www.europesays.com\/ch-fr\/76434\/","title":{"rendered":"Itin\u00e9raire d\u2019une enfant pas g\u00e2t\u00e9e"},"content":{"rendered":"<p>Et si les absents \u00e9taient plus vivants que les vivants? Sur qui tombe la nuit est le premier roman de Marie Paule Istria. Inspir\u00e9 par sa vie et n\u00e9 \u00e0 la suite d\u2019un atelier d\u2019\u00e9criture, il prend forme gr\u00e2ce aux sollicitations de Vanessa Cafin, cofondatrice des Editions Livres Agit\u00e9s, qui encourage cette primo-romanci\u00e8re de 75 ans \u00e0 \u00e9crire.<\/p>\n<p>A la mort de son ex-compagnon, p\u00e8re de ses trois enfants, une femme se demande comment elle pourrait aider son fils et ses deux filles \u00e0 surmonter leur peine. Elle d\u00e9cide de leur cr\u00e9er des albums photos. Les clich\u00e9s qu\u2019elle retrouve et les \u00e9motions qu\u2019elle ressent elle-m\u00eame \u00e0 la suite de cette perte l\u2019emm\u00e8nent dans un chass\u00e9-crois\u00e9 de souvenirs et de questionnements. Les \u00e9vocations de son enfance, marqu\u00e9e par l\u2019abandon de sa m\u00e8re, s\u2019entrem\u00ealent avec le pr\u00e9sent et s\u2019ouvrent \u00e0 d\u2019autres souvenirs plus tardifs, dessinant en mosa\u00efque un parcours de femme \u00e0 travers l\u2019absence, le deuil, la maladie, la maternit\u00e9 et la r\u00e9silience.<\/p>\n<p>Au fil des pages, entre l\u2019Alg\u00e9rie et la France, on retrace avec elle les moments-cl\u00e9s de sa vie, impr\u00e9gn\u00e9e de litt\u00e9rature et de musique et \u00e9trangement li\u00e9e \u00e0 la mort. A mesure que les mensonges se d\u00e9lient et que les secrets se l\u00e8vent, on se retrouve \u00e0 vouloir comprendre autant qu\u2019elle les raisons qui ont pouss\u00e9 sa m\u00e8re \u00e0 l\u2019abandonner. Cette qu\u00eate tient le lecteur en haleine tout le long du texte. Les r\u00e9cits crois\u00e9s sont comme les brins d\u2019une tresse qui, \u00e0 force de s\u2019emm\u00ealer, tissent l\u2019image lumineuse d\u2019une femme qui essaie de sublimer son pass\u00e9, malgr\u00e9 les entraves qu\u2019elle va rencontrer sur son chemin.<\/p>\n<p>Marie Paule Istria, Sur qui tombe la nuit, Editions Livres Agit\u00e9s, 2026, 290 pp.<\/p>\n","protected":false},"excerpt":{"rendered":"Et si les absents \u00e9taient plus vivants que les vivants? Sur qui tombe la nuit est le premier&hellip;\n","protected":false},"author":2,"featured_media":76435,"comment_status":"","ping_status":"","sticky":false,"template":"","format":"standard","meta":{"footnotes":"","_share_on_mastodon":"0"},"categories":[10],"tags":[22710,113,112,23],"class_list":["post-76434","post","type-post","status-publish","format-standard","has-post-thumbnail","category-divertissement","tag-autofiction","tag-divertissement","tag-entertainment","tag-suisse"],"share_on_mastodon":{"url":"https:\/\/pubeurope.com\/@ch_fr\/116334719370974282","error":""},"_links":{"self":[{"href":"https:\/\/www.europesays.com\/ch-fr\/wp-json\/wp\/v2\/posts\/76434","targetHints":{"allow":["GET"]}}],"collection":[{"href":"https:\/\/www.europesays.com\/ch-fr\/wp-json\/wp\/v2\/posts"}],"about":[{"href":"https:\/\/www.europesays.com\/ch-fr\/wp-json\/wp\/v2\/types\/post"}],"author":[{"embeddable":true,"href":"https:\/\/www.europesays.com\/ch-fr\/wp-json\/wp\/v2\/users\/2"}],"replies":[{"embeddable":true,"href":"https:\/\/www.europesays.com\/ch-fr\/wp-json\/wp\/v2\/comments?post=76434"}],"version-history":[{"count":0,"href":"https:\/\/www.europesays.com\/ch-fr\/wp-json\/wp\/v2\/posts\/76434\/revisions"}],"wp:featuredmedia":[{"embeddable":true,"href":"https:\/\/www.europesays.com\/ch-fr\/wp-json\/wp\/v2\/media\/76435"}],"wp:attachment":[{"href":"https:\/\/www.europesays.com\/ch-fr\/wp-json\/wp\/v2\/media?parent=76434"}],"wp:term":[{"taxonomy":"category","embeddable":true,"href":"https:\/\/www.europesays.com\/ch-fr\/wp-json\/wp\/v2\/categories?post=76434"},{"taxonomy":"post_tag","embeddable":true,"href":"https:\/\/www.europesays.com\/ch-fr\/wp-json\/wp\/v2\/tags?post=76434"}],"curies":[{"name":"wp","href":"https:\/\/api.w.org\/{rel}","templated":true}]}}