{"id":82618,"date":"2026-04-07T23:10:23","date_gmt":"2026-04-07T23:10:23","guid":{"rendered":"https:\/\/www.europesays.com\/ch-fr\/82618\/"},"modified":"2026-04-07T23:10:23","modified_gmt":"2026-04-07T23:10:23","slug":"apres-8-ans-dans-un-si-grand-soleil-ce-personnage-historique-sen-va-nous-etions-sans-doute-arrives-au-bout-dun-long-chemin","status":"publish","type":"post","link":"https:\/\/www.europesays.com\/ch-fr\/82618\/","title":{"rendered":"Apr\u00e8s 8 ans dans Un si grand soleil, ce personnage historique s&rsquo;en va : \u00ab\u00a0Nous \u00e9tions sans doute arriv\u00e9s au bout d&rsquo;un long chemin\u00a0\u00bb"},"content":{"rendered":"<p>Dans Un si grand soleil sur France 3, de nouveaux personnages arrivent, d&rsquo;autres partent, et d&rsquo;autres encore reviennent. L&rsquo;interpr\u00e8te de l&rsquo;un des protagonistes historiques du feuilleton a fait savoir qu&rsquo;il allait bient\u00f4t le quitter pour d&rsquo;autres aventures professionnelles.<\/p>\n<p>En ce moment dans Un si grand soleil sur France 3, le couple Johanna (<a href=\"https:\/\/www.programme-tv.net\/biographie\/210077-delplace-aurore\/\" data-link-people=\"48d5eb41-76bb-4460-8044-3f5639952e91\" rel=\"nofollow noopener\" target=\"_blank\">Aurore Delplace<\/a>) \/ Yann (<a href=\"https:\/\/www.programme-tv.net\/news\/series-tv\/274647-un-si-grand-soleil-france-2-qui-est-constantin-balsan-linterprete-du-lieutenant-yann-cross\/\" data-api-deeplink=\"teleloisirs:\/\/news\/274647\" rel=\"nofollow noopener\" target=\"_blank\">Constantin Balsan<\/a>) a vol\u00e9 en \u00e9clats apr\u00e8s la r\u00e9v\u00e9lation de l&rsquo;infid\u00e9lit\u00e9 de ce dernier. Une situation qui a donn\u00e9 lieu au tournage de <a href=\"https:\/\/www.programme-tv.net\/news\/series-tv\/400231-j-ai-mis-une-gifle-a-constantin-une-vraie-de-vraie-aurore-delplace-un-si-grand-soleil-choquee-par-la-rupture-entre-johanna-et-yann\/\" data-api-deeplink=\"teleloisirs:\/\/news\/400231\" rel=\"nofollow noopener\" target=\"_blank\">sc\u00e8nes tr\u00e8s intenses, pour Aurore Delplace<\/a> comme <a href=\"https:\/\/www.programme-tv.net\/news\/series-tv\/399829-constantin-balsan-un-si-grand-soleil-reagit-a-la-rupture-entre-yann-et-johanna-cest-la-premiere-fois-que-je-quitte-une-scene-aussi-atteint\/\" data-api-deeplink=\"teleloisirs:\/\/news\/399829\" rel=\"nofollow noopener\" target=\"_blank\">pour Constantin Balsan<\/a>. Le personnage de Yann va ainsi sortir un peu des radars, mais il n&rsquo;est pas le seul !<\/p>\n<p>R\u00e9cemment, vous avez pu voir revenir Akim (A\u00efssam Medhem) le temps d&rsquo;une enqu\u00eate de l&rsquo;IGPN, mais il va ensuite retourner \u00e0 Marseille o\u00f9 il vit \u00e0 pr\u00e9sent. Quant \u00e0 <a href=\"https:\/\/www.programme-tv.net\/news\/series-tv\/399504-un-si-grand-soleil-lola-klodawski-elodie-devoile-les-vraies-raisons-de-son-depart-de-la-serie\/\" data-api-deeplink=\"teleloisirs:\/\/news\/399504\" rel=\"nofollow noopener\" target=\"_blank\">Elodie (Lola Klodawski), elle a d\u00e9cid\u00e9 de quitter Montpellier<\/a> pour tourner la page de son histoire avec Pauline. Une valse des personnages qui n&rsquo;a rien d&rsquo;inhabituel pour un feuilleton quotidien.<\/p>\n<p>Un si grand soleil : \u00ab\u00a0Je quitte la s\u00e9rie sans aucune amertume\u00a0\u00bb, souligne Bertrand Farge (Victor)<\/p>\n<p>Et en effet, un acteur historique du feuilleton quotidien a annonc\u00e9 son d\u00e9part dans un post publi\u00e9 sur son compte Facebook. Bertrand Farge, qui interpr\u00e8te Victor Estrella depuis le lancement de la s\u00e9rie en 2018, a partag\u00e9 la nouvelle : \u00ab\u00a0Nous \u00e9tions sans doute, la production et moi, arriv\u00e9s au bout d&rsquo;un long chemin (presque 8 ans !) et je quitte la s\u00e9rie sans aucune amertume, au contraire&#8230;\u00a0\u00bb<\/p>\n<p>Et l&rsquo;acteur de poursuivre : \u00ab\u00a0J&rsquo;y ai rencontr\u00e9 des gens formidables, et ai toujours travaill\u00e9 dans d&rsquo;excellentes conditions. Je garderai juste de beaux souvenirs.\u00a0\u00bb Avant de laisser la possibilit\u00e9 \u00e0 un \u00e9ventuel retour plus tard : \u00ab\u00a0Qui sait, peut-\u00eatre que Victor n&rsquo;a pas dit son dernier mot&#8230; En tout cas, de mon c\u00f4t\u00e9, je ne ferme pas la porte&#8230;\u00a0\u00bb<\/p>\n<p>Un si grand soleil : Que devient le personnage de Victor Estrella ?<\/p>\n<p>Victor Estrella va donc quitter Montpellier mais pour aller o\u00f9 ? Il va \u00ab\u00a0rejoindre son fils (Olivier) pour le voir grandir, avec son ex (Ad\u00e8le) tout l\u00e0-haut en Lorraine (diffusion \u00e0 partir du 27 avril, je pense)\u00a0\u00bb, a expliqu\u00e9 la com\u00e9dien sur Facebook.<\/p>\n<p>Mais ce n&rsquo;est pas tout ! Figurez-vous que Victor va revendre la paillote \u00ab\u00a0\u00e0 un personnage haut en couleur, qui va donner une nouvelle ambiance aux &lsquo;Sauvages&rsquo; c&rsquo;est certain (et qui sera \u00e9paul\u00e9 par ma tr\u00e8s ch\u00e8re Emma (Sarah Jague)&#8230;\u00a0\u00bb<\/p>\n","protected":false},"excerpt":{"rendered":"Dans Un si grand soleil sur France 3, de nouveaux personnages arrivent, d&rsquo;autres partent, et d&rsquo;autres encore reviennent.&hellip;\n","protected":false},"author":2,"featured_media":82619,"comment_status":"","ping_status":"","sticky":false,"template":"","format":"standard","meta":{"footnotes":"","_share_on_mastodon":"0"},"categories":[13],"tags":[489,113,18367,112,1691,23,142,4568],"class_list":["post-82618","post","type-post","status-publish","format-standard","has-post-thumbnail","category-television","tag-commentaire","tag-divertissement","tag-du00e9part","tag-entertainment","tag-france-3","tag-suisse","tag-television","tag-un-si-grand-soleil"],"share_on_mastodon":{"url":"https:\/\/pubeurope.com\/@ch_fr\/116365952535600292","error":""},"_links":{"self":[{"href":"https:\/\/www.europesays.com\/ch-fr\/wp-json\/wp\/v2\/posts\/82618","targetHints":{"allow":["GET"]}}],"collection":[{"href":"https:\/\/www.europesays.com\/ch-fr\/wp-json\/wp\/v2\/posts"}],"about":[{"href":"https:\/\/www.europesays.com\/ch-fr\/wp-json\/wp\/v2\/types\/post"}],"author":[{"embeddable":true,"href":"https:\/\/www.europesays.com\/ch-fr\/wp-json\/wp\/v2\/users\/2"}],"replies":[{"embeddable":true,"href":"https:\/\/www.europesays.com\/ch-fr\/wp-json\/wp\/v2\/comments?post=82618"}],"version-history":[{"count":0,"href":"https:\/\/www.europesays.com\/ch-fr\/wp-json\/wp\/v2\/posts\/82618\/revisions"}],"wp:featuredmedia":[{"embeddable":true,"href":"https:\/\/www.europesays.com\/ch-fr\/wp-json\/wp\/v2\/media\/82619"}],"wp:attachment":[{"href":"https:\/\/www.europesays.com\/ch-fr\/wp-json\/wp\/v2\/media?parent=82618"}],"wp:term":[{"taxonomy":"category","embeddable":true,"href":"https:\/\/www.europesays.com\/ch-fr\/wp-json\/wp\/v2\/categories?post=82618"},{"taxonomy":"post_tag","embeddable":true,"href":"https:\/\/www.europesays.com\/ch-fr\/wp-json\/wp\/v2\/tags?post=82618"}],"curies":[{"name":"wp","href":"https:\/\/api.w.org\/{rel}","templated":true}]}}